{"id":75481,"date":"2016-02-28T05:18:02","date_gmt":"2016-02-28T04:18:02","guid":{"rendered":"http:\/\/gazdasagportal.hu\/?p=75481"},"modified":"2016-02-27T21:32:18","modified_gmt":"2016-02-27T20:32:18","slug":"illegalis-bevandorlas-segiteni-kell-a-menekulteknek-de-a-migracios-folyamatot-ellenorizni-kell","status":"publish","type":"post","link":"https:\/\/gazdasagportal.hu\/index.php\/illegalis-bevandorlas-segiteni-kell-a-menekulteknek-de-a-migracios-folyamatot-ellenorizni-kell\/","title":{"rendered":"Seg\u00edteni kell a menek\u00fclteknek, de a migr\u00e1ci\u00f3s folyamatot ellen\u0151rizni kell"},"content":{"rendered":"<p><strong>Seg\u00edteni kell az Eur\u00f3p\u00e1ba \u00e9rkez\u0151 menek\u00fclteknek, ugyanakkor a migr\u00e1ci\u00f3s folyamatot ellen\u0151rizni kell &#8211; jelentette ki Andrej Kiska szlov\u00e1k \u00e1llamf\u0151 abban az interj\u00faban, amelyet szombaton este sug\u00e1rzott a cseh k\u00f6zszolg\u00e1lati h\u00edrtelev\u00edzi\u00f3 (CT24).<\/strong><!--more--><\/p>\n<div class=\"ads-in-post1\"><div id=\"gazdasagportal.hu_fullbanner_wideboard\"><\/div>\r\n<\/div>\n<p>    A szlov\u00e1k k\u00f6zt\u00e1rsas\u00e1gi eln\u00f6k szerint els\u0151sorban azt kell ellen\u0151rizni, hogy a migr\u00e1nsok k\u00f6z\u00f6tt nincsenek-e terrorist\u00e1k vagy b\u0171n\u00f6z\u0151k.<br \/>\n    &#8222;Logikus, hogy ha seg\u00edteni akarunk nekik, akkor ellen\u0151rizn\u00fcnk is kell \u0151ket. Ellen\u0151rizn\u00fcnk kell, hogy nem gazdas\u00e1gi migr\u00e1nsokr\u00f3l van-e sz\u00f3, hogy nem csak a jobb \u00e9let rem\u00e9ny\u00e9ben j\u00f6nnek-e ide, nem sz\u00e1rmaznak-e biztons\u00e1gos orsz\u00e1gokb\u00f3l, s nincsenek-e k\u00f6z\u00f6tt\u00fck b\u0171n\u00f6z\u0151k vagy potenci\u00e1lis terrorist\u00e1k&#8221; &#8211; jelentette ki. &#8222;A migr\u00e1ci\u00f3s, befogad\u00e1si folyamatot ellen\u0151rz\u00e9s alatt kell tartani&#8221; &#8211; hangs\u00falyozta a szlov\u00e1k \u00e1llamf\u0151.<br \/>\n    M\u00edg Robert Fico szlov\u00e1k minisztereln\u00f6k hat\u00e1rozottan elutas\u00edtja a menek\u00fcltek befogad\u00e1s\u00e1t, az \u00e1llamf\u0151 j\u00f3val meg\u00e9rt\u0151bb vel\u00fck szemben. &#8222;Mint sikeres orsz\u00e1gnak, erk\u00f6lcsi k\u00f6teless\u00e9g\u00fcnk m\u00e9rlegelni, hogyan tudn\u00e1nk seg\u00edteni azoknak az embereknek, akik \u00e9let\u00fck megment\u00e9se \u00e9rdek\u00e9ben menek\u00fclnek&#8221; &#8211; v\u00e9lekedett Andrej Kiska. Hozz\u00e1tette: ezek az emberek val\u00f3ban neh\u00e9z helyzetben vannak, ha hajland\u00f3ak az Eur\u00f3p\u00e1ba vezet\u0151 kock\u00e1zatos \u00e9s vesz\u00e9lyes utat v\u00e1llalni.<br \/>\n    Kiska elmondta: a k\u00f6zelm\u00faltban l\u00e1togat\u00e1st tett egy menek\u00fcltt\u00e1borban, ahol meghallgatta az emberek besz\u00e1mol\u00f3it. &#8222;Az ilyen embereknek, akiknek val\u00f3ban sz\u00fcks\u00e9g\u00fck van a seg\u00edts\u00e9gre, egy ilyen sikeres orsz\u00e1gnak, mint Szlov\u00e1kia, seg\u00edts\u00e9get kell ny\u00fajtania&#8221; &#8211; hangs\u00falyozta Andrej Kiska a cseh telev\u00edzi\u00f3ban k\u00f6zvet\u00edtett interj\u00faj\u00e1ban.(MTI)<\/p>\n","protected":false},"excerpt":{"rendered":"<p>Seg\u00edteni kell az Eur\u00f3p\u00e1ba \u00e9rkez\u0151 menek\u00fclteknek, ugyanakkor a migr\u00e1ci\u00f3s folyamatot ellen\u0151rizni kell &#8211; jelentette ki Andrej Kiska szlov\u00e1k \u00e1llamf\u0151 abban az interj\u00faban, amelyet szombaton este sug\u00e1rzott a cseh k\u00f6zszolg\u00e1lati h\u00edrtelev\u00edzi\u00f3 (CT24).<\/p>\n","protected":false},"author":1,"featured_media":0,"comment_status":"open","ping_status":"closed","sticky":false,"template":"","format":"standard","meta":[],"categories":[12],"tags":[],"_links":{"self":[{"href":"https:\/\/gazdasagportal.hu\/index.php\/wp-json\/wp\/v2\/posts\/75481"}],"collection":[{"href":"https:\/\/gazdasagportal.hu\/index.php\/wp-json\/wp\/v2\/posts"}],"about":[{"href":"https:\/\/gazdasagportal.hu\/index.php\/wp-json\/wp\/v2\/types\/post"}],"author":[{"embeddable":true,"href":"https:\/\/gazdasagportal.hu\/index.php\/wp-json\/wp\/v2\/users\/1"}],"replies":[{"embeddable":true,"href":"https:\/\/gazdasagportal.hu\/index.php\/wp-json\/wp\/v2\/comments?post=75481"}],"version-history":[{"count":2,"href":"https:\/\/gazdasagportal.hu\/index.php\/wp-json\/wp\/v2\/posts\/75481\/revisions"}],"predecessor-version":[{"id":75483,"href":"https:\/\/gazdasagportal.hu\/index.php\/wp-json\/wp\/v2\/posts\/75481\/revisions\/75483"}],"wp:attachment":[{"href":"https:\/\/gazdasagportal.hu\/index.php\/wp-json\/wp\/v2\/media?parent=75481"}],"wp:term":[{"taxonomy":"category","embeddable":true,"href":"https:\/\/gazdasagportal.hu\/index.php\/wp-json\/wp\/v2\/categories?post=75481"},{"taxonomy":"post_tag","embeddable":true,"href":"https:\/\/gazdasagportal.hu\/index.php\/wp-json\/wp\/v2\/tags?post=75481"}],"curies":[{"name":"wp","href":"https:\/\/api.w.org\/{rel}","templated":true}]}}