{"id":75476,"date":"2016-02-28T04:10:31","date_gmt":"2016-02-28T03:10:31","guid":{"rendered":"http:\/\/gazdasagportal.hu\/?p=75476"},"modified":"2016-02-27T21:17:29","modified_gmt":"2016-02-27T20:17:29","slug":"illegalis-bevandorlas-keszenleti-szolgalatot-rendelt-el-bacs-kiskun-es-csongrad-megyeben-a-rendorfokapitany","status":"publish","type":"post","link":"https:\/\/gazdasagportal.hu\/index.php\/illegalis-bevandorlas-keszenleti-szolgalatot-rendelt-el-bacs-kiskun-es-csongrad-megyeben-a-rendorfokapitany\/","title":{"rendered":"K\u00e9szenl\u00e9tben a magyar rend\u0151r\u00f6k a v\u00e1rhat\u00f3 migr\u00e1nshull\u00e1m miatt"},"content":{"rendered":"<p><strong>Papp K\u00e1roly orsz\u00e1gos rend\u0151rf\u0151kapit\u00e1ny k\u00e9szenl\u00e9ti szolg\u00e1latot rendelt el p\u00e9ntek d\u00e9lut\u00e1nt\u00f3l a B\u00e1cs-Kiskun \u00e9s a Csongr\u00e1d Megyei Rend\u0151r-f\u0151kapit\u00e1nys\u00e1g, valamint a K\u00e9szenl\u00e9ti Rend\u0151rs\u00e9g Hat\u00e1rrend\u00e9szeti Igazgat\u00f3s\u00e1g k\u00e9t hat\u00e1rvad\u00e1sz bevet\u00e9si oszt\u00e1ly\u00e1nak hivat\u00e1sos \u00e1llom\u00e1nya r\u00e9sz\u00e9re.<\/strong><!--more--><\/p>\n<div class=\"ads-in-post1\"><div id=\"gazdasagportal.hu_fullbanner_wideboard\"><\/div>\r\n<\/div>\n<p>    Az Orsz\u00e1gos Rend\u0151r-f\u0151kapit\u00e1nys\u00e1g (ORFK) szombaton, az MTI-nek k\u00fcld\u00f6tt t\u00e1j\u00e9koztat\u00e1sa szerint a k\u00e9szenl\u00e9ti szolg\u00e1lat elrendel\u00e9s\u00e9re a szomsz\u00e9dos orsz\u00e1gokban &#8211; Ausztri\u00e1ban, Szlov\u00e9ni\u00e1ban, Horv\u00e1torsz\u00e1gban \u00e9s Szerbi\u00e1ban &#8211; az illeg\u00e1lis bev\u00e1ndorl\u00e1ssal \u00f6sszef\u00fcgg\u00e9sben bevezetett int\u00e9zked\u00e9sek miatt volt sz\u00fcks\u00e9g.<br \/>\n    Az ORFK az Origo.hu-nak arra a k\u00e9rd\u00e9sre, milyen \u00fajabb fejlem\u00e9nyre sz\u00e1m\u00edtanak a menek\u00fcltekkel kapcsolatban, azt \u00edrt\u00e1k, folyamatosan elemzik a balk\u00e1ni esem\u00e9nyeket \u00e9s ennek alapj\u00e1n int\u00e9zkedtek.(MTI)<\/p>\n","protected":false},"excerpt":{"rendered":"<p>Papp K\u00e1roly orsz\u00e1gos rend\u0151rf\u0151kapit\u00e1ny k\u00e9szenl\u00e9ti szolg\u00e1latot rendelt el p\u00e9ntek d\u00e9lut\u00e1nt\u00f3l a B\u00e1cs-Kiskun \u00e9s a Csongr\u00e1d Megyei Rend\u0151r-f\u0151kapit\u00e1nys\u00e1g, valamint a K\u00e9szenl\u00e9ti Rend\u0151rs\u00e9g Hat\u00e1rrend\u00e9szeti Igazgat\u00f3s\u00e1g k\u00e9t hat\u00e1rvad\u00e1sz bevet\u00e9si oszt\u00e1ly\u00e1nak hivat\u00e1sos \u00e1llom\u00e1nya r\u00e9sz\u00e9re.<\/p>\n","protected":false},"author":1,"featured_media":0,"comment_status":"open","ping_status":"closed","sticky":false,"template":"","format":"standard","meta":[],"categories":[4],"tags":[],"_links":{"self":[{"href":"https:\/\/gazdasagportal.hu\/index.php\/wp-json\/wp\/v2\/posts\/75476"}],"collection":[{"href":"https:\/\/gazdasagportal.hu\/index.php\/wp-json\/wp\/v2\/posts"}],"about":[{"href":"https:\/\/gazdasagportal.hu\/index.php\/wp-json\/wp\/v2\/types\/post"}],"author":[{"embeddable":true,"href":"https:\/\/gazdasagportal.hu\/index.php\/wp-json\/wp\/v2\/users\/1"}],"replies":[{"embeddable":true,"href":"https:\/\/gazdasagportal.hu\/index.php\/wp-json\/wp\/v2\/comments?post=75476"}],"version-history":[{"count":2,"href":"https:\/\/gazdasagportal.hu\/index.php\/wp-json\/wp\/v2\/posts\/75476\/revisions"}],"predecessor-version":[{"id":75480,"href":"https:\/\/gazdasagportal.hu\/index.php\/wp-json\/wp\/v2\/posts\/75476\/revisions\/75480"}],"wp:attachment":[{"href":"https:\/\/gazdasagportal.hu\/index.php\/wp-json\/wp\/v2\/media?parent=75476"}],"wp:term":[{"taxonomy":"category","embeddable":true,"href":"https:\/\/gazdasagportal.hu\/index.php\/wp-json\/wp\/v2\/categories?post=75476"},{"taxonomy":"post_tag","embeddable":true,"href":"https:\/\/gazdasagportal.hu\/index.php\/wp-json\/wp\/v2\/tags?post=75476"}],"curies":[{"name":"wp","href":"https:\/\/api.w.org\/{rel}","templated":true}]}}