{"id":75462,"date":"2016-02-27T14:36:47","date_gmt":"2016-02-27T13:36:47","guid":{"rendered":"http:\/\/gazdasagportal.hu\/?p=75462"},"modified":"2016-02-27T14:36:47","modified_gmt":"2016-02-27T13:36:47","slug":"magyarorszag-europai-osszehasonlitasban-elen-jar-az-adossagcsokkentesben","status":"publish","type":"post","link":"https:\/\/gazdasagportal.hu\/index.php\/magyarorszag-europai-osszehasonlitasban-elen-jar-az-adossagcsokkentesben\/","title":{"rendered":"Magyarorsz\u00e1g eur\u00f3pai \u00f6sszehasonl\u00edt\u00e1sban \u00e9len j\u00e1r az ad\u00f3ss\u00e1gcs\u00f6kkent\u00e9sben"},"content":{"rendered":"<p><strong>Eur\u00f3pai \u00f6sszehasonl\u00edt\u00e1sban Magyarorsz\u00e1gon cs\u00f6kkent a legnagyobb ar\u00e1nyban az \u00e1llamad\u00f3ss\u00e1g az elm\u00falt \u00e9vekben &#8211; hangs\u00falyozta Varga Mih\u00e1ly szombaton a Sz\u00e1zadv\u00e9g Gazdas\u00e1gkutat\u00f3 Zrt. \u00e1ltal rendezett konferenci\u00e1n, ahol azt is meger\u0151s\u00edtette, n\u00e9h\u00e1ny \u00e9v alatt el\u00e9rhet\u0151, hogy hi\u00e1ny n\u00e9lk\u00fcl m\u0171k\u00f6dj\u00f6n a magyar \u00e1llam.<\/strong><!--more--><\/p>\n<div class=\"ads-in-post1\"><div id=\"gazdasagportal.hu_fullbanner_wideboard\"><\/div>\r\n<\/div>\n<p>    A Cs\u00f6kken\u0151 \u00e1llamad\u00f3ss\u00e1g &#8211; b\u0151v\u00fcl\u0151 gazdas\u00e1g elnevez\u00e9s\u0171 konferenci\u00e1n a nemzetgazdas\u00e1gi miniszter ismertette, 2010 \u00f3ta &#8211; az uni\u00f3s \u00e1llamok k\u00f6z\u00fcl &#8211; Magyarorsz\u00e1gnak siker\u00fclt a legnagyobb m\u00e9rt\u00e9kben, a brutt\u00f3 hazai term\u00e9k (GDP) ar\u00e1ny\u00e1ban 8,2 sz\u00e1zal\u00e9kponttal &#8211; 75,5 sz\u00e1zal\u00e9kra &#8211; cs\u00f6kkentenie az ad\u00f3ss\u00e1gr\u00e1t\u00e1t, ahogyan egyed\u00fcl itt t\u00f6retlen a cs\u00f6kken\u00e9s folyamata is.<br \/>\n    Kiemelte: n\u00e9h\u00e1ny \u00e9v alatt el lehet jutni a GDP-ar\u00e1nyosan nulla sz\u00e1zal\u00e9kos p\u00e9nzforgalmi hi\u00e1nyt\u00f3l a nulla sz\u00e1zal\u00e9kos eredm\u00e9nyszeml\u00e9let\u0171 k\u00f6lts\u00e9gvet\u00e9si hi\u00e1nyhoz. Mint mondta, ez nem lesz egyszer\u0171 feladat, de a magyar gazdas\u00e1gpolitika elsz\u00e1nt, hogy megtegye a sz\u00fcks\u00e9ges l\u00e9p\u00e9seket a foglalkoztat\u00e1s b\u0151v\u00edt\u00e9se, a versenyk\u00e9pess\u00e9g jav\u00edt\u00e1sa \u00e9s az iparpolitikai fejleszt\u00e9sek megval\u00f3s\u00edt\u00e1sa ter\u00e9n.<br \/>\n    Az \u00e1llamad\u00f3ss\u00e1g cs\u00f6kkent\u00e9s\u00e9vel Magyarorsz\u00e1g N\u00e9metorsz\u00e1ggal, Lettorsz\u00e1ggal \u00e9s Lengyelorsz\u00e1ggal egy\u00fctt abban a sz\u0171k klubban van, amely orsz\u00e1gok a gazdas\u00e1gi v\u00e1ls\u00e1g ellen\u00e9re is ad\u00f3ss\u00e1gcs\u00f6kkent\u00e9si p\u00e1ly\u00e1n tudtak maradni &#8211; mondta.<br \/>\n    Kit\u00e9rt arra is, hogy a 2002-2010 k\u00f6z\u00f6tti rossz gazdas\u00e1gpolitikai d\u00f6nt\u00e9sek miatt &#8222;brut\u00e1lisan&#8221; megn\u00f6vekedett az \u00e1llamad\u00f3ss\u00e1g, r\u00e1ad\u00e1sul a gazdas\u00e1gi n\u00f6veked\u00e9s is elmaradt a r\u00e9gi\u00f3\u00e9t\u00f3l, mik\u00f6zben k\u00fclf\u00f6ldi k\u00e9zbe ker\u00fclt az ad\u00f3ss\u00e1g nagy r\u00e9sze, \u00edgy megn\u0151tt az orsz\u00e1g s\u00e9r\u00fcl\u00e9kenys\u00e9ge.<br \/>\n    A kelet-eur\u00f3pai t\u00e9rs\u00e9g az Eur\u00f3pai Uni\u00f3 gazdas\u00e1g\u00e1nak h\u00faz\u00f3ereje; Magyarorsz\u00e1gon id\u00e9n \u00e9s j\u00f6v\u0151re is 3 sz\u00e1zal\u00e9k k\u00f6r\u00fcli lehet a n\u00f6veked\u00e9s, ha ink\u00e1bb alulr\u00f3l is k\u00f6zel\u00edt majd hozz\u00e1 &#8211; mondta Varga Mih\u00e1ly. Az uni\u00f3 \u00e1tlagos n\u00f6veked\u00e9se 1,5-1,8 sz\u00e1zal\u00e9k k\u00f6z\u00f6tt volt, Magyarorsz\u00e1gnak mindig e felett kell maradnia a felz\u00e1rk\u00f3z\u00e1shoz &#8211; tette hozz\u00e1.<br \/>\n    Meger\u0151s\u00edtette: tov\u00e1bbra is van rem\u00e9ny arra, hogy a m\u00falt \u00e9vi k\u00f6lts\u00e9gvet\u00e9si hi\u00e1ny 2 sz\u00e1zal\u00e9k alatti lesz a v\u00e9gleges adatok ismeret\u00e9ben, ami jelent\u0151sen alatta van a tervezett 2,4 sz\u00e1zal\u00e9knak. Teh\u00e1t a gazdas\u00e1gpolitika olyan eszk\u00f6z\u00f6ket tudott alkalmazni, amelyek \u00e9ven bel\u00fcl is kedvez\u0151 p\u00e1ly\u00e1ra \u00e1ll\u00edtott\u00e1k a fisk\u00e1lis folyamatokat &#8211; mondta.<br \/>\n    Kov\u00e1cs \u00c1rp\u00e1d, a K\u00f6lts\u00e9gvet\u00e9si Tan\u00e1cs eln\u00f6ke el\u0151ad\u00e1s\u00e1ban kiemelte: a gazdas\u00e1g teljes\u00edtm\u00e9ny\u00e9nek javul\u00e1sa, a bev\u00e9telek tov\u00e1bbi er\u0151s\u00edt\u00e9se, a kiad\u00e1sok k\u00e9zbentart\u00e1sa eredm\u00e9nyek\u00e9nt v\u00e1lhat el\u0151bb vagy ut\u00f3bb az \u00e1llamh\u00e1ztart\u00e1s &#8211; uni\u00f3s m\u00f3dszertan szerinti &#8211; egyenlege nullszald\u00f3ss\u00e1. Hozz\u00e1tette: 2,5 sz\u00e1zal\u00e9kos \u00e1tlagos n\u00f6veked\u00e9s mellett 2027-re cs\u00f6kkenhet 60 sz\u00e1zal\u00e9k al\u00e1 az \u00e1llamad\u00f3ss\u00e1g. A gyorsabb n\u00f6veked\u00e9s \u00e9s a nullszald\u00f3s vagy pozit\u00edv egyenleg\u0171 \u00e1llamh\u00e1ztart\u00e1s ezt az id\u0151pontot kor\u00e1bbra hozn\u00e1 &#8211; jegyezte meg.<br \/>\n    Hangs\u00falyozta: a GDP-ar\u00e1nyos \u00e1llamad\u00f3ss\u00e1g fenntarthat\u00f3 cs\u00f6kkent\u00e9s\u00e9hez els\u0151sorban a n\u00f6veked\u00e9si k\u00e9pess\u00e9g er\u0151s\u00edt\u00e9s\u00e9re van sz\u00fcks\u00e9g. A felz\u00e1rk\u00f3z\u00e1s egyetlen \u00fatja, ha magasabb hozz\u00e1adott \u00e9rt\u00e9kekkel tudunk becsatlakozni a glob\u00e1lis termel\u00e9si l\u00e1ncba &#8211; sz\u00f6gezte le.<br \/>\n    Domokos L\u00e1szl\u00f3, az \u00c1llami Sz\u00e1mvev\u0151sz\u00e9k eln\u00f6ke elmondta: a legfontosabb, hogy az orsz\u00e1g elad\u00f3sodotts\u00e1ga folyamatosan m\u00e9rs\u00e9kl\u0151dj\u00f6n. L\u00e9nyeges az ad\u00f3beszed\u00e9s hat\u00e9konys\u00e1g\u00e1nak n\u00f6vel\u00e9se is, a gazdas\u00e1g feh\u00e9r\u00edt\u00e9se &#8211; sz\u00f6gezte le. A kiad\u00e1si oldalon is n\u00f6velni kell a hat\u00e9konys\u00e1got, c\u00e9lszer\u0171 lenne visszafogni bizonyos kiad\u00e1sokat &#8211; tette hozz\u00e1.<br \/>\n    A null\u00e1s k\u00f6lts\u00e9gvet\u00e9sr\u0151l sz\u00f3lva elmondta: az uni\u00f3s forr\u00e1sok t\u00e1rsfinansz\u00edroz\u00e1s\u00e1hoz sz\u00fcks\u00e9ges kiad\u00e1sokat b\u00e1rmi \u00e1ron sz\u00fcks\u00e9ges betervezni a k\u00f6lts\u00e9gvet\u00e9sbe, a null\u00e1s k\u00f6lts\u00e9gvet\u00e9s rov\u00e1s\u00e1ra is. Gazdas\u00e1gpolitikai hiba lenne, ha nem haszn\u00e1ln\u00e1 ki az uni\u00f3s forr\u00e1sok felhaszn\u00e1l\u00e1s\u00e1t a korm\u00e1ny &#8211; v\u00e9lte. A t\u00e1rsfinansz\u00edroz\u00e1s \u00e9vi mintegy 600 milli\u00e1rd forintos t\u00e9tel, tavaly &#8211; cs\u00facsra j\u00e1ratva &#8211; 1000 milli\u00e1rd forint k\u00f6r\u00fcl volt &#8211; mondta. Ismertette: 2013-ben az uni\u00f3s forr\u00e1sok felhaszn\u00e1l\u00e1sa 0,9 sz\u00e1zal\u00e9kponttal, 2014-ben 1,3 sz\u00e1zal\u00e9kponttal, 2015-ben pedig 1,5 sz\u00e1zal\u00e9kponttal j\u00e1rult hozz\u00e1 a mintegy 3 sz\u00e1zal\u00e9kos gazdas\u00e1gi n\u00f6veked\u00e9shez.<br \/>\n    R\u00e9z Andr\u00e1s, az \u00c1llamad\u00f3ss\u00e1g Kezel\u0151 K\u00f6zpont Zrt. vez\u00e9rigazgat\u00f3-helyettese elmondta: a 2015-\u00f6s \u00e9v fordulata volt, hogy az \u00e1llamad\u00f3ss\u00e1g t\u00f6bbs\u00e9g\u00e9nek tulajdona 7 \u00e9v ut\u00e1n belf\u00f6ldi k\u00e9zbe ker\u00fclt. A tavalyi \u00e9v v\u00e9g\u00e9re a devizaad\u00f3ss\u00e1g r\u00e9szar\u00e1nya 31 sz\u00e1zal\u00e9kra cs\u00f6kkent, a 2011-ben ez 50 sz\u00e1zal\u00e9k volt &#8211; mondta.<br \/>\n    A devizaad\u00f3ss\u00e1g forintos\u00edt\u00e1s\u00e1val 2016-v\u00e9g\u00e9re 26-27 sz\u00e1zal\u00e9kra, 2017-re pedig 25 sz\u00e1zal\u00e9k al\u00e1 cs\u00f6kkenhet ez az ar\u00e1ny, ami a rendszerv\u00e1lt\u00e1s ut\u00e1ni id\u0151szak legalacsonyabb \u00e9rt\u00e9ke &#8211; ismertette.<br \/>\n    Elmondta: id\u00e9n v\u00e1rhat\u00f3, hogy Magyarorsz\u00e1got befektet\u00e9sre aj\u00e1nlott kateg\u00f3ri\u00e1ba sorolj\u00e1k a nemzetk\u00f6zi hitelmin\u0151s\u00edt\u0151k.(MTI)<\/p>\n","protected":false},"excerpt":{"rendered":"<p>Eur\u00f3pai \u00f6sszehasonl\u00edt\u00e1sban Magyarorsz\u00e1gon cs\u00f6kkent a legnagyobb ar\u00e1nyban az \u00e1llamad\u00f3ss\u00e1g az elm\u00falt \u00e9vekben &#8211; hangs\u00falyozta Varga Mih\u00e1ly szombaton a Sz\u00e1zadv\u00e9g Gazdas\u00e1gkutat\u00f3 Zrt. \u00e1ltal rendezett konferenci\u00e1n, ahol azt is meger\u0151s\u00edtette, n\u00e9h\u00e1ny \u00e9v alatt el\u00e9rhet\u0151, hogy hi\u00e1ny n\u00e9lk\u00fcl m\u0171k\u00f6dj\u00f6n a magyar \u00e1llam.<\/p>\n","protected":false},"author":1,"featured_media":0,"comment_status":"open","ping_status":"closed","sticky":false,"template":"","format":"standard","meta":[],"categories":[19],"tags":[],"_links":{"self":[{"href":"https:\/\/gazdasagportal.hu\/index.php\/wp-json\/wp\/v2\/posts\/75462"}],"collection":[{"href":"https:\/\/gazdasagportal.hu\/index.php\/wp-json\/wp\/v2\/posts"}],"about":[{"href":"https:\/\/gazdasagportal.hu\/index.php\/wp-json\/wp\/v2\/types\/post"}],"author":[{"embeddable":true,"href":"https:\/\/gazdasagportal.hu\/index.php\/wp-json\/wp\/v2\/users\/1"}],"replies":[{"embeddable":true,"href":"https:\/\/gazdasagportal.hu\/index.php\/wp-json\/wp\/v2\/comments?post=75462"}],"version-history":[{"count":1,"href":"https:\/\/gazdasagportal.hu\/index.php\/wp-json\/wp\/v2\/posts\/75462\/revisions"}],"predecessor-version":[{"id":75463,"href":"https:\/\/gazdasagportal.hu\/index.php\/wp-json\/wp\/v2\/posts\/75462\/revisions\/75463"}],"wp:attachment":[{"href":"https:\/\/gazdasagportal.hu\/index.php\/wp-json\/wp\/v2\/media?parent=75462"}],"wp:term":[{"taxonomy":"category","embeddable":true,"href":"https:\/\/gazdasagportal.hu\/index.php\/wp-json\/wp\/v2\/categories?post=75462"},{"taxonomy":"post_tag","embeddable":true,"href":"https:\/\/gazdasagportal.hu\/index.php\/wp-json\/wp\/v2\/tags?post=75462"}],"curies":[{"name":"wp","href":"https:\/\/api.w.org\/{rel}","templated":true}]}}