{"id":75460,"date":"2016-02-27T13:28:50","date_gmt":"2016-02-27T12:28:50","guid":{"rendered":"http:\/\/gazdasagportal.hu\/?p=75460"},"modified":"2016-02-27T13:28:50","modified_gmt":"2016-02-27T12:28:50","slug":"nemzetkozi-vonaton-fogtak-el-egy-embercsempeszt-gyor-megyeben","status":"publish","type":"post","link":"https:\/\/gazdasagportal.hu\/index.php\/nemzetkozi-vonaton-fogtak-el-egy-embercsempeszt-gyor-megyeben\/","title":{"rendered":"Nemzetk\u00f6zi vonaton fogtak el egy embercsemp\u00e9szt Gy\u0151r megy\u00e9ben"},"content":{"rendered":"<p><strong>Egy embercsemp\u00e9szt \u00e9s tizenh\u00e1rom illeg\u00e1lis bev\u00e1ndorl\u00f3t \u00e1ll\u00edtottak el\u0151 a j\u00e1r\u0151r\u00f6k p\u00e9nteken Gy\u0151r-Moson-Sopron megy\u00e9ben &#8211; k\u00f6z\u00f6lte a megyei rend\u0151r-f\u0151kapit\u00e1nys\u00e1g szombaton a honlapj\u00e1n.<\/strong><!--more--><\/p>\n<div class=\"ads-in-post1\"><div id=\"gazdasagportal.hu_fullbanner_wideboard\"><\/div>\r\n<\/div>\n<p>    A k\u00f6zlem\u00e9ny szerint a rend\u0151r\u00f6k p\u00e9nteken Mosonmagyar\u00f3v\u00e1rn\u00e1l egy nemzetk\u00f6zi gyorsvonaton igazoltattak k\u00e9t k\u00fclf\u00f6ldi \u00e1llampolg\u00e1rt, egyik\u00fck, egy sz\u00edr \u00e1llampolg\u00e1r hamis \u00fatlev\u00e9llel pr\u00f3b\u00e1lta igazolni mag\u00e1t. Kider\u00fclt, hogy az okiratot a vele utaz\u00f3 szom\u00e1liai f\u00e9rfit\u00f3l kapta, aki \u0151t Ausztri\u00e1ba akarta \u00e1tcsemp\u00e9szni &#8211; \u00edrt\u00e1k.<br \/>\n    A t\u00e1j\u00e9koztat\u00e1s szerint a hegyeshalmi vas\u00fat\u00e1llom\u00e1son a rend\u0151r\u00f6k n\u00e9gy pakiszt\u00e1ni, n\u00e9gy egyiptomi, h\u00e1rom alg\u00e9riai \u00e9s egy libanoni \u00e1llampolg\u00e1rt is elfogtak.<br \/>\n    A Mosonmagyar\u00f3v\u00e1rn\u00e1l elfogott szom\u00e1liai f\u00e9rfit embercsemp\u00e9sz\u00e9s gyan\u00faja, m\u00edg a 13 hat\u00e1rs\u00e9rt\u0151t tiltott hat\u00e1r\u00e1tl\u00e9p\u00e9s k\u00eds\u00e9rlete miatt \u00e1ll\u00edtott\u00e1k el\u0151.(MTI)<\/p>\n","protected":false},"excerpt":{"rendered":"<p>Egy embercsemp\u00e9szt \u00e9s tizenh\u00e1rom illeg\u00e1lis bev\u00e1ndorl\u00f3t \u00e1ll\u00edtottak el\u0151 a j\u00e1r\u0151r\u00f6k p\u00e9nteken Gy\u0151r-Moson-Sopron megy\u00e9ben &#8211; k\u00f6z\u00f6lte a megyei rend\u0151r-f\u0151kapit\u00e1nys\u00e1g szombaton a honlapj\u00e1n.<\/p>\n","protected":false},"author":1,"featured_media":0,"comment_status":"open","ping_status":"closed","sticky":false,"template":"","format":"standard","meta":[],"categories":[4],"tags":[],"_links":{"self":[{"href":"https:\/\/gazdasagportal.hu\/index.php\/wp-json\/wp\/v2\/posts\/75460"}],"collection":[{"href":"https:\/\/gazdasagportal.hu\/index.php\/wp-json\/wp\/v2\/posts"}],"about":[{"href":"https:\/\/gazdasagportal.hu\/index.php\/wp-json\/wp\/v2\/types\/post"}],"author":[{"embeddable":true,"href":"https:\/\/gazdasagportal.hu\/index.php\/wp-json\/wp\/v2\/users\/1"}],"replies":[{"embeddable":true,"href":"https:\/\/gazdasagportal.hu\/index.php\/wp-json\/wp\/v2\/comments?post=75460"}],"version-history":[{"count":1,"href":"https:\/\/gazdasagportal.hu\/index.php\/wp-json\/wp\/v2\/posts\/75460\/revisions"}],"predecessor-version":[{"id":75461,"href":"https:\/\/gazdasagportal.hu\/index.php\/wp-json\/wp\/v2\/posts\/75460\/revisions\/75461"}],"wp:attachment":[{"href":"https:\/\/gazdasagportal.hu\/index.php\/wp-json\/wp\/v2\/media?parent=75460"}],"wp:term":[{"taxonomy":"category","embeddable":true,"href":"https:\/\/gazdasagportal.hu\/index.php\/wp-json\/wp\/v2\/categories?post=75460"},{"taxonomy":"post_tag","embeddable":true,"href":"https:\/\/gazdasagportal.hu\/index.php\/wp-json\/wp\/v2\/tags?post=75460"}],"curies":[{"name":"wp","href":"https:\/\/api.w.org\/{rel}","templated":true}]}}