{"id":75290,"date":"2016-02-25T04:07:32","date_gmt":"2016-02-25T03:07:32","guid":{"rendered":"http:\/\/gazdasagportal.hu\/?p=75290"},"modified":"2016-02-24T21:58:45","modified_gmt":"2016-02-24T20:58:45","slug":"virologus-a-heten-varhato-az-influenza-tetozese","status":"publish","type":"post","link":"https:\/\/gazdasagportal.hu\/index.php\/virologus-a-heten-varhato-az-influenza-tetozese\/","title":{"rendered":"Virol\u00f3gus: a h\u00e9ten v\u00e1rhat\u00f3 az influenza tet\u0151z\u00e9se"},"content":{"rendered":"<p><strong>Az influenzaj\u00e1rv\u00e1ny orsz\u00e1gosan v\u00e1rhat\u00f3an ezen a h\u00e9ten fog tet\u0151zni, ezzel egy\u00fctt m\u00e9g most is \u00e9rdemes k\u00e9rni az olt\u00e1st &#8211; mondta az Orsz\u00e1gos Epidemiol\u00f3giai K\u00f6zpont virol\u00f3gus f\u0151orvosa az M1 aktu\u00e1lis csatorna szerda esti m\u0171sor\u00e1ban.<\/strong><!--more--><\/p>\n<div class=\"ads-in-post1\"><div id=\"gazdasagportal.hu_fullbanner_wideboard\"><\/div>\r\n<\/div>\n<p>    Jankovics Istv\u00e1n elmondta: m\u00edg jelenleg Eur\u00f3p\u00e1ban az influenza A, addig Magyarorsz\u00e1gon a B v\u00edrus domin\u00e1l. Ehhez az is hozz\u00e1j\u00e1rulhat, hogy tavaly az orsz\u00e1gban a B v\u00edrus h\u00e1tt\u00e9rbe szorult, nem tudott nagy j\u00e1rv\u00e1nyt okozni, ez\u00e9rt mostanra megn\u0151tt r\u00e1 a fog\u00e9konys\u00e1g, f\u0151k\u00e9nt a gyermekekn\u00e9l. A mostani j\u00e1rv\u00e1nyban a legink\u00e1bb a 15 \u00e9v alattiak \u00e9rintettek, ut\u00e1nuk a 15-31 \u00e9ves koroszt\u00e1ly, a legkev\u00e9sb\u00e9 pedig az id\u0151sebbek.<br \/>\n    A j\u00e1rv\u00e1ny orsz\u00e1gosan ezen a h\u00e9ten fog tet\u0151zni &#8211; mondta a virol\u00f3gus, hozz\u00e1t\u00e9ve: m\u00e9g most is \u00e9rdemes olt\u00e1st k\u00e9rni, f\u0151k\u00e9nt a kr\u00f3nikus betegs\u00e9gben szenved\u0151knek, ugyanis a s\u00falyosabb, ak\u00e1r hal\u00e1los esetek a j\u00e1rv\u00e1ny v\u00e9g\u00e9n szoktak el\u0151fordulni.(MTI)<\/p>\n","protected":false},"excerpt":{"rendered":"<p>Az influenzaj\u00e1rv\u00e1ny orsz\u00e1gosan v\u00e1rhat\u00f3an ezen a h\u00e9ten fog tet\u0151zni, ezzel egy\u00fctt m\u00e9g most is \u00e9rdemes k\u00e9rni az olt\u00e1st &#8211; mondta az Orsz\u00e1gos Epidemiol\u00f3giai K\u00f6zpont virol\u00f3gus f\u0151orvosa az M1 aktu\u00e1lis csatorna szerda esti m\u0171sor\u00e1ban.<\/p>\n","protected":false},"author":1,"featured_media":0,"comment_status":"open","ping_status":"closed","sticky":false,"template":"","format":"standard","meta":[],"categories":[4],"tags":[],"_links":{"self":[{"href":"https:\/\/gazdasagportal.hu\/index.php\/wp-json\/wp\/v2\/posts\/75290"}],"collection":[{"href":"https:\/\/gazdasagportal.hu\/index.php\/wp-json\/wp\/v2\/posts"}],"about":[{"href":"https:\/\/gazdasagportal.hu\/index.php\/wp-json\/wp\/v2\/types\/post"}],"author":[{"embeddable":true,"href":"https:\/\/gazdasagportal.hu\/index.php\/wp-json\/wp\/v2\/users\/1"}],"replies":[{"embeddable":true,"href":"https:\/\/gazdasagportal.hu\/index.php\/wp-json\/wp\/v2\/comments?post=75290"}],"version-history":[{"count":1,"href":"https:\/\/gazdasagportal.hu\/index.php\/wp-json\/wp\/v2\/posts\/75290\/revisions"}],"predecessor-version":[{"id":75291,"href":"https:\/\/gazdasagportal.hu\/index.php\/wp-json\/wp\/v2\/posts\/75290\/revisions\/75291"}],"wp:attachment":[{"href":"https:\/\/gazdasagportal.hu\/index.php\/wp-json\/wp\/v2\/media?parent=75290"}],"wp:term":[{"taxonomy":"category","embeddable":true,"href":"https:\/\/gazdasagportal.hu\/index.php\/wp-json\/wp\/v2\/categories?post=75290"},{"taxonomy":"post_tag","embeddable":true,"href":"https:\/\/gazdasagportal.hu\/index.php\/wp-json\/wp\/v2\/tags?post=75290"}],"curies":[{"name":"wp","href":"https:\/\/api.w.org\/{rel}","templated":true}]}}