{"id":75288,"date":"2016-02-25T04:44:15","date_gmt":"2016-02-25T03:44:15","guid":{"rendered":"http:\/\/gazdasagportal.hu\/?p=75288"},"modified":"2016-02-24T21:57:12","modified_gmt":"2016-02-24T20:57:12","slug":"tobb-ezer-migrans-vesztegel-europa-belso-hatarainal-a-szigoritott-ellenorzesek-miatt","status":"publish","type":"post","link":"https:\/\/gazdasagportal.hu\/index.php\/tobb-ezer-migrans-vesztegel-europa-belso-hatarainal-a-szigoritott-ellenorzesek-miatt\/","title":{"rendered":"T\u00f6bb ezer migr\u00e1ns vesztegel Eur\u00f3pa bels\u0151 hat\u00e1rain\u00e1l a szigor\u00edtott ellen\u0151rz\u00e9sek miatt"},"content":{"rendered":"<p><strong>Mintegy h\u00faszezer bev\u00e1ndorl\u00f3 rekedt G\u00f6r\u00f6gorsz\u00e1gban, miut\u00e1n a balk\u00e1ni \u00e1llamok szigor\u00edtott\u00e1k az ellen\u0151rz\u00e9st. A g\u00f6r\u00f6g-maced\u00f3n, a szerb-maced\u00f3n \u00e9s a szerb-horv\u00e1t hat\u00e1ron is t\u00f6megek vesztegelnek &#8211; hangzott el az M1 aktu\u00e1lis csatorna szerda esti H\u00edrad\u00f3j\u00e1ban.<\/strong><!--more--><\/p>\n<div class=\"ads-in-post1\"><div id=\"gazdasagportal.hu_fullbanner_wideboard\"><\/div>\r\n<\/div>\n<p>    Felid\u00e9zt\u00e9k, hogy a g\u00f6r\u00f6g-maced\u00f3n \u00e1tkel\u0151n\u00e9l a h\u00e9tv\u00e9ge \u00f3ta az afg\u00e1nokat nem, csak a sz\u00edreket \u00e9s irakiakat engedik tov\u00e1bb, azokat, akiknek f\u00e9nyk\u00e9pes szem\u00e9lyazonos\u00edt\u00f3 okm\u00e1nyuk van. Az M1 tud\u00f3s\u00edt\u00f3ja szerint G\u00f6r\u00f6gorsz\u00e1gban Szaloniki t\u00e9rs\u00e9g\u00e9ben a legs\u00falyosabb a helyzet. Ott a becsl\u00e9sek szerint t\u00f6bb mint h\u00e9tezer migr\u00e1ns torl\u00f3dott fel, de k\u00f6zvetlen\u00fcl a g\u00f6r\u00f6g-maced\u00f3n hat\u00e1rn\u00e1l is legal\u00e1bb h\u00e1rom \u00e9s f\u00e9lezer migr\u00e1ns v\u00e1rakozik.<br \/>\n    Az M1 h\u00edrad\u00f3j\u00e1ban elhangzott az is, hogy d\u00e9lel\u0151tt mintegy nyolcsz\u00e1z sz\u00edr \u00e9s iraki migr\u00e1nssal indult el egy vonat Maced\u00f3nia fel\u00e9, de azt r\u00f6vid id\u0151 m\u00falva feltart\u00f3ztatt\u00e1k \u0151ket a maced\u00f3n hat\u00f3s\u00e1gok. Napk\u00f6zben bev\u00e1ndorl\u00f3k egy csoportja egy k\u00f6z\u00e9p-g\u00f6r\u00f6gorsz\u00e1gi aut\u00f3p\u00e1ly\u00e1n akad\u00e1lyozta a forgalmat.<br \/>\n    A maced\u00f3n-szerb \u00e1tkel\u0151n\u00e9l is mintegy ezren vesztegelnek, t\u00f6bbs\u00e9g\u00e9ben afg\u00e1nok, de t\u00f6bb sz\u00e1z sz\u00edriai \u00e9s iraki is van k\u00f6zt\u00fck.     Mindemellett a szerb-horv\u00e1t hat\u00e1ron is egyre fesz\u00fcltebb a helyzet &#8211; hangzott el az M1-en. Mint a tud\u00f3s\u00edt\u00f3 elmondta: itt szerd\u00e1n napk\u00f6zben t\u00fcntettek is a migr\u00e1nsok, akik napok \u00f3ta v\u00e1rnak, hogy tov\u00e1bbutazhassanak Nyugat-Eur\u00f3pa fel\u00e9.(MTI)<\/p>\n","protected":false},"excerpt":{"rendered":"<p>Mintegy h\u00faszezer bev\u00e1ndorl\u00f3 rekedt G\u00f6r\u00f6gorsz\u00e1gban, miut\u00e1n a balk\u00e1ni \u00e1llamok szigor\u00edtott\u00e1k az ellen\u0151rz\u00e9st. A g\u00f6r\u00f6g-maced\u00f3n, a szerb-maced\u00f3n \u00e9s a szerb-horv\u00e1t hat\u00e1ron is t\u00f6megek vesztegelnek &#8211; hangzott el az M1 aktu\u00e1lis csatorna szerda esti H\u00edrad\u00f3j\u00e1ban.<\/p>\n","protected":false},"author":1,"featured_media":0,"comment_status":"open","ping_status":"closed","sticky":false,"template":"","format":"standard","meta":[],"categories":[12],"tags":[],"_links":{"self":[{"href":"https:\/\/gazdasagportal.hu\/index.php\/wp-json\/wp\/v2\/posts\/75288"}],"collection":[{"href":"https:\/\/gazdasagportal.hu\/index.php\/wp-json\/wp\/v2\/posts"}],"about":[{"href":"https:\/\/gazdasagportal.hu\/index.php\/wp-json\/wp\/v2\/types\/post"}],"author":[{"embeddable":true,"href":"https:\/\/gazdasagportal.hu\/index.php\/wp-json\/wp\/v2\/users\/1"}],"replies":[{"embeddable":true,"href":"https:\/\/gazdasagportal.hu\/index.php\/wp-json\/wp\/v2\/comments?post=75288"}],"version-history":[{"count":1,"href":"https:\/\/gazdasagportal.hu\/index.php\/wp-json\/wp\/v2\/posts\/75288\/revisions"}],"predecessor-version":[{"id":75289,"href":"https:\/\/gazdasagportal.hu\/index.php\/wp-json\/wp\/v2\/posts\/75288\/revisions\/75289"}],"wp:attachment":[{"href":"https:\/\/gazdasagportal.hu\/index.php\/wp-json\/wp\/v2\/media?parent=75288"}],"wp:term":[{"taxonomy":"category","embeddable":true,"href":"https:\/\/gazdasagportal.hu\/index.php\/wp-json\/wp\/v2\/categories?post=75288"},{"taxonomy":"post_tag","embeddable":true,"href":"https:\/\/gazdasagportal.hu\/index.php\/wp-json\/wp\/v2\/tags?post=75288"}],"curies":[{"name":"wp","href":"https:\/\/api.w.org\/{rel}","templated":true}]}}