{"id":75283,"date":"2016-02-25T05:56:16","date_gmt":"2016-02-25T04:56:16","guid":{"rendered":"http:\/\/gazdasagportal.hu\/?p=75283"},"modified":"2016-02-24T21:35:12","modified_gmt":"2016-02-24T20:35:12","slug":"londoni-elemzok-marciusban-mnb-kamatcsokkentesi-ciklus-kezdodhet","status":"publish","type":"post","link":"https:\/\/gazdasagportal.hu\/index.php\/londoni-elemzok-marciusban-mnb-kamatcsokkentesi-ciklus-kezdodhet\/","title":{"rendered":"Londoni elemz\u0151k: m\u00e1rciusban MNB-kamatcs\u00f6kkent\u00e9si ciklus kezd\u0151dhet"},"content":{"rendered":"<p><strong>Londoni p\u00e9nz\u00fcgyi elemz\u0151k szerint a Magyar Nemzeti Bank (MNB) ak\u00e1r a j\u00f6v\u0151 h\u00f3napban \u00fajabb kamatcs\u00f6kkent\u00e9si ciklust kezdhet.<\/strong><!--more--><\/p>\n<div class=\"ads-in-post1\"><div id=\"gazdasagportal.hu_fullbanner_wideboard\"><\/div>\r\n<\/div>\n<p>    A JP Morgan glob\u00e1lis p\u00e9nz\u00fcgyi szolg\u00e1ltat\u00f3 csoport londoni befektet\u00e9si r\u00e9szleg\u00e9nek elemz\u0151i szerd\u00e1n ismertetett el\u0151rejelz\u00e9s\u00fckben k\u00f6z\u00f6lt\u00e9k: v\u00e1rakoz\u00e1suk szerint a monet\u00e1ris tan\u00e1cs a j\u00f6v\u0151 havi kamatd\u00f6nt\u0151 \u00fcl\u00e9sen 0,15 sz\u00e1zal\u00e9kponttal 1,20 sz\u00e1zal\u00e9kra cs\u00f6kkenti az alapkamatot.<br \/>\n    A h\u00e1z szerint a ciklus v\u00e9g\u00e9re az MNB ir\u00e1nyad\u00f3 kamata 1,00 sz\u00e1zal\u00e9kra, vagy ez al\u00e1 is cs\u00f6kkenhet. A JP Morgan londoni elemz\u0151i azonban elismerik, hogy ez &#8222;szoros es\u00e9ly\u0171&#8221; el\u0151rejelz\u00e9s, mivel az MNB-nek lehet\u0151s\u00e9ge van er\u0151teljes nem konvencion\u00e1lis monet\u00e1ris eszk\u00f6z\u00f6k haszn\u00e1lat\u00e1ra is.<br \/>\n    Az el\u0151z\u0151 napi kamatd\u00f6nt\u00e9sr\u0151l kiadott monet\u00e1ris tan\u00e1csi k\u00f6zlem\u00e9nyt elemezve a c\u00e9g szak\u00e9rt\u0151i kiemelt\u00e9k, hogy a komm\u00fcnik\u00e9ben egyr\u00e9szt szerepel egy \u00faj mondat, amely szerint a m\u00e1rciusi infl\u00e1ci\u00f3s jelent\u00e9st\u0151l f\u00fcgg\u0151en lehets\u00e9ges a monet\u00e1ris kond\u00edci\u00f3k tov\u00e1bbi enyh\u00edt\u00e9se, m\u00e1sr\u00e9szt &#8211; \u00e9s a JP Morgan elemz\u0151i szerint ez nagyon fontos mozzanat &#8211; kimaradt az, hogy az enyh\u00edt\u00e9s els\u0151dleges m\u00f3dja a jelenleg is alkalmazott nem hagyom\u00e1nyos eszk\u00f6zt\u00e1r haszn\u00e1lata, j\u00f3llehet ez a janu\u00e1ri k\u00f6zlem\u00e9nyben m\u00e9g szerepelt.<br \/>\n    A JP Morgan londoni elemz\u0151i szerint ez jelz\u00e9s arra, hogy a monet\u00e1ris tan\u00e1cs imm\u00e1r nem z\u00e1r ki semmif\u00e9le enyh\u00edt\u00e9si m\u00f3dszert, \u00e9s a d\u00f6nt\u00e9s err\u0151l m\u00e1r a j\u00f6v\u0151 h\u00f3napban megsz\u00fcletik az \u00faj infl\u00e1ci\u00f3s kil\u00e1t\u00e1s \u00e9s az eur\u00f3\u00f6vezeti jegybank (EKB) l\u00e9p\u00e9sei alapj\u00e1n.<br \/>\n    A h\u00e1z elemz\u0151i ezzel \u00f6sszef\u00fcgg\u00e9sben k\u00f6z\u00f6lt\u00e9k, hogy m\u00e1rciusra agressz\u00edv enyh\u00edt\u00e9si l\u00e9p\u00e9seket v\u00e1rnak az EKB r\u00e9sz\u00e9r\u0151l.<br \/>\n    A Goldman Sachs (GS) bankcsoport londoni befektet\u00e9si r\u00e9szleg\u00e9nek elemz\u0151i is kiemelt\u00e9k a nem hagyom\u00e1nyos enyh\u00edt\u00e9si eszk\u00f6z\u00f6k els\u0151dleges haszn\u00e1lat\u00e1ra utal\u00f3 mondat elt\u00e1vol\u00edt\u00e1s\u00e1t, ami szerint\u00fck az MNB alap\u00e1ll\u00e1s\u00e1nak v\u00e1ratlan enyhe ir\u00e1ny\u00fa eltol\u00f3d\u00e1s\u00e1t jelenti. A GS elemz\u0151i szerint is arra utalhat ez, hogy a monet\u00e1ris tan\u00e1cs kamatcs\u00f6kkent\u00e9seket tervez.<br \/>\n    Hasonl\u00f3 k\u00f6vetkeztet\u00e9sekre jutottak m\u00e1s nagy londoni h\u00e1zak is a kamatd\u00f6nt\u00e9sr\u0151l kiadott monet\u00e1ris tan\u00e1csi k\u00f6zlem\u00e9ny alapj\u00e1n.<br \/>\n    A Capital Economics p\u00e9nz\u00fcgyi-gazdas\u00e1gi elemz\u0151h\u00e1z szak\u00e9rt\u0151i m\u00e1r el\u0151z\u0151 nap, az 1,35 sz\u00e1zal\u00e9kos alapkamatot v\u00e1ltozatlanul hagy\u00f3 d\u00f6nt\u00e9s ut\u00e1ni komment\u00e1rjukban  kiemelt\u00e9k, hogy a m\u00falt havi komm\u00fcnik\u00e9hez k\u00e9pest a mostani &#8222;egy d\u00f6nt\u0151 jelent\u0151s\u00e9g\u0171 mondattal&#8221; eg\u00e9sz\u00fclt ki, amely a m\u00e1rciusi infl\u00e1ci\u00f3s jelent\u00e9st\u0151l is f\u00fcgg\u0151en nyitva hagyja a monet\u00e1ris kond\u00edci\u00f3k &#8222;tov\u00e1bbi enyh\u00edt\u00e9s\u00e9nek&#8221; lehet\u0151s\u00e9g\u00e9t. A h\u00e1z elemz\u0151i hangs\u00falyozt\u00e1k azt is, hogy a k\u00f6zlem\u00e9nyben ez\u00fattal nincs sz\u00f3 a nem konvencion\u00e1lis monet\u00e1ris eszk\u00f6z\u00f6k alkalmaz\u00e1s\u00e1r\u00f3l.<br \/>\n    A Capital Economics elemz\u0151i k\u00f6z\u00f6lt\u00e9k: mindezek alapj\u00e1n \u00fagy \u00e9rtelmezik, hogy a monet\u00e1ris tan\u00e1cs elkezdte a felk\u00e9sz\u00fcl\u00e9st a kamatcs\u00f6kkent\u00e9sre.<br \/>\n    A h\u00e1z a maga r\u00e9sz\u00e9r\u0151l 1,00 sz\u00e1zal\u00e9kra s\u00fcllyed\u0151 MNB-alapkamattal sz\u00e1mol.(MTI)<\/p>\n","protected":false},"excerpt":{"rendered":"<p>Londoni p\u00e9nz\u00fcgyi elemz\u0151k szerint a Magyar Nemzeti Bank (MNB) ak\u00e1r a j\u00f6v\u0151 h\u00f3napban \u00fajabb kamatcs\u00f6kkent\u00e9si ciklust kezdhet.<\/p>\n","protected":false},"author":1,"featured_media":0,"comment_status":"open","ping_status":"closed","sticky":false,"template":"","format":"standard","meta":[],"categories":[19],"tags":[],"_links":{"self":[{"href":"https:\/\/gazdasagportal.hu\/index.php\/wp-json\/wp\/v2\/posts\/75283"}],"collection":[{"href":"https:\/\/gazdasagportal.hu\/index.php\/wp-json\/wp\/v2\/posts"}],"about":[{"href":"https:\/\/gazdasagportal.hu\/index.php\/wp-json\/wp\/v2\/types\/post"}],"author":[{"embeddable":true,"href":"https:\/\/gazdasagportal.hu\/index.php\/wp-json\/wp\/v2\/users\/1"}],"replies":[{"embeddable":true,"href":"https:\/\/gazdasagportal.hu\/index.php\/wp-json\/wp\/v2\/comments?post=75283"}],"version-history":[{"count":1,"href":"https:\/\/gazdasagportal.hu\/index.php\/wp-json\/wp\/v2\/posts\/75283\/revisions"}],"predecessor-version":[{"id":75284,"href":"https:\/\/gazdasagportal.hu\/index.php\/wp-json\/wp\/v2\/posts\/75283\/revisions\/75284"}],"wp:attachment":[{"href":"https:\/\/gazdasagportal.hu\/index.php\/wp-json\/wp\/v2\/media?parent=75283"}],"wp:term":[{"taxonomy":"category","embeddable":true,"href":"https:\/\/gazdasagportal.hu\/index.php\/wp-json\/wp\/v2\/categories?post=75283"},{"taxonomy":"post_tag","embeddable":true,"href":"https:\/\/gazdasagportal.hu\/index.php\/wp-json\/wp\/v2\/tags?post=75283"}],"curies":[{"name":"wp","href":"https:\/\/api.w.org\/{rel}","templated":true}]}}