{"id":75281,"date":"2016-02-24T20:55:25","date_gmt":"2016-02-24T19:55:25","guid":{"rendered":"http:\/\/gazdasagportal.hu\/?p=75281"},"modified":"2016-02-24T20:55:25","modified_gmt":"2016-02-24T19:55:25","slug":"az-amerikai-elnok-ovatos-a-sziriai-tuzszunet-ugyeben","status":"publish","type":"post","link":"https:\/\/gazdasagportal.hu\/index.php\/az-amerikai-elnok-ovatos-a-sziriai-tuzszunet-ugyeben\/","title":{"rendered":"Az amerikai eln\u00f6k \u00f3vatos a sz\u00edriai t\u0171zsz\u00fcnet \u00fcgy\u00e9ben"},"content":{"rendered":"<p><strong>Nagyon \u00f3vatosan nyilatkozott Barack Obama amerikai eln\u00f6k  a tervek szerint szombaton \u00e9rv\u00e9nybe l\u00e9p\u0151 sz\u00edriai t\u0171zsz\u00fcnetr\u0151l, amelynek r\u00e9szleteit Washington \u00e9s Moszkva hat\u00e1rozta meg.<\/strong><!--more--><\/p>\n<div class=\"ads-in-post1\"><div id=\"gazdasagportal.hu_fullbanner_wideboard\"><\/div>\r\n<\/div>\n<p>    Az amerikai eln\u00f6k  szerd\u00e1n azt k\u00f6vet\u0151en nyilatkozott \u00fajs\u00e1g\u00edr\u00f3knak, hogy a Feh\u00e9r H\u00e1zban t\u00e1rgyalt II. Abdall\u00e1h jord\u00e1n kir\u00e1llyal. &#8222;Nagyon \u00f3vatosak vagyunk, hogy ne t\u00e1masszunk t\u00fals\u00e1gosan is nagy elv\u00e1r\u00e1sokat. A helyzet nagyon neh\u00e9z, de az elm\u00falt h\u00e9ten a humanit\u00e1rius seg\u00edts\u00e9g eljuttat\u00e1s\u00e1ban n\u00e9mi szer\u00e9ny el\u0151rehalad\u00e1st \u00e9szlelt\u00fcnk&#8221; &#8211; fogalmazott Obama.<br \/>\n    Obama \u00e9s II. Abdall\u00e1h a sz\u00edriai helyzetet \u00e9s az Iszl\u00e1m \u00c1llam nev\u0171 terrorszervezet elleni harc r\u00e9szleteit t\u00e1rgyalta meg. Sz\u00f3ba ker\u00fclt a Jord\u00e1ni\u00e1ban \u00e9l\u0151, mintegy 630 ezer sz\u00edriai menek\u00fclt megseg\u00edt\u00e9se is. Obama fontosnak tartotta megeml\u00edteni az \u00fajs\u00e1g\u00edr\u00f3knak, hogy Washington az egyik legnagyobb t\u00e1mogat\u00f3ja a Jord\u00e1ni\u00e1ban \u00e9l\u0151 menek\u00fcltek ell\u00e1t\u00e1s\u00e1nak. A hasemita kir\u00e1lys\u00e1g kulcsfontoss\u00e1g\u00fa partnere az Egyes\u00fclt \u00c1llamoknak mind az Iszl\u00e1m \u00c1llam elleni k\u00fczdelemben, mind az imm\u00e1r \u00f6t esztendeje h\u00faz\u00f3d\u00f3 sz\u00edriai polg\u00e1rh\u00e1bor\u00fa megold\u00e1s\u00e1ban.<br \/>\n    Az amerikai eln\u00f6k a megbesz\u00e9l\u00e9sek ut\u00e1n \u00fajs\u00e1g\u00edr\u00f3knak arr\u00f3l is besz\u00e9lt, hogy a sz\u00edriai harcok le\u00e1ll\u00edt\u00e1sa lehet\u0151s\u00e9get teremt az Egyes\u00fclt \u00c1llamoknak \u00e9s partnereinek &#8211; k\u00f6zt\u00fck Oroszorsz\u00e1gnak is -, hogy az Iszl\u00e1m \u00c1llam elleni harcra \u00f6sszpontos\u00edtsanak.<br \/>\n    Az amerikai diplom\u00e1cia vezet\u0151je, John Kerry egy\u00e9bk\u00e9nt kedden a szen\u00e1tus k\u00fcl\u00fcgyi bizotts\u00e1ga el\u0151tti meghallgat\u00e1son azt mondta: Bass\u00e1r el-Aszad eln\u00f6knek t\u00e1voznia kell a b\u00e9k\u00e9s \u00e1tmenet sikere \u00e9rdek\u00e9ben.(MTI)<\/p>\n","protected":false},"excerpt":{"rendered":"<p>Nagyon \u00f3vatosan nyilatkozott Barack Obama amerikai eln\u00f6k a tervek szerint szombaton \u00e9rv\u00e9nybe l\u00e9p\u0151 sz\u00edriai t\u0171zsz\u00fcnetr\u0151l, amelynek r\u00e9szleteit Washington \u00e9s Moszkva hat\u00e1rozta meg.<\/p>\n","protected":false},"author":1,"featured_media":0,"comment_status":"open","ping_status":"closed","sticky":false,"template":"","format":"standard","meta":[],"categories":[13,16],"tags":[],"_links":{"self":[{"href":"https:\/\/gazdasagportal.hu\/index.php\/wp-json\/wp\/v2\/posts\/75281"}],"collection":[{"href":"https:\/\/gazdasagportal.hu\/index.php\/wp-json\/wp\/v2\/posts"}],"about":[{"href":"https:\/\/gazdasagportal.hu\/index.php\/wp-json\/wp\/v2\/types\/post"}],"author":[{"embeddable":true,"href":"https:\/\/gazdasagportal.hu\/index.php\/wp-json\/wp\/v2\/users\/1"}],"replies":[{"embeddable":true,"href":"https:\/\/gazdasagportal.hu\/index.php\/wp-json\/wp\/v2\/comments?post=75281"}],"version-history":[{"count":1,"href":"https:\/\/gazdasagportal.hu\/index.php\/wp-json\/wp\/v2\/posts\/75281\/revisions"}],"predecessor-version":[{"id":75282,"href":"https:\/\/gazdasagportal.hu\/index.php\/wp-json\/wp\/v2\/posts\/75281\/revisions\/75282"}],"wp:attachment":[{"href":"https:\/\/gazdasagportal.hu\/index.php\/wp-json\/wp\/v2\/media?parent=75281"}],"wp:term":[{"taxonomy":"category","embeddable":true,"href":"https:\/\/gazdasagportal.hu\/index.php\/wp-json\/wp\/v2\/categories?post=75281"},{"taxonomy":"post_tag","embeddable":true,"href":"https:\/\/gazdasagportal.hu\/index.php\/wp-json\/wp\/v2\/tags?post=75281"}],"curies":[{"name":"wp","href":"https:\/\/api.w.org\/{rel}","templated":true}]}}