{"id":75271,"date":"2016-02-24T18:09:58","date_gmt":"2016-02-24T17:09:58","guid":{"rendered":"http:\/\/gazdasagportal.hu\/?p=75271"},"modified":"2016-02-24T17:20:57","modified_gmt":"2016-02-24T16:20:57","slug":"brit-eu-nepszavazas-tusk-jogilag-kotelezo-es-visszafordithatatlan-a-brit-reformmegallapodas","status":"publish","type":"post","link":"https:\/\/gazdasagportal.hu\/index.php\/brit-eu-nepszavazas-tusk-jogilag-kotelezo-es-visszafordithatatlan-a-brit-reformmegallapodas\/","title":{"rendered":"Brit EU-n\u00e9pszavaz\u00e1s &#8211; Tusk: jogilag k\u00f6telez\u0151 \u00e9s visszaford\u00edthatatlan a brit reformmeg\u00e1llapod\u00e1s"},"content":{"rendered":"<p><strong>Jogilag k\u00f6telez\u0151 \u00e9rv\u00e9ny\u0171 \u00e9s visszaford\u00edthatatlan a brit reformk\u00f6vetel\u00e9sekr\u0151l az uni\u00f3s \u00e1llam- \u00e9s korm\u00e1nyf\u0151k m\u00falt heti tan\u00e1cskoz\u00e1s\u00e1n elfogadott meg\u00e1llapod\u00e1s &#8211; k\u00f6z\u00f6lte Donald Tusk, az Eur\u00f3pai Tan\u00e1cs eln\u00f6ke szerd\u00e1n az Eur\u00f3pai Parlament plen\u00e1ris \u00fcl\u00e9s\u00e9n.<\/strong><!--more--><\/p>\n<div class=\"ads-in-post1\"><div id=\"gazdasagportal.hu_fullbanner_wideboard\"><\/div>\r\n<\/div>\n<p>    Az uni\u00f3s \u00e1llam- \u00e9s korm\u00e1nyf\u0151k test\u00fclet\u00e9nek eln\u00f6ke kijelentette, hogy a reformmeg\u00e1llapod\u00e1s megfelel az uni\u00f3s szerz\u0151d\u00e9sek el\u0151\u00edr\u00e1sainak, \u00e9s azt nem lehet semmiss\u00e9 tenni, ezt m\u00e9g az Eur\u00f3pai Uni\u00f3 B\u00edr\u00f3s\u00e1ga sem teheti meg.<br \/>\n    Donald Tusk hangs\u00falyozta, az EU-cs\u00facs p\u00e9nteki z\u00e1r\u00f3napj\u00e1n elfogadott egyezm\u00e9ny csak akkor l\u00e9p hat\u00e1lyba, ha a britek igent mondanak a marad\u00e1sra a Nagy-Britannia EU-tags\u00e1g\u00e1nak sors\u00e1r\u00f3l ki\u00edrt n\u00e9pszavaz\u00e1son.<br \/>\n    &#8222;Tiszteletben fogjuk tartani a brit n\u00e9p d\u00f6nt\u00e9s\u00e9t. Ha a t\u00f6bbs\u00e9g a t\u00e1voz\u00e1sra voksol, akkor ez fog t\u00f6rt\u00e9nni&#8221; &#8211; mondta Tusk, aki ezzel kapcsolatban lesz\u00f6gezte, hogy \u00f6r\u00f6kre megv\u00e1ltoztatja Eur\u00f3p\u00e1t, ha a referendumon a kil\u00e9p\u00e9s t\u00e1mogat\u00f3i gy\u0151znek, \u00e9s ez szerinte rossz ir\u00e1ny\u00fa v\u00e1ltoz\u00e1s lenne.<br \/>\n    Jean-Claude Juncker, az Eur\u00f3pai Bizotts\u00e1g eln\u00f6ke a t\u00e9ma kapcs\u00e1n kifejtette, az el\u0151z\u0151 heti cs\u00facs\u00e9rtekezleten hossz\u00fa \u00e9s neh\u00e9z vit\u00e1t folytattak, de a tag\u00e1llami vezet\u0151k v\u00e9g\u00fcl megmutatt\u00e1k, hogy Eur\u00f3pa m\u00e9g k\u00fcl\u00f6n\u00f6sen neh\u00e9z helyzetekben is k\u00e9pes j\u00f3 d\u00f6nt\u00e9seket hozni.<br \/>\n    Juncker szerint kiegyens\u00falyozott meg\u00e1llapod\u00e1s sz\u00fcletett, amely tiszteletben tartja a k\u00f6z\u00f6ss\u00e9g alapelveit, ugyanakkor megold\u00e1st jelent a brit aggodalmakra.<br \/>\n    Nagy-Britanni\u00e1ban j\u00fanius 23-\u00e1n n\u00e9pszavaz\u00e1st tartanak az orsz\u00e1g EU-tags\u00e1g\u00e1r\u00f3l, a brit korm\u00e1ny pedig a referendum el\u0151tt \u00fajra akarta t\u00e1rgyalni az Eur\u00f3pai Uni\u00f3hoz f\u0171z\u0151d\u0151 viszonyrendszer\u00e9t Br\u00fcsszellel, valamint a t\u00f6bbi tag\u00e1llammal, hogy a brit v\u00e1laszt\u00f3k e t\u00e1rgyal\u00e1sok eredm\u00e9nyei alapj\u00e1n d\u00f6nthessenek arr\u00f3l, hogy az EU-n bel\u00fcl vagy azon k\u00edv\u00fcl akarj\u00e1k-e tudni haz\u00e1jukat.(MTI)<\/p>\n","protected":false},"excerpt":{"rendered":"<p>Jogilag k\u00f6telez\u0151 \u00e9rv\u00e9ny\u0171 \u00e9s visszaford\u00edthatatlan a brit reformk\u00f6vetel\u00e9sekr\u0151l az uni\u00f3s \u00e1llam- \u00e9s korm\u00e1nyf\u0151k m\u00falt heti tan\u00e1cskoz\u00e1s\u00e1n elfogadott meg\u00e1llapod\u00e1s &#8211; k\u00f6z\u00f6lte Donald Tusk, az Eur\u00f3pai Tan\u00e1cs eln\u00f6ke szerd\u00e1n az Eur\u00f3pai Parlament plen\u00e1ris \u00fcl\u00e9s\u00e9n.<\/p>\n","protected":false},"author":1,"featured_media":0,"comment_status":"open","ping_status":"closed","sticky":false,"template":"","format":"standard","meta":[],"categories":[12],"tags":[],"_links":{"self":[{"href":"https:\/\/gazdasagportal.hu\/index.php\/wp-json\/wp\/v2\/posts\/75271"}],"collection":[{"href":"https:\/\/gazdasagportal.hu\/index.php\/wp-json\/wp\/v2\/posts"}],"about":[{"href":"https:\/\/gazdasagportal.hu\/index.php\/wp-json\/wp\/v2\/types\/post"}],"author":[{"embeddable":true,"href":"https:\/\/gazdasagportal.hu\/index.php\/wp-json\/wp\/v2\/users\/1"}],"replies":[{"embeddable":true,"href":"https:\/\/gazdasagportal.hu\/index.php\/wp-json\/wp\/v2\/comments?post=75271"}],"version-history":[{"count":1,"href":"https:\/\/gazdasagportal.hu\/index.php\/wp-json\/wp\/v2\/posts\/75271\/revisions"}],"predecessor-version":[{"id":75272,"href":"https:\/\/gazdasagportal.hu\/index.php\/wp-json\/wp\/v2\/posts\/75271\/revisions\/75272"}],"wp:attachment":[{"href":"https:\/\/gazdasagportal.hu\/index.php\/wp-json\/wp\/v2\/media?parent=75271"}],"wp:term":[{"taxonomy":"category","embeddable":true,"href":"https:\/\/gazdasagportal.hu\/index.php\/wp-json\/wp\/v2\/categories?post=75271"},{"taxonomy":"post_tag","embeddable":true,"href":"https:\/\/gazdasagportal.hu\/index.php\/wp-json\/wp\/v2\/tags?post=75271"}],"curies":[{"name":"wp","href":"https:\/\/api.w.org\/{rel}","templated":true}]}}