{"id":75269,"date":"2016-02-24T16:55:11","date_gmt":"2016-02-24T15:55:11","guid":{"rendered":"http:\/\/gazdasagportal.hu\/?p=75269"},"modified":"2016-02-24T16:55:11","modified_gmt":"2016-02-24T15:55:11","slug":"a-jegybank-visszavonta-a-pro-v1ta-egeszsegpenztar-engedelyet","status":"publish","type":"post","link":"https:\/\/gazdasagportal.hu\/index.php\/a-jegybank-visszavonta-a-pro-v1ta-egeszsegpenztar-engedelyet\/","title":{"rendered":"A jegybank visszavonta a PRO V1TA Eg\u00e9szs\u00e9gp\u00e9nzt\u00e1r enged\u00e9ly\u00e9t"},"content":{"rendered":"<p><strong>A Magyar Nemzeti Bank (MNB) visszavonta a PRO V1TA Els\u0151 Magyar Kieg\u00e9sz\u00edt\u0151 Eg\u00e9szs\u00e9gp\u00e9nzt\u00e1r tev\u00e9kenys\u00e9gi enged\u00e9ly\u00e9t \u00e9s kezdem\u00e9nyezte felsz\u00e1mol\u00e1s\u00e1t, mivel a p\u00e9nzt\u00e1r s\u00falyosan \u00e9s folyamatosan megszegi a tev\u00e9kenys\u00e9g\u00e9re vonatkoz\u00f3 jogszab\u00e1lyi rendelkez\u00e9seket a jegybank vizsg\u00e1lata szerint &#8211; k\u00f6z\u00f6lte az MNB szerd\u00e1n az MTI-vel.<\/strong><!--more--><\/p>\n<div class=\"ads-in-post1\"><div id=\"gazdasagportal.hu_fullbanner_wideboard\"><\/div>\r\n<\/div>\n<p>    Hozz\u00e1tett\u00e9k: a p\u00e9nzt\u00e1rvagyon fedezeti alapra es\u0151 r\u00e9sz\u00e9nek tagok k\u00f6z\u00f6tti feloszt\u00e1sa a felsz\u00e1mol\u00e1si elj\u00e1r\u00e1sban v\u00e1rhat\u00f3.<br \/>\n    A jegybank hat\u00e1rozat\u00e1ban a felsz\u00e1mol\u00e1s kezd\u0151 id\u0151pontj\u00e1ig &#8211; a tagok vagyoni jogainak v\u00e9delme \u00e9rdek\u00e9ben &#8211; megtiltotta a p\u00e9nzt\u00e1r eszk\u00f6zei feletti szabad rendelkez\u00e9st, a p\u00e9nzt\u00e1r kifizet\u00e9st nem teljes\u00edthet, \u00faj befektet\u00e9st nem eszk\u00f6z\u00f6lhet.<br \/>\n(MTI)<\/p>\n","protected":false},"excerpt":{"rendered":"<p>A Magyar Nemzeti Bank (MNB) visszavonta a PRO V1TA Els\u0151 Magyar Kieg\u00e9sz\u00edt\u0151 Eg\u00e9szs\u00e9gp\u00e9nzt\u00e1r tev\u00e9kenys\u00e9gi enged\u00e9ly\u00e9t \u00e9s kezdem\u00e9nyezte felsz\u00e1mol\u00e1s\u00e1t, mivel a p\u00e9nzt\u00e1r s\u00falyosan \u00e9s folyamatosan megszegi a tev\u00e9kenys\u00e9g\u00e9re vonatkoz\u00f3 jogszab\u00e1lyi rendelkez\u00e9seket a jegybank vizsg\u00e1lata szerint &#8211; k\u00f6z\u00f6lte az MNB szerd\u00e1n az MTI-vel.<\/p>\n","protected":false},"author":1,"featured_media":0,"comment_status":"open","ping_status":"closed","sticky":false,"template":"","format":"standard","meta":[],"categories":[19],"tags":[],"_links":{"self":[{"href":"https:\/\/gazdasagportal.hu\/index.php\/wp-json\/wp\/v2\/posts\/75269"}],"collection":[{"href":"https:\/\/gazdasagportal.hu\/index.php\/wp-json\/wp\/v2\/posts"}],"about":[{"href":"https:\/\/gazdasagportal.hu\/index.php\/wp-json\/wp\/v2\/types\/post"}],"author":[{"embeddable":true,"href":"https:\/\/gazdasagportal.hu\/index.php\/wp-json\/wp\/v2\/users\/1"}],"replies":[{"embeddable":true,"href":"https:\/\/gazdasagportal.hu\/index.php\/wp-json\/wp\/v2\/comments?post=75269"}],"version-history":[{"count":1,"href":"https:\/\/gazdasagportal.hu\/index.php\/wp-json\/wp\/v2\/posts\/75269\/revisions"}],"predecessor-version":[{"id":75270,"href":"https:\/\/gazdasagportal.hu\/index.php\/wp-json\/wp\/v2\/posts\/75269\/revisions\/75270"}],"wp:attachment":[{"href":"https:\/\/gazdasagportal.hu\/index.php\/wp-json\/wp\/v2\/media?parent=75269"}],"wp:term":[{"taxonomy":"category","embeddable":true,"href":"https:\/\/gazdasagportal.hu\/index.php\/wp-json\/wp\/v2\/categories?post=75269"},{"taxonomy":"post_tag","embeddable":true,"href":"https:\/\/gazdasagportal.hu\/index.php\/wp-json\/wp\/v2\/tags?post=75269"}],"curies":[{"name":"wp","href":"https:\/\/api.w.org\/{rel}","templated":true}]}}