{"id":75267,"date":"2016-02-24T16:35:41","date_gmt":"2016-02-24T15:35:41","guid":{"rendered":"http:\/\/gazdasagportal.hu\/?p=75267"},"modified":"2016-02-24T16:35:41","modified_gmt":"2016-02-24T15:35:41","slug":"illegalis-bevandorlas-donald-tusk-rendkivuli-csucsot-tart-marcius-7-en-az-eu-es-torokorszag","status":"publish","type":"post","link":"https:\/\/gazdasagportal.hu\/index.php\/illegalis-bevandorlas-donald-tusk-rendkivuli-csucsot-tart-marcius-7-en-az-eu-es-torokorszag\/","title":{"rendered":"Illeg\u00e1lis bev\u00e1ndorl\u00e1s &#8211; Donald Tusk: rendk\u00edv\u00fcli cs\u00facsot tart m\u00e1rcius 7-\u00e9n az EU \u00e9s T\u00f6r\u00f6korsz\u00e1g"},"content":{"rendered":"<p><strong>Rendk\u00edv\u00fcli migr\u00e1ci\u00f3s cs\u00facstal\u00e1lkoz\u00f3t tartanak m\u00e1rcius 7-\u00e9n Br\u00fcsszelben az Eur\u00f3pai Uni\u00f3 (EU) \u00e9s T\u00f6r\u00f6korsz\u00e1g vezet\u0151i &#8211; k\u00f6z\u00f6lte Donald Tusk, az Eur\u00f3pai Tan\u00e1cs eln\u00f6ke szerd\u00e1n az Eur\u00f3pai Parlament plen\u00e1ris \u00fcl\u00e9s\u00e9n.<\/strong><!--more--><\/p>\n<div class=\"ads-in-post1\"><div id=\"gazdasagportal.hu_fullbanner_wideboard\"><\/div>\r\n<\/div>\n<p>    A m\u00e1rciusi EU-t\u00f6r\u00f6k tal\u00e1lkoz\u00f3r\u00f3l sz\u00f3l\u00f3 bejelent\u00e9st az Eur\u00f3pai Bizotts\u00e1g eln\u00f6ke is meger\u0151s\u00edtette az \u00fcl\u00e9sen. Jean-Claude Juncker felsz\u00f3lal\u00e1s\u00e1ban hangs\u00falyozta, az uni\u00f3s tag\u00e1llamok vezet\u0151i az el\u0151z\u0151 h\u00e9ten meger\u0151s\u00edtett\u00e9k a migr\u00e1ci\u00f3s v\u00e1ls\u00e1g kapcs\u00e1n az Eur\u00f3pai Uni\u00f3 Tan\u00e1csa \u00e1ltal kor\u00e1bban m\u00e1r j\u00f3v\u00e1hagyott d\u00f6nt\u00e9seket, \u00e9s most ezeket \u00e1t kell \u00fcltetni a gyakorlatba.<br \/>\n    Juncker lesz\u00f6gezte, a menek\u00fcltv\u00e1ls\u00e1g kezel\u00e9s\u00e9ben kiz\u00e1r\u00f3lag a k\u00f6z\u00f6s eur\u00f3pai megk\u00f6zel\u00edt\u00e9s vezethet eredm\u00e9nyre, a k\u00fcl\u00f6n utak csak akad\u00e1lyozz\u00e1k a megold\u00e1st.<br \/>\n    N\u00e9vtelens\u00e9get k\u00e9r\u0151 eur\u00f3pai tan\u00e1csi tiszts\u00e9gvisel\u0151k kor\u00e1bban arr\u00f3l sz\u00e1moltak be, hogy a m\u00e1rcius 7-i \u00fcl\u00e9s r\u00e9sztvev\u0151i egy munkaeb\u00e9d keret\u00e9ben fogj\u00e1k megvitatni a menek\u00fcltv\u00e1ls\u00e1g kezel\u00e9s\u00e9nek k\u00e9rd\u00e9seit.<br \/>\n    Donald Tusk az el\u0151z\u0151 h\u00e9ten jelentette be, hogy m\u00e1rcius elej\u00e9n tal\u00e1lkoz\u00f3t tartanak az EU \u00e9s T\u00f6r\u00f6korsz\u00e1g vezet\u0151 politikusai. Mint mondta, a migr\u00e1ci\u00f3s hull\u00e1m megf\u00e9kez\u00e9s\u00e9r\u0151l a t\u00f6r\u00f6k korm\u00e1ny \u00e9s az uni\u00f3s tag\u00e1llamok vezet\u0151i k\u00f6z\u00f6tt l\u00e9trej\u00f6tt egyezm\u00e9ny v\u00e9grehajt\u00e1sa tov\u00e1bbra is els\u0151dleges fontoss\u00e1g\u00fa, ez\u00e9rt van sz\u00fcks\u00e9g a felek k\u00f6zti egyeztet\u00e9sre.<br \/>\n    Ankara tavaly november v\u00e9g\u00e9n \u00edg\u00e9retet tett arra, hogy er\u0151fesz\u00edt\u00e9seket tesz az Eur\u00f3p\u00e1ba ir\u00e1nyul\u00f3 illeg\u00e1lis migr\u00e1ci\u00f3 megf\u00e9kez\u00e9s\u00e9re, cser\u00e9ben az uni\u00f3 egyebek mellett v\u00e1llalta, hogy h\u00e1rommilli\u00e1rd eur\u00f3val t\u00e1mogatja a sz\u00edriai menek\u00fcltek t\u00f6r\u00f6korsz\u00e1gi ell\u00e1t\u00e1s\u00e1t, felgyors\u00edtja a v\u00edzumliberaliz\u00e1ci\u00f3s t\u00e1rgyal\u00e1sokat \u00e9s az EU-tagjel\u00f6lt T\u00f6r\u00f6korsz\u00e1g integr\u00e1ci\u00f3j\u00e1t.(MTI)<\/p>\n<p>kbar \\ kpk \\ kvs<\/p><div id=\"gazda-1390144961\" class=\"gazda-tartalomban gazda-entity-placement\"><script async src=\"https:\/\/pagead2.googlesyndication.com\/pagead\/js\/adsbygoogle.js\"><\/script>\r\n<ins class=\"adsbygoogle\"\r\n     style=\"display:block\"\r\n     data-ad-format=\"fluid\"\r\n     data-ad-layout-key=\"-6t+ed+2i-1n-4w\"\r\n     data-ad-client=\"ca-pub-1959107119989764\"\r\n     data-ad-slot=\"4008251320\"><\/ins>\r\n<script>\r\n     (adsbygoogle = window.adsbygoogle || []).push({});\r\n<\/script><\/div>\n","protected":false},"excerpt":{"rendered":"<p>Rendk\u00edv\u00fcli migr\u00e1ci\u00f3s cs\u00facstal\u00e1lkoz\u00f3t tartanak m\u00e1rcius 7-\u00e9n Br\u00fcsszelben az Eur\u00f3pai Uni\u00f3 (EU) \u00e9s T\u00f6r\u00f6korsz\u00e1g vezet\u0151i &#8211; k\u00f6z\u00f6lte Donald Tusk, az Eur\u00f3pai Tan\u00e1cs eln\u00f6ke szerd\u00e1n az Eur\u00f3pai Parlament plen\u00e1ris \u00fcl\u00e9s\u00e9n.<\/p>\n","protected":false},"author":1,"featured_media":0,"comment_status":"open","ping_status":"closed","sticky":false,"template":"","format":"standard","meta":[],"categories":[12],"tags":[],"_links":{"self":[{"href":"https:\/\/gazdasagportal.hu\/index.php\/wp-json\/wp\/v2\/posts\/75267"}],"collection":[{"href":"https:\/\/gazdasagportal.hu\/index.php\/wp-json\/wp\/v2\/posts"}],"about":[{"href":"https:\/\/gazdasagportal.hu\/index.php\/wp-json\/wp\/v2\/types\/post"}],"author":[{"embeddable":true,"href":"https:\/\/gazdasagportal.hu\/index.php\/wp-json\/wp\/v2\/users\/1"}],"replies":[{"embeddable":true,"href":"https:\/\/gazdasagportal.hu\/index.php\/wp-json\/wp\/v2\/comments?post=75267"}],"version-history":[{"count":1,"href":"https:\/\/gazdasagportal.hu\/index.php\/wp-json\/wp\/v2\/posts\/75267\/revisions"}],"predecessor-version":[{"id":75268,"href":"https:\/\/gazdasagportal.hu\/index.php\/wp-json\/wp\/v2\/posts\/75267\/revisions\/75268"}],"wp:attachment":[{"href":"https:\/\/gazdasagportal.hu\/index.php\/wp-json\/wp\/v2\/media?parent=75267"}],"wp:term":[{"taxonomy":"category","embeddable":true,"href":"https:\/\/gazdasagportal.hu\/index.php\/wp-json\/wp\/v2\/categories?post=75267"},{"taxonomy":"post_tag","embeddable":true,"href":"https:\/\/gazdasagportal.hu\/index.php\/wp-json\/wp\/v2\/tags?post=75267"}],"curies":[{"name":"wp","href":"https:\/\/api.w.org\/{rel}","templated":true}]}}