{"id":75221,"date":"2016-02-23T22:50:02","date_gmt":"2016-02-23T21:50:02","guid":{"rendered":"http:\/\/gazdasagportal.hu\/?p=75221"},"modified":"2016-02-23T22:50:02","modified_gmt":"2016-02-23T21:50:02","slug":"iszlam-allam-az-amerikai-kulonmegbizott-szerint-csokkent-az-iszlam-allam-kulfoldi-dzsihadistainak-szama","status":"publish","type":"post","link":"https:\/\/gazdasagportal.hu\/index.php\/iszlam-allam-az-amerikai-kulonmegbizott-szerint-csokkent-az-iszlam-allam-kulfoldi-dzsihadistainak-szama\/","title":{"rendered":"Iszl\u00e1m \u00c1llam &#8211; Az amerikai k\u00fcl\u00f6nmegb\u00edzott szerint cs\u00f6kkent az Iszl\u00e1m \u00c1llam k\u00fclf\u00f6ldi dzsihadist\u00e1inak sz\u00e1ma"},"content":{"rendered":"<p><strong>Az Iszl\u00e1m \u00c1llam nagy nyom\u00e1s alatt van, \u00e9s l\u00e9tsz\u00e1ma is jelent\u0151sen cs\u00f6kkent &#8211; \u00e1ll\u00edtja Brett McGurk, a dzsihadista terrorszervezet elleni glob\u00e1lis koal\u00edci\u00f3 amerikai k\u00fcl\u00f6nmegb\u00edzottja.<\/strong><!--more--><\/p>\n<div class=\"ads-in-post1\"><div id=\"gazdasagportal.hu_fullbanner_wideboard\"><\/div>\r\n<\/div>\n<p>    McGurk a Feh\u00e9r H\u00e1zban \u00fajs\u00e1g\u00edr\u00f3kkal tal\u00e1lkozva fejtette ki \u00e1ll\u00e1spontj\u00e1t az Iszl\u00e1m \u00c1llam (I\u00c1) jelenlegi helyzet\u00e9r\u0151l. Tapasztalatai szerint a terrorszervezet ugyan v\u00e1ltozatlanul igyekszik min\u00e9l t\u00f6bb dzsihadist\u00e1t toborozni k\u00fclf\u00f6ldr\u0151l, \u00e1m ezzel egy\u00fctt is a k\u00fclf\u00f6ldr\u0151l sz\u00e1rmaz\u00f3 dzsihadista harcosok l\u00e9tsz\u00e1ma a kor\u00e1bbi harminc\u00f6tezerr\u0151l huszon\u00f6tezerre apadt. Ezt McGurk az amerikaiak vezette er\u0151fesz\u00edt\u00e9seknek tulajdon\u00edtotta.<br \/>\n    A dzsihadista csoporthoz a k\u00fcl\u00f6nmegb\u00edzott t\u00e1j\u00e9koztat\u00e1sa szerint sz\u00e1zh\u00fasz orsz\u00e1gb\u00f3l csatlakoztak harcosok, de a sz\u00e9ls\u0151s\u00e9ges csoport egyre nagyobb nyom\u00e1s alatt van, s legut\u00f3bb p\u00e9ld\u00e1ul arra k\u00e9nyszer\u00fclt, hogy fel\u00e9re cs\u00f6kkentse a dzsihadist\u00e1k fizet\u00e9s\u00e9t. Az Iszl\u00e1m \u00c1llam t\u00e1mad\u00e1sainak c\u00e9lpontja most L\u00edbia, \u00e1m &#8222;az Egyes\u00fclt \u00c1llamok pillanatig sem fog habozni \u00e9s cselekszik, ha L\u00edbi\u00e1ban is komoly terrorista fenyeget\u00e9s jelenik meg&#8221; &#8211; jelentette ki Brett McGurk.(MTI)<\/p>\n","protected":false},"excerpt":{"rendered":"<p>Az Iszl\u00e1m \u00c1llam nagy nyom\u00e1s alatt van, \u00e9s l\u00e9tsz\u00e1ma is jelent\u0151sen cs\u00f6kkent &#8211; \u00e1ll\u00edtja Brett McGurk, a dzsihadista terrorszervezet elleni glob\u00e1lis koal\u00edci\u00f3 amerikai k\u00fcl\u00f6nmegb\u00edzottja.<\/p>\n","protected":false},"author":1,"featured_media":0,"comment_status":"open","ping_status":"closed","sticky":false,"template":"","format":"standard","meta":[],"categories":[16],"tags":[],"_links":{"self":[{"href":"https:\/\/gazdasagportal.hu\/index.php\/wp-json\/wp\/v2\/posts\/75221"}],"collection":[{"href":"https:\/\/gazdasagportal.hu\/index.php\/wp-json\/wp\/v2\/posts"}],"about":[{"href":"https:\/\/gazdasagportal.hu\/index.php\/wp-json\/wp\/v2\/types\/post"}],"author":[{"embeddable":true,"href":"https:\/\/gazdasagportal.hu\/index.php\/wp-json\/wp\/v2\/users\/1"}],"replies":[{"embeddable":true,"href":"https:\/\/gazdasagportal.hu\/index.php\/wp-json\/wp\/v2\/comments?post=75221"}],"version-history":[{"count":1,"href":"https:\/\/gazdasagportal.hu\/index.php\/wp-json\/wp\/v2\/posts\/75221\/revisions"}],"predecessor-version":[{"id":75222,"href":"https:\/\/gazdasagportal.hu\/index.php\/wp-json\/wp\/v2\/posts\/75221\/revisions\/75222"}],"wp:attachment":[{"href":"https:\/\/gazdasagportal.hu\/index.php\/wp-json\/wp\/v2\/media?parent=75221"}],"wp:term":[{"taxonomy":"category","embeddable":true,"href":"https:\/\/gazdasagportal.hu\/index.php\/wp-json\/wp\/v2\/categories?post=75221"},{"taxonomy":"post_tag","embeddable":true,"href":"https:\/\/gazdasagportal.hu\/index.php\/wp-json\/wp\/v2\/tags?post=75221"}],"curies":[{"name":"wp","href":"https:\/\/api.w.org\/{rel}","templated":true}]}}