{"id":75215,"date":"2016-02-23T22:27:20","date_gmt":"2016-02-23T21:27:20","guid":{"rendered":"http:\/\/gazdasagportal.hu\/?p=75215"},"modified":"2016-02-23T21:05:27","modified_gmt":"2016-02-23T20:05:27","slug":"illegalis-bevandorlas-lengyelorszag-meghosszabbitana-a-migransok-atvallalasat-celzo-eljarast","status":"publish","type":"post","link":"https:\/\/gazdasagportal.hu\/index.php\/illegalis-bevandorlas-lengyelorszag-meghosszabbitana-a-migransok-atvallalasat-celzo-eljarast\/","title":{"rendered":"Illeg\u00e1lis bev\u00e1ndorl\u00e1s &#8211; Lengyelorsz\u00e1g meghosszabb\u00edtan\u00e1 a migr\u00e1nsok \u00e1tv\u00e1llal\u00e1s\u00e1t c\u00e9lz\u00f3 elj\u00e1r\u00e1st"},"content":{"rendered":"<p><strong>Meghosszabb\u00edtan\u00e1k Lengyelorsz\u00e1gban a k\u00f6telez\u0151 kv\u00f3ta keret\u00e9ben \u00e1tv\u00e1llaland\u00f3 menek\u00fcltekre vonatkoz\u00f3 biztons\u00e1gi ellen\u0151rz\u00e9st, melynek eredm\u00e9nyek\u00e9nt el is utas\u00edthatn\u00e1k a befogad\u00e1st &#8211; der\u00fcl ki a keddi lengyel korm\u00e1ny\u00fcl\u00e9sen megt\u00e1rgyalt \u00e9s a lengyel sajt\u00f3ban ismertetett t\u00f6rv\u00e9nyjavaslatb\u00f3l.<\/strong><!--more--><\/p>\n<div class=\"ads-in-post1\"><div id=\"gazdasagportal.hu_fullbanner_wideboard\"><\/div>\r\n<\/div>\n<p>    A t\u00f6rv\u00e9nym\u00f3dos\u00edt\u00e1si javaslat szerz\u0151i szerint a v\u00e1ltoz\u00e1sok lehet\u0151v\u00e9 teszik a k\u00f6telez\u0151 uni\u00f3s kv\u00f3ta teljes\u00edt\u00e9s\u00e9t, garant\u00e1lva ugyanakkor az orsz\u00e1g biztons\u00e1g\u00e1t.<br \/>\n    A nemzetk\u00f6zi v\u00e9delemny\u00fajt\u00e1sr\u00f3l sz\u00f3l\u00f3 jelenlegi t\u00f6rv\u00e9ny szerint a lengyel rend\u0151rs\u00e9g, a hat\u00e1r\u0151rs\u00e9g \u00e9s a belbiztons\u00e1gi hivatal (ABW) arr\u00f3l t\u00e1j\u00e9koztatja a bev\u00e1ndorl\u00e1si hivatal f\u0151n\u00f6k\u00e9t, hogy a Lengyelorsz\u00e1gba \u00e1ttelep\u00fclni k\u00e9sz\u00fcl\u0151 k\u00fclf\u00f6ldi \u00e1llampolg\u00e1r vesz\u00e9lyt jelenthet-e &#8222;az \u00e1llam v\u00e9delm\u00e9re, biztons\u00e1g\u00e1ra, illetve k\u00f6zrendj\u00e9re n\u00e9zve&#8221;. Az eddig \u00e9rv\u00e9nyes jogszab\u00e1ly h\u00e9t napban szabja meg a v\u00e9lem\u00e9nynyilv\u00e1n\u00edt\u00e1sra sz\u00e1nt id\u0151szakot, a m\u00f3dos\u00edt\u00e1s viszont 45 napra terjeszten\u00e9 ki ezt, tov\u00e1bbi 14 napos meghosszabb\u00edt\u00e1st is lehet\u0151v\u00e9 t\u00e9ve. A t\u00f6rv\u00e9nym\u00f3dos\u00edt\u00e1s indokl\u00e1sa szerint az eddigi jogszab\u00e1ly nem tette lehet\u0151v\u00e9 a sz\u00fcks\u00e9ges inform\u00e1ci\u00f3k megszerz\u00e9s\u00e9t, mivel a biztons\u00e1gi ellen\u0151rz\u00e9s t\u00fal r\u00f6vid volt.<br \/>\n    A javaslat \u00e9rtelm\u00e9ben a rend\u00e9szeti szerveknek egy\u00e9rtelm\u0171 \u00e1ll\u00e1sfoglal\u00e1st kell tenni\u00fck a bev\u00e1ndorl\u00e1si hivatal sz\u00e1m\u00e1ra az ellen\u0151rz\u00f6tt szem\u00e9lyr\u0151l. \u00cdgy megsz\u0171nne az az eddig \u00e9rv\u00e9nyes elv, miszerint az inform\u00e1ci\u00f3 hi\u00e1nya automatikusan &#8222;biztons\u00e1gosnak&#8221; min\u0151s\u00edti a k\u00fclf\u00f6ldi \u00e1llampolg\u00e1rt. Azt a befogad\u00e1sra kijel\u00f6lt szem\u00e9lyt, akit az illet\u00e9kes szervek b\u00e1rmelyike potenci\u00e1lisan vesz\u00e9lyesnek min\u0151s\u00edt, nem telep\u00edtik \u00e1t. A lengyel bev\u00e1ndorl\u00e1si hivatal f\u0151n\u00f6ke az ilyen esetekben a lengyelorsz\u00e1gi elj\u00e1r\u00e1s negat\u00edv eredm\u00e9ny\u00e9r\u0151l \u00e9rtes\u00edti az \u00e1tad\u00f3 uni\u00f3s tag\u00e1llam megfelel\u0151 hat\u00f3s\u00e1g\u00e1t.<br \/>\n    A biztons\u00e1gi ellen\u0151rz\u00e9snek a 13 \u00e9ven aluliakat nem vetik al\u00e1.<br \/>\n    Az el\u0151z\u0151 lengyel korm\u00e1ny tavaly szeptemberben elfogadta az Eur\u00f3pai Bizotts\u00e1g k\u00f6telez\u0151 kv\u00f3t\u00e1j\u00e1t, amely 120 ezer menek\u00fclt sz\u00e9toszt\u00e1s\u00e1t ir\u00e1nyozza el\u0151 a tagorsz\u00e1gok k\u00f6z\u00f6tt. Lengyelorsz\u00e1gnak e meg\u00e1llapod\u00e1s, valamint egy kor\u00e1bbi k\u00f6telezetts\u00e9gv\u00e1llal\u00e1s \u00e9rtelm\u00e9ben 2017 v\u00e9g\u00e9ig \u00f6sszesen 6-7 ezer migr\u00e1nst kellene befogadnia. A menek\u00fcltek t\u00f6bbs\u00e9ge j\u00f6v\u0151re \u00e9rkezne, az id\u00e9n Lengyelorsz\u00e1g 400 menek\u00fclt befogad\u00e1s\u00e1ra k\u00e9sz. A lengyel bev\u00e1ndorl\u00e1si hivatalhoz eddig a kv\u00f3ta keret\u00e9ben mintegy 100 mened\u00e9kjogi k\u00e9relem futott be.(MTI)<\/p>\n","protected":false},"excerpt":{"rendered":"<p>Meghosszabb\u00edtan\u00e1k Lengyelorsz\u00e1gban a k\u00f6telez\u0151 kv\u00f3ta keret\u00e9ben \u00e1tv\u00e1llaland\u00f3 menek\u00fcltekre vonatkoz\u00f3 biztons\u00e1gi ellen\u0151rz\u00e9st, melynek eredm\u00e9nyek\u00e9nt el is utas\u00edthatn\u00e1k a befogad\u00e1st &#8211; der\u00fcl ki a keddi lengyel korm\u00e1ny\u00fcl\u00e9sen megt\u00e1rgyalt \u00e9s a lengyel sajt\u00f3ban ismertetett t\u00f6rv\u00e9nyjavaslatb\u00f3l.<\/p>\n","protected":false},"author":1,"featured_media":0,"comment_status":"open","ping_status":"closed","sticky":false,"template":"","format":"standard","meta":[],"categories":[12],"tags":[],"_links":{"self":[{"href":"https:\/\/gazdasagportal.hu\/index.php\/wp-json\/wp\/v2\/posts\/75215"}],"collection":[{"href":"https:\/\/gazdasagportal.hu\/index.php\/wp-json\/wp\/v2\/posts"}],"about":[{"href":"https:\/\/gazdasagportal.hu\/index.php\/wp-json\/wp\/v2\/types\/post"}],"author":[{"embeddable":true,"href":"https:\/\/gazdasagportal.hu\/index.php\/wp-json\/wp\/v2\/users\/1"}],"replies":[{"embeddable":true,"href":"https:\/\/gazdasagportal.hu\/index.php\/wp-json\/wp\/v2\/comments?post=75215"}],"version-history":[{"count":1,"href":"https:\/\/gazdasagportal.hu\/index.php\/wp-json\/wp\/v2\/posts\/75215\/revisions"}],"predecessor-version":[{"id":75216,"href":"https:\/\/gazdasagportal.hu\/index.php\/wp-json\/wp\/v2\/posts\/75215\/revisions\/75216"}],"wp:attachment":[{"href":"https:\/\/gazdasagportal.hu\/index.php\/wp-json\/wp\/v2\/media?parent=75215"}],"wp:term":[{"taxonomy":"category","embeddable":true,"href":"https:\/\/gazdasagportal.hu\/index.php\/wp-json\/wp\/v2\/categories?post=75215"},{"taxonomy":"post_tag","embeddable":true,"href":"https:\/\/gazdasagportal.hu\/index.php\/wp-json\/wp\/v2\/tags?post=75215"}],"curies":[{"name":"wp","href":"https:\/\/api.w.org\/{rel}","templated":true}]}}