{"id":75203,"date":"2016-02-24T05:32:57","date_gmt":"2016-02-24T04:32:57","guid":{"rendered":"http:\/\/gazdasagportal.hu\/?p=75203"},"modified":"2016-02-23T20:04:05","modified_gmt":"2016-02-23T19:04:05","slug":"guantanamoi-bortontelep-az-amerikai-torvenyhozok-kozott-maris-vannak-akik-ellenzik-obama-elnok-tervenek-egyes-elemeit","status":"publish","type":"post","link":"https:\/\/gazdasagportal.hu\/index.php\/guantanamoi-bortontelep-az-amerikai-torvenyhozok-kozott-maris-vannak-akik-ellenzik-obama-elnok-tervenek-egyes-elemeit\/","title":{"rendered":"Guant\u00e1nam\u00f3i b\u00f6rt\u00f6ntelep &#8211; Az amerikai t\u00f6rv\u00e9nyhoz\u00f3k k\u00f6z\u00f6tt m\u00e1ris vannak, akik ellenzik Obama eln\u00f6k terv\u00e9nek egyes elemeit"},"content":{"rendered":"<p>Alig terjesztette el\u0151 terv\u00e9t a guant\u00e1nam\u00f3i amerikai haditenger\u00e9szeti t\u00e1maszponton m\u0171k\u00f6d\u0151 b\u00f6rt\u00f6n bez\u00e1r\u00e1s\u00e1ra kedden az amerikai eln\u00f6k, a Capitoliumban m\u00e1ris megsz\u00f3laltak az els\u0151 ellenz\u0151 hangok. <\/p>\n<p>    Nem az el\u0151terjesztett terv teljes elutas\u00edt\u00e1s\u00e1r\u00f3l besz\u00e9ltek, hanem annak egyes elemeit nem tartj\u00e1k elfogadhat\u00f3nak a k\u00e9pvisel\u0151h\u00e1z \u00e9s a szen\u00e1tus republik\u00e1nus csoportjainak vezet\u0151i. Mitch McConnell, a szen\u00e1tusi republik\u00e1nus t\u00f6bbs\u00e9g vezet\u0151je \u00fagy v\u00e9lekedett, &#8222;Obama eln\u00f6k\u00f6t mintha fogva tartan\u00e1 2008-ban tett egyik kamp\u00e1ny\u00edg\u00e9rete&#8221;. McConnell szerint a kongresszus m\u00e1r t\u00f6bb alkalommal kifejtette n\u00e9zeteit a guant\u00e1nam\u00f3i foglyok amerikai ter\u00fcletre t\u00f6rt\u00e9n\u0151 \u00e1tsz\u00e1ll\u00edt\u00e1sa \u00fcgy\u00e9ben, \u00e9s mindig hat\u00e1rozottan ellenezte azt.<br \/>\n    Paul Ryan, a k\u00e9pvisel\u0151h\u00e1z &#8211; szint\u00e9n republik\u00e1nus &#8211; eln\u00f6ke a Fox telev\u00edzi\u00f3nak nyilatkozva utas\u00edtotta el guant\u00e1nam\u00f3i rabok az Egyes\u00fclt \u00c1llamok ter\u00fclet\u00e9n l\u00e9v\u0151 l\u00e9tes\u00edtm\u00e9nyekbe t\u00f6rt\u00e9n\u0151 \u00e1tsz\u00e1ll\u00edt\u00e1s\u00e1t.<br \/>\n    A Fox telev\u00edzi\u00f3 egy\u00e9bk\u00e9nt meg nem nevezett tiszts\u00e9gvisel\u0151kre hivatkozva arr\u00f3l adott h\u00edrt, hogy a guant\u00e1nam\u00f3i foglyokat d\u00e9l-karolinai, kansasi, colorad\u00f3i b\u00f6rt\u00f6n\u00f6kbe sz\u00e1ll\u00edthatj\u00e1k \u00e1t, s utalt arra, hogy ezeknek a sz\u00f6vets\u00e9gi \u00e1llamoknak a politikusai m\u00e1r kor\u00e1bban kifejezt\u00e9k tiltakoz\u00e1sukat emiatt. Az NBC telev\u00edzi\u00f3 &#8211; szint\u00e9n meg nem nevezett korm\u00e1nyzati forr\u00e1sokra hivatkozva &#8211; arr\u00f3l adott h\u00edrt, hogy a korm\u00e1nyzat tizenh\u00e1rom k\u00fcl\u00f6nb\u00f6z\u0151 amerikai telep\u00fcl\u00e9sre sz\u00e1ll\u00edtana foglyokat, k\u00f6zt\u00fck h\u00e9t b\u00f6rt\u00f6nbe &#8211; Kansasban, D\u00e9l-Karolin\u00e1ban \u00e9s Colorad\u00f3ban -, valamint hat katonai b\u00e1zisra.<br \/>\n    A szabadl\u00e1bra nem ker\u00fcl\u0151 &#8211; teh\u00e1t amerikai b\u00f6rt\u00f6nbe \u00e1tsz\u00e1ll\u00edtand\u00f3 foglyok k\u00f6z\u00f6tt van H\u00e1led Sejk Mohamed is, aki a 2001. szeptember 11-i mer\u00e9nyleteket vizsg\u00e1l\u00f3 bizotts\u00e1g meg\u00e1llap\u00edt\u00e1sai szerint a mer\u00e9nyletek f\u0151 kitervel\u0151je volt, valamint Abu Zubajda, az al-Kaida egyik tagja. Mindketten pakiszt\u00e1ni \u00e1llampolg\u00e1rok. Zubajda 2002, Sejk Mohamed pedig 2006 \u00f3ta van a guant\u00e1nam\u00f3i fogolyt\u00e1borban. Mindkett\u0151j\u00fcket v\u00edzbe fojt\u00e1s szimul\u00e1l\u00e1s\u00e1val k\u00ednozva hallgatt\u00e1k ki, s kihallgat\u00e1sa sor\u00e1n p\u00e9ld\u00e1ul Sejk Mohamed beismerte, hogy r\u00e9sze volt a Vil\u00e1gkereskedelmi K\u00f6zpont elleni 1993-ben elk\u00f6vetett robbant\u00e1s kitervel\u00e9s\u00e9ben, valamint Daniel Pearl amerikai \u00fajs\u00e1g\u00edr\u00f3 pakiszt\u00e1ni meggyilkol\u00e1s\u00e1ban is.<br \/>\n    A guant\u00e1nam\u00f3i b\u00f6rt\u00f6ntelep bez\u00e1r\u00e1sa \u00e9s a foglyok elsz\u00e1ll\u00edt\u00e1sa &#8211; korm\u00e1nyzati forr\u00e1sok szerint &#8211; 290-475 milli\u00f3 doll\u00e1rba ker\u00fcl majd, s az Egyes\u00fclt \u00c1llamokban elhelyezett rabokra 65-85 milli\u00f3 doll\u00e1rral kevesebbet kell k\u00f6lteni, mint Guant\u00e1nam\u00f3n.<br \/>\n    Az amerikai korm\u00e1ny a 2001. szeptember 11-i egyes\u00fclt \u00e1llamokbeli terrort\u00e1mad\u00e1sok ut\u00e1n hozta l\u00e9tre a b\u00f6rt\u00f6nt\u00e1bort, amelynek m\u0171k\u00f6d\u00e9s\u00e9t m\u00e1sok mellett emberi jogi szervezetek is \u00e9lesen b\u00edr\u00e1lt\u00e1k. A Kuba d\u00e9lkeleti r\u00e9sz\u00e9n l\u00e9v\u0151, de amerikai fennhat\u00f3s\u00e1g al\u00e1 tartoz\u00f3 Guant\u00e1nam\u00f3ra az afganiszt\u00e1ni terroristaellenes m\u0171veletekkel \u00f6sszef\u00fcgg\u00e9sben 2001-t\u0151l ker\u00fcltek az al-Kaida nemzetk\u00f6zi terrorh\u00e1l\u00f3zat, a t\u00e1lib sz\u00e9ls\u0151s\u00e9gesek \u00e9s m\u00e1s szervezetek t\u00e1mogat\u00f3i, akiket az Egyes\u00fclt \u00c1llamok korm\u00e1nya terrorist\u00e1nak tekint. A b\u00f6rt\u00f6n bez\u00e1r\u00e1s\u00e1ra Obama eln\u00f6k m\u00e1r els\u0151 eln\u00f6kv\u00e1laszt\u00e1si kamp\u00e1ny\u00e1ban \u00edg\u00e9retet tett.<br \/>\n    Obama a sokat b\u00edr\u00e1lt b\u00f6rt\u00f6nt\u00e1bor bez\u00e1r\u00e1s\u00e1ra vonatkoz\u00f3 terv\u00e9t azzal indokolta, hogy a l\u00e9tes\u00edtm\u00e9ny nem szolg\u00e1lja az Egyes\u00fclt \u00c1llamok nemzetbiztons\u00e1gi \u00e9rdekeit. Az eln\u00f6k indokl\u00e1sa szerint a b\u00f6rt\u00f6nt\u00e1bor l\u00e9te ellent\u00e9tes az amerikai \u00e9rt\u00e9krenddel, \u00e9s al\u00e1\u00e1ssa az Egyes\u00fclt \u00c1llamok tekint\u00e9ly\u00e9t a vil\u00e1gban.(MTI)<\/p>\n","protected":false},"excerpt":{"rendered":"<p>Alig terjesztette el\u0151 terv\u00e9t a guant\u00e1nam\u00f3i amerikai haditenger\u00e9szeti t\u00e1maszponton m\u0171k\u00f6d\u0151 b\u00f6rt\u00f6n bez\u00e1r\u00e1s\u00e1ra kedden az amerikai eln\u00f6k, a Capitoliumban m\u00e1ris megsz\u00f3laltak az els\u0151 ellenz\u0151 hangok. Nem az el\u0151terjesztett terv teljes elutas\u00edt\u00e1s\u00e1r\u00f3l besz\u00e9ltek, hanem annak egyes elemeit nem tartj\u00e1k elfogadhat\u00f3nak a k\u00e9pvisel\u0151h\u00e1z \u00e9s a szen\u00e1tus republik\u00e1nus csoportjainak vezet\u0151i. Mitch McConnell, a szen\u00e1tusi republik\u00e1nus t\u00f6bbs\u00e9g vezet\u0151je \u00fagy v\u00e9lekedett, &#8230;<\/p>\n","protected":false},"author":1,"featured_media":0,"comment_status":"open","ping_status":"closed","sticky":false,"template":"","format":"standard","meta":[],"categories":[13],"tags":[],"_links":{"self":[{"href":"https:\/\/gazdasagportal.hu\/index.php\/wp-json\/wp\/v2\/posts\/75203"}],"collection":[{"href":"https:\/\/gazdasagportal.hu\/index.php\/wp-json\/wp\/v2\/posts"}],"about":[{"href":"https:\/\/gazdasagportal.hu\/index.php\/wp-json\/wp\/v2\/types\/post"}],"author":[{"embeddable":true,"href":"https:\/\/gazdasagportal.hu\/index.php\/wp-json\/wp\/v2\/users\/1"}],"replies":[{"embeddable":true,"href":"https:\/\/gazdasagportal.hu\/index.php\/wp-json\/wp\/v2\/comments?post=75203"}],"version-history":[{"count":1,"href":"https:\/\/gazdasagportal.hu\/index.php\/wp-json\/wp\/v2\/posts\/75203\/revisions"}],"predecessor-version":[{"id":75204,"href":"https:\/\/gazdasagportal.hu\/index.php\/wp-json\/wp\/v2\/posts\/75203\/revisions\/75204"}],"wp:attachment":[{"href":"https:\/\/gazdasagportal.hu\/index.php\/wp-json\/wp\/v2\/media?parent=75203"}],"wp:term":[{"taxonomy":"category","embeddable":true,"href":"https:\/\/gazdasagportal.hu\/index.php\/wp-json\/wp\/v2\/categories?post=75203"},{"taxonomy":"post_tag","embeddable":true,"href":"https:\/\/gazdasagportal.hu\/index.php\/wp-json\/wp\/v2\/tags?post=75203"}],"curies":[{"name":"wp","href":"https:\/\/api.w.org\/{rel}","templated":true}]}}