{"id":75199,"date":"2016-02-24T03:39:56","date_gmt":"2016-02-24T02:39:56","guid":{"rendered":"http:\/\/gazdasagportal.hu\/?p=75199"},"modified":"2016-02-23T20:01:03","modified_gmt":"2016-02-23T19:01:03","slug":"netanyahu-felesege-miatt-nem-utazhatott-a-kormanygeppel-az-izraeli-igazsagugy-miniszter","status":"publish","type":"post","link":"https:\/\/gazdasagportal.hu\/index.php\/netanyahu-felesege-miatt-nem-utazhatott-a-kormanygeppel-az-izraeli-igazsagugy-miniszter\/","title":{"rendered":"Netanyahu feles\u00e9ge miatt nem utazhatott a korm\u00e1nyg\u00e9ppel az izraeli igazs\u00e1g\u00fcgy-miniszter"},"content":{"rendered":"<p><strong>Benj\u00e1min Netanjahu korm\u00e1nyf\u0151 feles\u00e9g\u00e9nek, Sara Netanjahunak a tiltakoz\u00e1sa miatt nem utazhatott az izraeli korm\u00e1nydeleg\u00e1ci\u00f3val Berlinbe a febru\u00e1r k\u00f6zepi n\u00e9met-izraeli k\u00f6z\u00f6s korm\u00e1ny\u00fcl\u00e9sre Ajelet Saked igazs\u00e1g\u00fcgy-miniszter \u00e9s k\u00eds\u00e9rete &#8211; \u00e1ll\u00edtja a Maar\u00edv c\u00edm\u0171 \u00fajs\u00e1g.<\/strong><!--more--><\/p>\n<div class=\"ads-in-post1\"><div id=\"gazdasagportal.hu_fullbanner_wideboard\"><\/div>\r\n<\/div>\n<p>    Az \u00fcgy miatt a korm\u00e1nyzat \u00e1tl\u00e1that\u00f3s\u00e1g\u00e1t \u00e9s tisztas\u00e1g\u00e1t ellen\u0151rz\u0151 egyik izraeli civil szervezet h\u00e9tf\u0151n azt k\u00f6vetelte a p\u00e9nz\u00fcgyminiszt\u00e9riumt\u00f3l, hogy fizettesse ki a k\u00fcl\u00f6n utaz\u00e1s miatti extra k\u00f6lts\u00e9geket a felel\u0151s\u00f6kkel.<br \/>\n    A leg\u00fajabb, Sara Netanjahuval kapcsolatos \u00fcgy vas\u00e1rnap a Maar\u00edv c\u00edm\u0171 lap t\u00e9nyfelt\u00e1r\u00f3 cikke nyom\u00e1n robbant ki. Az \u00edr\u00e1sb\u00f3l kider\u00fclt, hogy a korm\u00e1nyf\u0151 feles\u00e9g\u00e9nek szem\u00e9lyes ellenszenve miatt eredetileg meg sem h\u00edvt\u00e1k az igazs\u00e1g\u00fcgy-minisztert Berlinbe a k\u00f6z\u00f6s korm\u00e1ny\u00fcl\u00e9sre, noha t\u00e1rc\u00e1ja \u00e9l\u00e9n fontos szerepet j\u00e1tszik a k\u00e9t orsz\u00e1g kapcsolataiban.<br \/>\n    Egy n\u00e9vtelen\u00fcl nyilatkoz\u00f3, magas rang\u00fa izraeli diplomata szerint Heiko Maas n\u00e9met igazs\u00e1g\u00fcgy-miniszter kifejezetten ragaszkodott izraeli koll\u00e9gan\u0151je jelenl\u00e9t\u00e9hez, \u00e9s ez\u00e9rt Jeruzs\u00e1lem m\u00e9gis k\u00e9nytelen volt Ajelet Sakedet \u00e9s k\u00eds\u00e9ret\u00e9t is a deleg\u00e1ci\u00f3 r\u00e9sz\u00e9v\u00e9 tenni.<br \/>\n    Saked tavaly decemberben kifejezetten j\u00f3 kapcsolatot alak\u00edtott ki a n\u00e9met igazs\u00e1g\u00fcgyi t\u00e1rca vezet\u0151j\u00e9vel, amikor a k\u00e9t orsz\u00e1g diplom\u00e1ciai kapcsolatfelv\u00e9tel\u00e9nek 50. \u00e9vfordul\u00f3j\u00e1n egy k\u00fcld\u00f6tts\u00e9g \u00e9l\u00e9n Berlinben j\u00e1rt. T\u00e1rgyal\u00e1saik eredm\u00e9nyek\u00e9ppen t\u00f6bb jogi egyezm\u00e9nyt k\u00e9sz\u00fcltek al\u00e1\u00edrni, \u00e9s Maas szem\u00e9lyesen akart tal\u00e1lkozni izraeli partner\u00e9vel a tov\u00e1bbi egy\u00fcttm\u0171k\u00f6d\u00e9s \u00e9rdek\u00e9ben.<br \/>\n    A f\u00e9rj\u00e9t mindenhov\u00e1, \u00e9s \u00edgy Berlinbe is elk\u00eds\u00e9r\u0151 Sara Netanjahu nyom\u00e1s\u00e1ra Saked a Maar\u00edv szerint csak azzal a felt\u00e9tellel tarthatott a deleg\u00e1ci\u00f3val, ha nem utazik a korm\u00e1ny k\u00fcl\u00f6ng\u00e9p\u00e9n, hanem maga jut el a n\u00e9met f\u0151v\u00e1rosba.<br \/>\n    Az igazs\u00e1g\u00fcgy-miniszter engedelmeskedett, \u00e9s ez\u00e9rt miniszt\u00e9rium\u00e1nak igazgat\u00f3j\u00e1val \u00e9s szem\u00e9lyi asszisztens\u00e9vel az El Al menetrendszer\u0171 j\u00e1rat\u00e1n rep\u00fclt. A Maar\u00edv szerz\u0151je szerint a miniszter a sz\u00e9gyenteljes val\u00f3s\u00e1g leplez\u00e9se v\u00e9gett utazott egy nappal kor\u00e1bban, \u00e9s ez\u00e9rt kre\u00e1lt mag\u00e1nak egy f\u00f6l\u00f6sleges napirendet erre a napra.<br \/>\n    A telepeseket t\u00e1mogat\u00f3 jobboldali B\u00e1jt Hajehudi (Zsid\u00f3 Otthon) p\u00e1rthoz tartoz\u00f3, 39 \u00e9ves Ajelet Saked villamosm\u00e9rn\u00f6ki, valamint sz\u00e1m\u00edt\u00e1stechnikai m\u00e9rn\u00f6ki diplom\u00e1val rendelkezik, \u00e9s k\u00e9t \u00e9vig Benj\u00e1min Netanjahu irodavezet\u0151je volt. Ezt a munk\u00e1j\u00e1t 2008-ban Naftali Bennettel egy\u00fctt viharos k\u00f6r\u00fclm\u00e9nyek k\u00f6zepette hagyta ott, mert visz\u00e1lyba keveredett a minisztereln\u00f6k feles\u00e9g\u00e9vel, Sara Netanjahuval.<br \/>\n    Egy izraeli b\u00edr\u00f3s\u00e1g febru\u00e1r elej\u00e9n jelent\u0151s \u00f6sszeg\u0171 k\u00e1rt\u00e9r\u00edt\u00e9st \u00e1llap\u00edtott meg Meni Naftalinak, a minisztereln\u00f6ki rezidencia volt gondnok\u00e1nak, mert az \u00edt\u00e9let szerint Sara Netanjahu t\u00falzott k\u00f6vetel\u00e9seket t\u00e1masztott az alkalmazottakkal szemben, megal\u00e1zta \u0151ket \u00e9s d\u00fchrohamokat rendezett.(MTI)<\/p>\n","protected":false},"excerpt":{"rendered":"<p>Benj\u00e1min Netanjahu korm\u00e1nyf\u0151 feles\u00e9g\u00e9nek, Sara Netanjahunak a tiltakoz\u00e1sa miatt nem utazhatott az izraeli korm\u00e1nydeleg\u00e1ci\u00f3val Berlinbe a febru\u00e1r k\u00f6zepi n\u00e9met-izraeli k\u00f6z\u00f6s korm\u00e1ny\u00fcl\u00e9sre Ajelet Saked igazs\u00e1g\u00fcgy-miniszter \u00e9s k\u00eds\u00e9rete &#8211; \u00e1ll\u00edtja a Maar\u00edv c\u00edm\u0171 \u00fajs\u00e1g.<\/p>\n","protected":false},"author":1,"featured_media":0,"comment_status":"open","ping_status":"closed","sticky":false,"template":"","format":"standard","meta":[],"categories":[16],"tags":[],"_links":{"self":[{"href":"https:\/\/gazdasagportal.hu\/index.php\/wp-json\/wp\/v2\/posts\/75199"}],"collection":[{"href":"https:\/\/gazdasagportal.hu\/index.php\/wp-json\/wp\/v2\/posts"}],"about":[{"href":"https:\/\/gazdasagportal.hu\/index.php\/wp-json\/wp\/v2\/types\/post"}],"author":[{"embeddable":true,"href":"https:\/\/gazdasagportal.hu\/index.php\/wp-json\/wp\/v2\/users\/1"}],"replies":[{"embeddable":true,"href":"https:\/\/gazdasagportal.hu\/index.php\/wp-json\/wp\/v2\/comments?post=75199"}],"version-history":[{"count":1,"href":"https:\/\/gazdasagportal.hu\/index.php\/wp-json\/wp\/v2\/posts\/75199\/revisions"}],"predecessor-version":[{"id":75200,"href":"https:\/\/gazdasagportal.hu\/index.php\/wp-json\/wp\/v2\/posts\/75199\/revisions\/75200"}],"wp:attachment":[{"href":"https:\/\/gazdasagportal.hu\/index.php\/wp-json\/wp\/v2\/media?parent=75199"}],"wp:term":[{"taxonomy":"category","embeddable":true,"href":"https:\/\/gazdasagportal.hu\/index.php\/wp-json\/wp\/v2\/categories?post=75199"},{"taxonomy":"post_tag","embeddable":true,"href":"https:\/\/gazdasagportal.hu\/index.php\/wp-json\/wp\/v2\/tags?post=75199"}],"curies":[{"name":"wp","href":"https:\/\/api.w.org\/{rel}","templated":true}]}}