{"id":75195,"date":"2016-02-24T04:46:58","date_gmt":"2016-02-24T03:46:58","guid":{"rendered":"http:\/\/gazdasagportal.hu\/?p=75195"},"modified":"2016-02-23T19:58:04","modified_gmt":"2016-02-23T18:58:04","slug":"illegalis-bevandorlas-a-nyugat-balkani-orszagok-a-hatarok-lezarasara-keszulnek","status":"publish","type":"post","link":"https:\/\/gazdasagportal.hu\/index.php\/illegalis-bevandorlas-a-nyugat-balkani-orszagok-a-hatarok-lezarasara-keszulnek\/","title":{"rendered":"Illeg\u00e1lis bev\u00e1ndorl\u00e1s &#8211; A nyugat-balk\u00e1ni orsz\u00e1gok a hat\u00e1rok lez\u00e1r\u00e1s\u00e1ra k\u00e9sz\u00fclnek"},"content":{"rendered":"<p><strong>A montenegr\u00f3i minisztereln\u00f6k bejelentette, hogy ha a k\u00f6rnyez\u0151 orsz\u00e1gok lez\u00e1rj\u00e1k a hat\u00e1rokat a Balk\u00e1non kereszt\u00fcl Nyugat-Eur\u00f3p\u00e1ba \u00e1raml\u00f3 mened\u00e9kk\u00e9r\u0151k el\u0151tt, akkor Podgorica is ezt fogja tenni, a bosznia-hercegovinai hat\u00f3s\u00e1gok pedig arra k\u00e9sz\u00fclnek, hogy sz\u00fcks\u00e9g eset\u00e9n k\u00e9tezer migr\u00e1nst sz\u00e1ll\u00e1soljanak el &#8211; jelentette kedden a helyi sajt\u00f3.<\/strong><!--more--><\/p>\n<div class=\"ads-in-post1\"><div id=\"gazdasagportal.hu_fullbanner_wideboard\"><\/div>\r\n<\/div>\n<p>    Milo Djukanovic montenegr\u00f3i korm\u00e1nyf\u0151 h\u00e9tf\u0151n egy londoni konferenci\u00e1n besz\u00e9lt arr\u00f3l a sajt\u00f3nak, hogy orsz\u00e1ga k\u00e9nytelen lenne lez\u00e1rni a hat\u00e1rokat &#8211; ha azt a r\u00e9gi\u00f3 orsz\u00e1gai is megteszik &#8211; annak \u00e9rdek\u00e9ben, hogy megv\u00e9dj\u00e9k Montenegr\u00f3t a migr\u00e1ns\u00e1radatt\u00f3l.<br \/>\n    A migr\u00e1nsv\u00e1ls\u00e1g egyel\u0151re elker\u00fclte a kis, nyugat-balk\u00e1ni orsz\u00e1got, \u00e1m Milo Djukanovic att\u00f3l tart, hogy ha Maced\u00f3nia lez\u00e1rja G\u00f6r\u00f6gorsz\u00e1ggal k\u00f6z\u00f6s hat\u00e1r\u00e1t, akkor a k\u00f6zel-keleti bev\u00e1ndorl\u00f3k Alb\u00e1ni\u00e1n \u00e9s Montenegr\u00f3n kereszt\u00fcl tal\u00e1ln\u00e1nak \u00faj \u00fatvonalat. &#8222;Ha a migr\u00e1nsv\u00e1ls\u00e1g k\u00f6vetkezm\u00e9nyeivel k\u00fczd\u0151 eur\u00f3pai orsz\u00e1gok lez\u00e1rj\u00e1k a hat\u00e1rokat, akkor mi m\u00e1st tehetne egy olyan orsz\u00e1g, mint Montenegr\u00f3&#8221; &#8211; fogalmazott a korm\u00e1nyf\u0151 az orsz\u00e1g k\u00f6zszolg\u00e1lati telev\u00edzi\u00f3j\u00e1nak (RTCG) besz\u00e1mol\u00f3ja szerint.<br \/>\n    Nemcsak Montenegr\u00f3, hanem Bosznia-Hercegovina is att\u00f3l tart, hogy a migr\u00e1nsok \u00faj \u00fatvonal\u00e1n tal\u00e1lhatja mag\u00e1t. Mivel a balk\u00e1ni \u00fatvonalon fekv\u0151 orsz\u00e1gok &#8211; els\u0151sorban Maced\u00f3nia, Szerbia \u00e9s Horv\u00e1torsz\u00e1g &#8211; egyre szigor\u00fabban sz\u0171rik a K\u00f6zel-Keletr\u0151l \u00e9rkez\u0151ket, nem kiz\u00e1rhat\u00f3, hogy \u00fajabb \u00fatvonalak jelennek meg.<br \/>\n    A Nezavisne Novine c\u00edm\u0171 boszniai lap meg nem nevezett forr\u00e1sokra hivatkozva kedden azt \u00edrta, hogy a hat\u00f3s\u00e1gok m\u00e1r dolgoznak azoknak az objektumoknak az el\u0151k\u00e9sz\u00edt\u00e9s\u00e9n, ahol el lehetne helyezni a Boszni\u00e1ba \u00e9rkez\u0151ket. A lap inform\u00e1ci\u00f3i szerint azonban csup\u00e1n kev\u00e9s, mind\u00f6ssze 1300 migr\u00e1ns elsz\u00e1ll\u00e1sol\u00e1s\u00e1ra van lehet\u0151s\u00e9g a bugojn\u00f3i, semizovaci, szarajev\u00f3i, Banja Luka-i \u00e9s kalinoviki barakkokban, valamint tov\u00e1bbi 500-700 ember kaphatna helyet ideiglenes s\u00e1tort\u00e1borokban.<br \/>\n    Bosznia-Hercegovina ir\u00e1ny\u00e1ba a migr\u00e1nsv\u00e1ls\u00e1g kezdete \u00f3ta csup\u00e1n n\u00e9h\u00e1ny ember indult el, a hegyek \u00e9s a foly\u00f3k ugyanis nagyon neh\u00e9zz\u00e9 teszik a halad\u00e1st.(MTI)<\/p>\n","protected":false},"excerpt":{"rendered":"<p>A montenegr\u00f3i minisztereln\u00f6k bejelentette, hogy ha a k\u00f6rnyez\u0151 orsz\u00e1gok lez\u00e1rj\u00e1k a hat\u00e1rokat a Balk\u00e1non kereszt\u00fcl Nyugat-Eur\u00f3p\u00e1ba \u00e1raml\u00f3 mened\u00e9kk\u00e9r\u0151k el\u0151tt, akkor Podgorica is ezt fogja tenni, a bosznia-hercegovinai hat\u00f3s\u00e1gok pedig arra k\u00e9sz\u00fclnek, hogy sz\u00fcks\u00e9g eset\u00e9n k\u00e9tezer migr\u00e1nst sz\u00e1ll\u00e1soljanak el &#8211; jelentette kedden a helyi sajt\u00f3.<\/p>\n","protected":false},"author":1,"featured_media":0,"comment_status":"open","ping_status":"closed","sticky":false,"template":"","format":"standard","meta":[],"categories":[12],"tags":[],"_links":{"self":[{"href":"https:\/\/gazdasagportal.hu\/index.php\/wp-json\/wp\/v2\/posts\/75195"}],"collection":[{"href":"https:\/\/gazdasagportal.hu\/index.php\/wp-json\/wp\/v2\/posts"}],"about":[{"href":"https:\/\/gazdasagportal.hu\/index.php\/wp-json\/wp\/v2\/types\/post"}],"author":[{"embeddable":true,"href":"https:\/\/gazdasagportal.hu\/index.php\/wp-json\/wp\/v2\/users\/1"}],"replies":[{"embeddable":true,"href":"https:\/\/gazdasagportal.hu\/index.php\/wp-json\/wp\/v2\/comments?post=75195"}],"version-history":[{"count":1,"href":"https:\/\/gazdasagportal.hu\/index.php\/wp-json\/wp\/v2\/posts\/75195\/revisions"}],"predecessor-version":[{"id":75196,"href":"https:\/\/gazdasagportal.hu\/index.php\/wp-json\/wp\/v2\/posts\/75195\/revisions\/75196"}],"wp:attachment":[{"href":"https:\/\/gazdasagportal.hu\/index.php\/wp-json\/wp\/v2\/media?parent=75195"}],"wp:term":[{"taxonomy":"category","embeddable":true,"href":"https:\/\/gazdasagportal.hu\/index.php\/wp-json\/wp\/v2\/categories?post=75195"},{"taxonomy":"post_tag","embeddable":true,"href":"https:\/\/gazdasagportal.hu\/index.php\/wp-json\/wp\/v2\/tags?post=75195"}],"curies":[{"name":"wp","href":"https:\/\/api.w.org\/{rel}","templated":true}]}}