{"id":75193,"date":"2016-02-23T19:50:52","date_gmt":"2016-02-23T18:50:52","guid":{"rendered":"http:\/\/gazdasagportal.hu\/?p=75193"},"modified":"2016-02-23T19:50:52","modified_gmt":"2016-02-23T18:50:52","slug":"vasarnapi-pihenonap-ket-nepszavazasi-kerdes-erkezett-a-vasarnapi-boltzarral-kapcsolatban","status":"publish","type":"post","link":"https:\/\/gazdasagportal.hu\/index.php\/vasarnapi-pihenonap-ket-nepszavazasi-kerdes-erkezett-a-vasarnapi-boltzarral-kapcsolatban\/","title":{"rendered":"Vas\u00e1rnapi pihen\u0151nap &#8211; K\u00e9t n\u00e9pszavaz\u00e1si k\u00e9rd\u00e9s \u00e9rkezett a vas\u00e1rnapi boltz\u00e1rral kapcsolatban"},"content":{"rendered":"<p><strong>A K\u00faria keddi d\u00f6nt\u00e9se ut\u00e1n m\u00e1r k\u00e9t, a vas\u00e1rnapi boltz\u00e1rral kapcsolatos k\u00e9rd\u00e9st is beny\u00fajtottak mag\u00e1nszem\u00e9lyek, egy harmadik k\u00e9rd\u00e9st pedig a n\u00e9pszavaz\u00e1ssal kapcsolatban adtak be &#8211; der\u00fcl ki a Nemzeti V\u00e1laszt\u00e1si Iroda (NVI) internetes t\u00e1j\u00e9koztat\u00f3 oldal\u00e1nak adataib\u00f3l. Az M1 aktu\u00e1lis csatorna inform\u00e1ci\u00f3i szerint az els\u0151k\u00e9nt n\u00e9pszavaz\u00e1si k\u00e9rd\u00e9st beny\u00fajt\u00f3 Erd\u00f6si L\u00e1szl\u00f3n\u00e9 a herceghalmi polg\u00e1rmester feles\u00e9ge.<\/strong><!--more--><\/p>\n<div class=\"ads-in-post1\"><div id=\"gazdasagportal.hu_fullbanner_wideboard\"><\/div>\r\n<\/div>\n<p>    A K\u00faria keddi d\u00f6nt\u00e9s\u00e9vel &#8211; amelyben a vas\u00e1rnapi boltz\u00e1rral kapcsolatos n\u00e9pszavaz\u00e1si k\u00e9rd\u00e9sek \u00fcgy\u00e9ben megv\u00e1ltoztatta a Nemzeti V\u00e1laszt\u00e1si Bizotts\u00e1g (NVB) hiteles\u00edt\u0151 hat\u00e1rozat\u00e1t \u00e9s megtagadta a k\u00e9rd\u00e9s hiteles\u00edt\u00e9s\u00e9t &#8211; megsz\u0171nt az \u00fczletek vas\u00e1rnapi z\u00e1rva tart\u00e1s\u00e1ra vonatkoz\u00f3 k\u00e9rd\u00e9s eddigi &#8222;v\u00e9detts\u00e9ge&#8221;, \u00e9s be lehet \u00fajat ny\u00fajtani, amelyet az NVB elb\u00edr\u00e1lhat. Az NVB az els\u0151k\u00e9nt beny\u00fajtott k\u00e9rd\u00e9st fogja elb\u00edr\u00e1lni.<br \/>\n    Az NVI internetes t\u00e1j\u00e9koztat\u00f3 oldala szerint a K\u00faria d\u00f6nt\u00e9se ut\u00e1n nem sokkal h\u00e1rman ny\u00fajtottak be n\u00e9pszavaz\u00e1si k\u00e9rd\u00e9st, ebb\u0151l kett\u0151 \u00e9rinti a vas\u00e1rnapi boltz\u00e1rat.<br \/>\n    A vas\u00e1rnapi boltz\u00e1rral kapcsolatban els\u0151k\u00e9nt Erd\u00f6si L\u00e1szl\u00f3n\u00e9 mag\u00e1nszem\u00e9ly kezdem\u00e9nyez\u00e9se \u00e9rkezett, az \u0151 k\u00e9rd\u00e9se \u00fagy sz\u00f3l: &#8222;Egyet\u00e9rt-e \u00d6n azzal, hogy a kiskereskedelmi \u00fczletek &#8211; a kiskereskedelmi szektorban t\u00f6rt\u00e9n\u0151 vas\u00e1rnapi munkav\u00e9gz\u00e9s tilalm\u00e1r\u00f3l sz\u00f3l\u00f3 2014. \u00e9vi CII. t\u00f6rv\u00e9ny szerint &#8211; tov\u00e1bbra is z\u00e1rva tartsanak vas\u00e1rnap?&#8221;<br \/>\n    Az M1 aktu\u00e1lis csatorna h\u00edrad\u00f3j\u00e1ban elhangzott, hogy Erd\u00f6si L\u00e1szl\u00f3n\u00e9 a herceghalmi polg\u00e1rmester feles\u00e9ge. Erd\u00f6si L\u00e1szl\u00f3 kor\u00e1bban a Fidesz jel\u00f6ltje volt, a legut\u00f3bbi \u00f6nkorm\u00e1nyzati v\u00e1laszt\u00e1son viszont a korm\u00e1nyp\u00e1rt jel\u00f6ltj\u00e9vel szemben indult \u00e9s nyert.<br \/>\n    A &#8222;blokkol\u00e1sr\u00f3l&#8221; k\u00e9sz\u00fclt felv\u00e9telek tan\u00fas\u00e1ga szerint n\u00e9h\u00e1ny m\u00e1sodperccel k\u00e9s\u0151bb Nyak\u00f3 Istv\u00e1n, az MSZP politikusa &#8222;\u00e9rkeztette&#8221; beadv\u00e1ny\u00e1t. A politikus mag\u00e1nszem\u00e9lyk\u00e9nt azt a k\u00e9rd\u00e9st ny\u00fajtotta be: &#8222;Egyet\u00e9rt-e \u00d6n azzal, hogy az Orsz\u00e1ggy\u0171l\u00e9s semmis\u00edtse meg a kiskereskedelmi szektorban t\u00f6rt\u00e9n\u0151 vas\u00e1rnapi munkav\u00e9gz\u00e9s tilalm\u00e1r\u00f3l sz\u00f3l\u00f3 2014. \u00e9vi CII. t\u00f6rv\u00e9nyt?&#8221;<br \/>\n    Az NVI szeptember k\u00f6zep\u00e9t\u0151l csak \u00e9rkez\u00e9si id\u0151pontot tartalmaz\u00f3 beadv\u00e1nyt vesz \u00e1t, az id\u0151b\u00e9lyegz\u0151 hat\u00e1rozza meg, milyen sorrendben \u00e9rkeztetik a dokumentumokat, ami meghat\u00e1rozza az elb\u00edr\u00e1l\u00e1s sorrendj\u00e9t is. Az \u00e9rkez\u00e9si \u00e9s elb\u00edr\u00e1l\u00e1si sorrendnek az\u00e9rt van jelent\u0151s\u00e9ge, mert a n\u00e9pszavaz\u00e1sr\u00f3l sz\u00f3l\u00f3 t\u00f6rv\u00e9ny szerint egy k\u00e9rd\u00e9s beny\u00fajt\u00e1sa ut\u00e1n m\u00e1r nem ny\u00fajthat\u00f3 be azonos t\u00e1rgy\u00fa k\u00e9rd\u00e9s az el\u0151bbi hiteles\u00edt\u00e9s\u00e9t megtagad\u00f3 d\u00f6nt\u00e9s joger\u0151re emelked\u00e9s\u00e9ig.<br \/>\n    Ez pedig azt jelenti, hogy mivel els\u0151k\u00e9nt Erd\u00f6si L\u00e1szl\u00f3n\u00e9 k\u00e9rd\u00e9se \u00e9rkezett be, azt fogja az NVB elb\u00edr\u00e1lni, \u00e9s Nyak\u00f3 Istv\u00e1n k\u00e9rd\u00e9s\u00e9nek hiteles\u00edt\u00e9s\u00e9t a &#8222;p\u00e1rhuzamoss\u00e1gi morat\u00f3riumra&#8221; hivatkozva val\u00f3sz\u00edn\u0171leg megtagadja.<br \/>\n    A nyilv\u00e1ntart\u00e1s szerint kedden id\u0151rendben az els\u0151 k\u00e9rd\u00e9st \u0150rsi Gergely Ferenc mag\u00e1nszem\u00e9ly ny\u00fajtotta be, ez a k\u00e9rd\u00e9s azonban nem a vas\u00e1rnapi boltz\u00e1rhoz kapcsol\u00f3dik, hanem \u00fagy sz\u00f3l: &#8222;Egyet\u00e9rt-e \u00d6n azzal, hogy az Orsz\u00e1ggy\u0171l\u00e9s a 2011. december 31-\u00e9n hat\u00e1lyos t\u00f6rv\u00e9nyi szab\u00e1lyoz\u00e1snak megfelel\u0151en biztos\u00edtsa a n\u00e9pszavaz\u00e1shoz val\u00f3 jogot?&#8221;<br \/>\n    Az NVI eln\u00f6k\u00e9nek, P\u00e1lffy Ilon\u00e1nak \u00f6t napja van arra, hogy formai szempontb\u00f3l megvizsg\u00e1lja a beadott k\u00e9rd\u00e9st, \u00e9s ha megfelel a jogszab\u00e1lyi el\u0151\u00edr\u00e1soknak, akkor az NVB el\u00e9 terjessze. A k\u00e9rd\u00e9s formai vizsg\u00e1lat\u00e1n\u00e1l az NVI eln\u00f6ke a t\u00f6bbi k\u00f6z\u00f6tt azt ellen\u0151rzi, hogy a k\u00e9rd\u00e9shez beny\u00fajtottak-e h\u00fasz \u00e9s harminc k\u00f6z\u00f6tti t\u00e1mogat\u00f3 al\u00e1\u00edr\u00e1st, a kezdem\u00e9nyez\u0151t a Nemzeti Adatv\u00e9delmi \u00e9s Inform\u00e1ci\u00f3szabads\u00e1g Hat\u00f3s\u00e1g az adatv\u00e9delmi nyilv\u00e1ntart\u00e1sba vette-e, valamint a beny\u00fajt\u00f3 mag\u00e1nszem\u00e9ly k\u00f6z\u00f6lte-e a nev\u00e9t, a lakc\u00edm\u00e9t, a szem\u00e9lyi azonos\u00edt\u00f3j\u00e1t \u00e9s a nyilatkozat\u00e1t arr\u00f3l, hogy a kezdem\u00e9nyez\u00e9st mag\u00e1nszem\u00e9lyk\u00e9nt ny\u00fajtja be.<br \/>\n    Ha a k\u00e9rd\u00e9st a bizotts\u00e1g el\u00e9 terjesztik, akkor az NVB-nek tov\u00e1bbi 30 napja van a k\u00e9rd\u00e9s hiteles\u00edt\u00e9s\u00e9re.(MTI)<\/p>\n","protected":false},"excerpt":{"rendered":"<p>A K\u00faria keddi d\u00f6nt\u00e9se ut\u00e1n m\u00e1r k\u00e9t, a vas\u00e1rnapi boltz\u00e1rral kapcsolatos k\u00e9rd\u00e9st is beny\u00fajtottak mag\u00e1nszem\u00e9lyek, egy harmadik k\u00e9rd\u00e9st pedig a n\u00e9pszavaz\u00e1ssal kapcsolatban adtak be &#8211; der\u00fcl ki a Nemzeti V\u00e1laszt\u00e1si Iroda (NVI) internetes t\u00e1j\u00e9koztat\u00f3 oldal\u00e1nak adataib\u00f3l. Az M1 aktu\u00e1lis csatorna inform\u00e1ci\u00f3i szerint az els\u0151k\u00e9nt n\u00e9pszavaz\u00e1si k\u00e9rd\u00e9st beny\u00fajt\u00f3 Erd\u00f6si L\u00e1szl\u00f3n\u00e9 a herceghalmi polg\u00e1rmester feles\u00e9ge.<\/p>\n","protected":false},"author":1,"featured_media":0,"comment_status":"open","ping_status":"closed","sticky":false,"template":"","format":"standard","meta":[],"categories":[4,18],"tags":[],"_links":{"self":[{"href":"https:\/\/gazdasagportal.hu\/index.php\/wp-json\/wp\/v2\/posts\/75193"}],"collection":[{"href":"https:\/\/gazdasagportal.hu\/index.php\/wp-json\/wp\/v2\/posts"}],"about":[{"href":"https:\/\/gazdasagportal.hu\/index.php\/wp-json\/wp\/v2\/types\/post"}],"author":[{"embeddable":true,"href":"https:\/\/gazdasagportal.hu\/index.php\/wp-json\/wp\/v2\/users\/1"}],"replies":[{"embeddable":true,"href":"https:\/\/gazdasagportal.hu\/index.php\/wp-json\/wp\/v2\/comments?post=75193"}],"version-history":[{"count":1,"href":"https:\/\/gazdasagportal.hu\/index.php\/wp-json\/wp\/v2\/posts\/75193\/revisions"}],"predecessor-version":[{"id":75194,"href":"https:\/\/gazdasagportal.hu\/index.php\/wp-json\/wp\/v2\/posts\/75193\/revisions\/75194"}],"wp:attachment":[{"href":"https:\/\/gazdasagportal.hu\/index.php\/wp-json\/wp\/v2\/media?parent=75193"}],"wp:term":[{"taxonomy":"category","embeddable":true,"href":"https:\/\/gazdasagportal.hu\/index.php\/wp-json\/wp\/v2\/categories?post=75193"},{"taxonomy":"post_tag","embeddable":true,"href":"https:\/\/gazdasagportal.hu\/index.php\/wp-json\/wp\/v2\/tags?post=75193"}],"curies":[{"name":"wp","href":"https:\/\/api.w.org\/{rel}","templated":true}]}}