{"id":75188,"date":"2016-02-24T04:25:19","date_gmt":"2016-02-24T03:25:19","guid":{"rendered":"http:\/\/gazdasagportal.hu\/?p=75188"},"modified":"2016-02-23T19:44:47","modified_gmt":"2016-02-23T18:44:47","slug":"nehez-ev-elott-az-afrikai-kontinens-elelmiszerhiany-es-ehinseg","status":"publish","type":"post","link":"https:\/\/gazdasagportal.hu\/index.php\/nehez-ev-elott-az-afrikai-kontinens-elelmiszerhiany-es-ehinseg\/","title":{"rendered":"Neh\u00e9z \u00e9v el\u0151tt az afrikai kontinens, \u00e9lelmiszerhi\u00e1ny \u00e9s \u00e9h\u00edns\u00e9g"},"content":{"rendered":"<p><strong>Az ENSZ FAO szerint s\u00falyosbod\u00f3 \u00e9lelmiszerhi\u00e1ny \u00e9s ell\u00e1t\u00e1si neh\u00e9zs\u00e9gek v\u00e1rnak Afrika t\u00f6bb orsz\u00e1g\u00e1ra id\u00e9n<\/strong><!--more--><\/p>\n<div class=\"ads-in-post1\"><div id=\"gazdasagportal.hu_fullbanner_wideboard\"><\/div>\r\n<\/div>\n<p>&nbsp;<\/p>\n<p>K\u00fcl\u00f6nb\u00f6z\u0151, de gyakran egym\u00e1ssal \u00f6sszef\u00fcgg\u0151 t\u00e9nyez\u0151k (fegyveres konfliktusok, kedvez\u0151tlen id\u0151j\u00e1r\u00e1si jelens\u00e9gek, a mez\u0151gazdas\u00e1gi termel\u00e9s akadoz\u00e1sa) miatt az afrikai kontinens ell\u00e1t\u00e1sa, az ott \u00e9l\u0151k \u00e9lelmez\u00e9s\u00e9nek biztos\u00edt\u00e1sa komoly kih\u00edv\u00e1st jelenthet az idei \u00e9vben. Az ENSZ \u00c9lelmez\u00e9s\u00fcgyi \u00e9s Mez\u0151gazdas\u00e1gi Szervezete (FAO) mellett t\u00f6bb m\u00e1s nemzetk\u00f6zi szervezet is felemelte hangj\u00e1t a k\u00f6zelm\u00faltban.<\/p><div id=\"gazda-645585289\" class=\"gazda-tartalomban gazda-entity-placement\"><script async src=\"https:\/\/pagead2.googlesyndication.com\/pagead\/js\/adsbygoogle.js\"><\/script>\r\n<ins class=\"adsbygoogle\"\r\n     style=\"display:block\"\r\n     data-ad-format=\"fluid\"\r\n     data-ad-layout-key=\"-6t+ed+2i-1n-4w\"\r\n     data-ad-client=\"ca-pub-1959107119989764\"\r\n     data-ad-slot=\"4008251320\"><\/ins>\r\n<script>\r\n     (adsbygoogle = window.adsbygoogle || []).push({});\r\n<\/script><\/div>\n<p><strong>D\u00e9l-Afrika az El Ni\u00f1o \u00e1rny\u00e9k\u00e1ban<\/strong><\/p>\n<p>A <a href=\"http:\/\/www.fao.org\/news\/story\/en\/item\/382932\/icode\/\" target=\"_blank\" rel=\"noopener\">kontinens d\u00e9li r\u00e9sz\u00e9n a sz\u00e1razs\u00e1g<\/a> okozza a legnagyobb probl\u00e9m\u00e1t. A tavalyi \u00e9v sor\u00e1n kezd\u0151d\u00f6tt kedvez\u0151tlen id\u0151j\u00e1r\u00e1si tendencia nem l\u00e1tszik enyh\u00fclni, s\u0151t, az elm\u00falt 50 \u00e9v leger\u0151teljesebb El Ni\u00f1o jelens\u00e9g\u00e9nek hat\u00e1s\u00e1ra tov\u00e1bb fokoz\u00f3dik.<\/p>\n<p><a href=\"https:\/\/gazdasagportal.hu\/wp-content\/uploads\/2016\/02\/20160223.png\"><img decoding=\"async\" loading=\"lazy\" class=\"alignleft size-medium wp-image-75189\" src=\"https:\/\/gazdasagportal.hu\/wp-content\/uploads\/2016\/02\/20160223-300x200.png\" alt=\"20160223\" width=\"300\" height=\"200\" srcset=\"https:\/\/gazdasagportal.hu\/wp-content\/uploads\/2016\/02\/20160223-300x200.png 300w, https:\/\/gazdasagportal.hu\/wp-content\/uploads\/2016\/02\/20160223.png 384w\" sizes=\"(max-width: 300px) 100vw, 300px\" \/><\/a>Egyes orsz\u00e1gok, mint Zimbabwe, Malawi, D\u00e9l-Afrika vagy Madagaszk\u00e1r egy ember\u00f6lt\u0151 \u00f3ta nem tapasztaltak ekkora asz\u00e1lyt a csapad\u00e9kos id\u0151szak alatt. Emiatt napr\u00f3l napra cs\u00f6kken annak es\u00e9lye, hogy a gazd\u00e1k k\u00e9pesek legyenek a vet\u00e9s sz\u00e1m\u00e1ra ide\u00e1lis (csapad\u00e9kos) k\u00f6r\u00fclm\u00e9nyek biztos\u00edt\u00e1s\u00e1ra.<\/p>\n<p>Az am\u00fagy is sz\u0171k\u00f6s 2014-2015-\u00f6s mez\u0151gazdas\u00e1gi szezon ut\u00e1n az extr\u00e9m sz\u00e1raz okt\u00f3ber \u00e9s december, \u00e9s a forr\u00f3, az \u00e1tlagn\u00e1l kevesebb csapad\u00e9kot hoz\u00f3 idei \u00e9v mind hozz\u00e1j\u00e1rulhatnak egy komoly term\u00e9nyhi\u00e1nyhoz, ami a t\u00e9rs\u00e9g majdnem \u00f6sszes orsz\u00e1g\u00e1t \u00e9rintheti.<\/p>\n<p>A hossz\u00fa ideje fenn\u00e1ll\u00f3 csapad\u00e9khi\u00e1nyos helyzet \u00e9s a magas \u00e9lelmiszer\u00e1rak fenyeget\u00e9st jelentenek az ell\u00e1t\u00e1sbiztons\u00e1gra, szak\u00e9rt\u0151k a seg\u00e9lyre szorul\u00f3k sz\u00e1m\u00e1nak megugr\u00e1s\u00e1t\u00f3l tartanak.<\/p>\n<p><strong>V\u00e1ls\u00e1g D\u00e9l-Szud\u00e1nban<\/strong><\/p>\n<p>Kiemelten s\u00falyos a helyzet <a href=\"http:\/\/www.fao.org\/news\/story\/en\/item\/382511\/icode\/\" target=\"_blank\" rel=\"noopener\">D\u00e9l-Szud\u00e1nban<\/a>, ahol az orsz\u00e1g lakoss\u00e1g\u00e1nak egynegyede, k\u00f6zel 3 milli\u00f3 ember s\u00fcrg\u0151s seg\u00edts\u00e9gre szorul, 40 000 ember helyzete pedig szinte kil\u00e1t\u00e1stalan.<\/p>\n<p>Az \u00e9hez\u0151k sz\u00e1m\u00e1nak n\u00f6veked\u00e9se az arat\u00e1st k\u00f6vet\u0151 id\u0151szakban szokatlan \u00e9s egy\u00fattal aggaszt\u00f3. Az \u00e1prilis \u00e9s j\u00falius k\u00f6z\u00f6tt tet\u0151z\u0151 \u00edns\u00e9ges peri\u00f3dus tov\u00e1bbi \u00e9s f\u0151leg komoly m\u00e9rt\u00e9k\u0171 roml\u00e1st hozhat.<\/p>\n<p>Az orsz\u00e1gban d\u00fal\u00f3 konfliktus, az ezzel egy\u00fctt j\u00e1r\u00f3 p\u00e9nzroml\u00e1s \u00e9s piaci zavarok hat\u00e1sa nem korl\u00e1toz\u00f3dik csup\u00e1n egy sz\u0171k ter\u00fcletre, hanem az eg\u00e9sz orsz\u00e1gban akad\u00e1lyt k\u00e9peznek az \u00e9lelmez\u00e9sben \u00e9s az ell\u00e1t\u00e1sbiztons\u00e1g garant\u00e1l\u00e1s\u00e1ban.<\/p>\n<p><strong>Konfliktus \u00e9s asz\u00e1ly Szom\u00e1li\u00e1ban<\/strong><\/p>\n<p>Az es\u0151z\u00e9sek hi\u00e1nya, az orsz\u00e1g egyes r\u00e9szein az asz\u00e1ly \u00e9s a kereskedelmet nehez\u00edt\u0151 faktorok, egy id\u0151ben a bels\u0151 k\u00e9nyszermigr\u00e1ci\u00f3val, \u00e9s tet\u0151zve a kr\u00f3nikus szeg\u00e9nys\u00e9ggel \u2013 ez a mindennapok realit\u00e1sa Szom\u00e1li\u00e1ban.<\/p>\n<p>A FAO \u00e1ltal koordin\u00e1lt felm\u00e9r\u00e9sen alapul\u00f3, a <a href=\"http:\/\/www.fao.org\/news\/story\/en\/item\/382546\/icode\/\" target=\"_blank\" rel=\"noopener\">k\u00f6zelm\u00faltban megjelent jelent\u00e9s<\/a> szerint k\u00f6zel 4,7 milli\u00f3 ember, a teljes lakoss\u00e1g 38 %-a, s\u00falyos \u00e9lelmez\u00e9si gondokkal k\u00fczd, az alult\u00e1pl\u00e1lts\u00e1g m\u00e9rt\u00e9ke tov\u00e1bbra is magas.<\/p>\n<p>Az orsz\u00e1gba mindezid\u00e1ig folyamatosan \u00e9rkez\u0151 \u00e9lelmiszer- \u00e9s eg\u00e9szs\u00e9g\u00fcgyi seg\u00e9lyek nem jelentettek tart\u00f3s megold\u00e1st az alult\u00e1pl\u00e1lts\u00e1g megsz\u00fcntet\u00e9s\u00e9re, ez\u00e9rt tov\u00e1bbi, \u00e1tfog\u00f3 humanit\u00e1rius int\u00e9zked\u00e9sekre van sz\u00fcks\u00e9g, ami a probl\u00e9ma rejtett okait \u00e9s egy\u00e9b t\u00e9nyez\u0151ket c\u00e9lozza.<\/p>\n<p><strong>\u00a0<\/strong><\/p>\n","protected":false},"excerpt":{"rendered":"<p>Az ENSZ FAO szerint s\u00falyosbod\u00f3 \u00e9lelmiszerhi\u00e1ny \u00e9s ell\u00e1t\u00e1si neh\u00e9zs\u00e9gek v\u00e1rnak Afrika t\u00f6bb orsz\u00e1g\u00e1ra id\u00e9n<\/p>\n","protected":false},"author":1,"featured_media":75189,"comment_status":"open","ping_status":"closed","sticky":false,"template":"","format":"standard","meta":[],"categories":[403,146,246],"tags":[],"_links":{"self":[{"href":"https:\/\/gazdasagportal.hu\/index.php\/wp-json\/wp\/v2\/posts\/75188"}],"collection":[{"href":"https:\/\/gazdasagportal.hu\/index.php\/wp-json\/wp\/v2\/posts"}],"about":[{"href":"https:\/\/gazdasagportal.hu\/index.php\/wp-json\/wp\/v2\/types\/post"}],"author":[{"embeddable":true,"href":"https:\/\/gazdasagportal.hu\/index.php\/wp-json\/wp\/v2\/users\/1"}],"replies":[{"embeddable":true,"href":"https:\/\/gazdasagportal.hu\/index.php\/wp-json\/wp\/v2\/comments?post=75188"}],"version-history":[{"count":1,"href":"https:\/\/gazdasagportal.hu\/index.php\/wp-json\/wp\/v2\/posts\/75188\/revisions"}],"predecessor-version":[{"id":75190,"href":"https:\/\/gazdasagportal.hu\/index.php\/wp-json\/wp\/v2\/posts\/75188\/revisions\/75190"}],"wp:featuredmedia":[{"embeddable":true,"href":"https:\/\/gazdasagportal.hu\/index.php\/wp-json\/wp\/v2\/media\/75189"}],"wp:attachment":[{"href":"https:\/\/gazdasagportal.hu\/index.php\/wp-json\/wp\/v2\/media?parent=75188"}],"wp:term":[{"taxonomy":"category","embeddable":true,"href":"https:\/\/gazdasagportal.hu\/index.php\/wp-json\/wp\/v2\/categories?post=75188"},{"taxonomy":"post_tag","embeddable":true,"href":"https:\/\/gazdasagportal.hu\/index.php\/wp-json\/wp\/v2\/tags?post=75188"}],"curies":[{"name":"wp","href":"https:\/\/api.w.org\/{rel}","templated":true}]}}