{"id":75184,"date":"2016-02-23T19:03:54","date_gmt":"2016-02-23T18:03:54","guid":{"rendered":"http:\/\/gazdasagportal.hu\/?p=75184"},"modified":"2016-02-23T19:03:54","modified_gmt":"2016-02-23T18:03:54","slug":"raketatamadast-hajtottak-vegre-torokorszagban-egy-csendorseg-epulete-ellen","status":"publish","type":"post","link":"https:\/\/gazdasagportal.hu\/index.php\/raketatamadast-hajtottak-vegre-torokorszagban-egy-csendorseg-epulete-ellen\/","title":{"rendered":"Rak\u00e9tat\u00e1mad\u00e1st hajtottak v\u00e9gre T\u00f6r\u00f6korsz\u00e1gban egy csend\u0151rs\u00e9g \u00e9p\u00fclete ellen"},"content":{"rendered":"<p><strong>Ismeretlenek rak\u00e9tat\u00e1mad\u00e1st hajtottak v\u00e9gre kedden a nyugat-t\u00f6r\u00f6korsz\u00e1gi Izmir tartom\u00e1ny Kemalpasa telep\u00fcl\u00e9s\u00e9n a helyi csend\u0151rs\u00e9g \u00e9p\u00fclete ellen &#8211; jelentette az Anadolu t\u00f6r\u00f6k \u00e1llami h\u00edr\u00fcgyn\u00f6ks\u00e9g.<\/strong><!--more--><\/p>\n<div class=\"ads-in-post1\"><div id=\"gazdasagportal.hu_fullbanner_wideboard\"><\/div>\r\n<\/div>\n<p>    Izmir tartom\u00e1ny korm\u00e1nyz\u00f3ja, Mustafa Toprak szerint az esetnek sem halottja, sem s\u00e9r\u00fcltje nincs.<br \/>\n    A l\u00f6ved\u00e9k nem tal\u00e1lta el az \u0151rs \u00e9p\u00fclet\u00e9t, a szomsz\u00e9dos h\u00e1zba csap\u00f3dott be. A helysz\u00ednre nagy sz\u00e1mban vez\u00e9nyeltek ki t\u0171zolt\u00f3kat, rend\u0151r\u00f6ket \u00e9s ment\u0151ket. Az elk\u00f6vet\u0151ket keresik.<br \/>\n    Az Ihlas t\u00f6r\u00f6k h\u00edr\u00fcgyn\u00f6ks\u00e9g k\u00f6z\u00f6lte, hogy a rak\u00e9t\u00e1t egy kilom\u00e9teres t\u00e1vols\u00e1gb\u00f3l, a telep\u00fcl\u00e9s egyik magasabb pontj\u00e1r\u00f3l l\u0151tt\u00e9k ki.<br \/>\n    T\u00f6r\u00f6korsz\u00e1g nyugati partvid\u00e9k\u00e9n, az \u00c9gei-tengeri r\u00e9gi\u00f3ban kor\u00e1bban m\u00e9g nem t\u00f6rt\u00e9nt hasonl\u00f3 eset. Az ut\u00f3bbi id\u0151ben a legnagyobb v\u00e1rosokban, Ankar\u00e1ban \u00e9s Isztambulban t\u00f6rt\u00e9ntek terrorcselekm\u00e9nyek, ilyen t\u00e1mad\u00e1s ezeken k\u00edv\u00fcl eddig csak D\u00e9lkelet-T\u00f6r\u00f6korsz\u00e1gban fordult el\u0151.<br \/>\n    A m\u00falt szerdai ankarai \u00f6ngyilkos mer\u00e9nyletben 29-an meghaltak, 81-en megsebes\u00fcltek. Az elk\u00f6vet\u0151 katon\u00e1kat sz\u00e1ll\u00edt\u00f3 buszt vett c\u00e9lba aut\u00f3j\u00e1ba rejtett pokolg\u00e9p\u00e9vel. A j\u00e1rm\u0171vek k\u00f6z\u00fcl mindegyik s\u00falyosan megrong\u00e1l\u00f3dott, kett\u0151 ki\u00e9gett.<br \/>\n    T\u00f6r\u00f6korsz\u00e1g d\u00e9lkeleti r\u00e9sz\u00e9ben k\u00e9t \u00e9s f\u00e9l \u00e9vi fegyversz\u00fcnet ut\u00e1n 2015 j\u00falius\u00e1ban \u00fajultak ki a harcok kurd mil\u00edci\u00e1k \u00e9s a hadsereg k\u00f6z\u00f6tt. A biztons\u00e1gi er\u0151k december \u00f3ta \u00e1tfog\u00f3 katonai akci\u00f3t hajtanak v\u00e9gre a kurd fegyveresek ellen, t\u00f6bb helyen kij\u00e1r\u00e1si tilalom van \u00e9rv\u00e9nyben.(MTI)<\/p>\n","protected":false},"excerpt":{"rendered":"<p>Ismeretlenek rak\u00e9tat\u00e1mad\u00e1st hajtottak v\u00e9gre kedden a nyugat-t\u00f6r\u00f6korsz\u00e1gi Izmir tartom\u00e1ny Kemalpasa telep\u00fcl\u00e9s\u00e9n a helyi csend\u0151rs\u00e9g \u00e9p\u00fclete ellen &#8211; jelentette az Anadolu t\u00f6r\u00f6k \u00e1llami h\u00edr\u00fcgyn\u00f6ks\u00e9g.<\/p>\n","protected":false},"author":1,"featured_media":0,"comment_status":"open","ping_status":"closed","sticky":false,"template":"","format":"standard","meta":[],"categories":[12,16],"tags":[],"_links":{"self":[{"href":"https:\/\/gazdasagportal.hu\/index.php\/wp-json\/wp\/v2\/posts\/75184"}],"collection":[{"href":"https:\/\/gazdasagportal.hu\/index.php\/wp-json\/wp\/v2\/posts"}],"about":[{"href":"https:\/\/gazdasagportal.hu\/index.php\/wp-json\/wp\/v2\/types\/post"}],"author":[{"embeddable":true,"href":"https:\/\/gazdasagportal.hu\/index.php\/wp-json\/wp\/v2\/users\/1"}],"replies":[{"embeddable":true,"href":"https:\/\/gazdasagportal.hu\/index.php\/wp-json\/wp\/v2\/comments?post=75184"}],"version-history":[{"count":1,"href":"https:\/\/gazdasagportal.hu\/index.php\/wp-json\/wp\/v2\/posts\/75184\/revisions"}],"predecessor-version":[{"id":75185,"href":"https:\/\/gazdasagportal.hu\/index.php\/wp-json\/wp\/v2\/posts\/75184\/revisions\/75185"}],"wp:attachment":[{"href":"https:\/\/gazdasagportal.hu\/index.php\/wp-json\/wp\/v2\/media?parent=75184"}],"wp:term":[{"taxonomy":"category","embeddable":true,"href":"https:\/\/gazdasagportal.hu\/index.php\/wp-json\/wp\/v2\/categories?post=75184"},{"taxonomy":"post_tag","embeddable":true,"href":"https:\/\/gazdasagportal.hu\/index.php\/wp-json\/wp\/v2\/tags?post=75184"}],"curies":[{"name":"wp","href":"https:\/\/api.w.org\/{rel}","templated":true}]}}