{"id":75089,"date":"2016-02-22T14:26:41","date_gmt":"2016-02-22T13:26:41","guid":{"rendered":"http:\/\/gazdasagportal.hu\/?p=75089"},"modified":"2016-02-22T14:26:41","modified_gmt":"2016-02-22T13:26:41","slug":"autokat-hiv-vissza-szoftvercserere-a-volvo","status":"publish","type":"post","link":"https:\/\/gazdasagportal.hu\/index.php\/autokat-hiv-vissza-szoftvercserere-a-volvo\/","title":{"rendered":"Aut\u00f3kat h\u00edv vissza szoftvercser\u00e9re a Volvo"},"content":{"rendered":"<p><strong>A Volvo Car Group 59 ezer aut\u00f3t h\u00edv vissza motorle\u00e1ll\u00e1st okoz\u00f3 szoftverhiba miatt jav\u00edt\u00e1s\u00e1ra &#8211; jelentette az Automotive News Europe h\u00edrport\u00e1l.<\/strong><!--more--><\/p>\n<div class=\"ads-in-post1\"><div id=\"gazdasagportal.hu_fullbanner_wideboard\"><\/div>\r\n<\/div>\n<p>Stefan Elfstrom, a Volvo Car sz\u00f3viv\u0151je a h\u00edrport\u00e1lt emailben arr\u00f3l t\u00e1j\u00e9koztatta, hogy az \u00e9rintett aut\u00f3k 97 sz\u00e1zal\u00e9k\u00e1t Eur\u00f3p\u00e1ban helyezt\u00e9k forgalomba, 24 ezret Sv\u00e9dorsz\u00e1gban, 7 ezret Nagy-Britanni\u00e1ban \u00e9s 7 ezret N\u00e9metorsz\u00e1gban.<br \/>\nA visszah\u00edv\u00e1si akci\u00f3 az 5 hengeres d\u00edzelmotorral rendelkez\u0151 2016-os S60, V60, XC60, V70 \u00e9s XC70 modellekre vonatkozik. A szoftvercsere ingyenes \u00e9s mintegy 30 percet vesz ig\u00e9nybe.(MTI)<br \/>\n<strong><a title=\"Hely megnyit\u00e1sa\" href=\"http:\/\/europe.autonews.com\/article\/20160221\/ANE\/160229998\/volvo-recalls-59000-cars-over-software-fault\" target=\"_blank\" rel=\"noopener\">http:\/\/europe.autonews.com\/article\/20160221\/ANE\/160229998\/volvo-recalls-59000-cars-over-software-fault<\/a><\/strong><\/p>\n<p>&nbsp;<\/p><div id=\"gazda-1657607602\" class=\"gazda-tartalomban gazda-entity-placement\"><script async src=\"https:\/\/pagead2.googlesyndication.com\/pagead\/js\/adsbygoogle.js\"><\/script>\r\n<ins class=\"adsbygoogle\"\r\n     style=\"display:block\"\r\n     data-ad-format=\"fluid\"\r\n     data-ad-layout-key=\"-6t+ed+2i-1n-4w\"\r\n     data-ad-client=\"ca-pub-1959107119989764\"\r\n     data-ad-slot=\"4008251320\"><\/ins>\r\n<script>\r\n     (adsbygoogle = window.adsbygoogle || []).push({});\r\n<\/script><\/div>\n","protected":false},"excerpt":{"rendered":"<p>A Volvo Car Group 59 ezer aut\u00f3t h\u00edv vissza motorle\u00e1ll\u00e1st okoz\u00f3 szoftverhiba miatt jav\u00edt\u00e1s\u00e1ra &#8211; jelentette az Automotive News Europe h\u00edrport\u00e1l.<\/p>\n","protected":false},"author":1,"featured_media":0,"comment_status":"open","ping_status":"closed","sticky":false,"template":"","format":"standard","meta":[],"categories":[246],"tags":[],"_links":{"self":[{"href":"https:\/\/gazdasagportal.hu\/index.php\/wp-json\/wp\/v2\/posts\/75089"}],"collection":[{"href":"https:\/\/gazdasagportal.hu\/index.php\/wp-json\/wp\/v2\/posts"}],"about":[{"href":"https:\/\/gazdasagportal.hu\/index.php\/wp-json\/wp\/v2\/types\/post"}],"author":[{"embeddable":true,"href":"https:\/\/gazdasagportal.hu\/index.php\/wp-json\/wp\/v2\/users\/1"}],"replies":[{"embeddable":true,"href":"https:\/\/gazdasagportal.hu\/index.php\/wp-json\/wp\/v2\/comments?post=75089"}],"version-history":[{"count":1,"href":"https:\/\/gazdasagportal.hu\/index.php\/wp-json\/wp\/v2\/posts\/75089\/revisions"}],"predecessor-version":[{"id":75090,"href":"https:\/\/gazdasagportal.hu\/index.php\/wp-json\/wp\/v2\/posts\/75089\/revisions\/75090"}],"wp:attachment":[{"href":"https:\/\/gazdasagportal.hu\/index.php\/wp-json\/wp\/v2\/media?parent=75089"}],"wp:term":[{"taxonomy":"category","embeddable":true,"href":"https:\/\/gazdasagportal.hu\/index.php\/wp-json\/wp\/v2\/categories?post=75089"},{"taxonomy":"post_tag","embeddable":true,"href":"https:\/\/gazdasagportal.hu\/index.php\/wp-json\/wp\/v2\/tags?post=75089"}],"curies":[{"name":"wp","href":"https:\/\/api.w.org\/{rel}","templated":true}]}}