{"id":75020,"date":"2016-02-19T18:44:52","date_gmt":"2016-02-19T17:44:52","guid":{"rendered":"http:\/\/gazdasagportal.hu\/?p=75020"},"modified":"2016-02-19T18:44:52","modified_gmt":"2016-02-19T17:44:52","slug":"nem-vonulnak-ki-oroszorszagbol-az-ott-mukodo-nemet-cegek","status":"publish","type":"post","link":"https:\/\/gazdasagportal.hu\/index.php\/nem-vonulnak-ki-oroszorszagbol-az-ott-mukodo-nemet-cegek\/","title":{"rendered":"Nem vonulnak ki Oroszorsz\u00e1gb\u00f3l az ott m\u0171k\u00f6d\u0151 n\u00e9met c\u00e9gek"},"content":{"rendered":"<p><strong>A gazdas\u00e1gi neh\u00e9zs\u00e9gek dac\u00e1ra sem sz\u00e1nd\u00e9koznak kivonulni Oroszorsz\u00e1gb\u00f3l az ott m\u0171k\u00f6d\u0151 n\u00e9met c\u00e9gek, amelyek egy\u00fattal a nyugati szankci\u00f3k elt\u00f6rl\u00e9s\u00e9t szorgalmazz\u00e1k.<\/strong><!--more--><\/p>\n<div class=\"ads-in-post1\"><div id=\"gazdasagportal.hu_fullbanner_wideboard\"><\/div>\r\n<\/div>\n<p>    Ez der\u00fclt ki az orosz-n\u00e9met k\u00fclkereskedelmi kamara \u00e9s a N\u00e9met Gazdas\u00e1g Keleti Bizotts\u00e1ga \u00e1ltal k\u00e9sz\u00edtett szok\u00e1sos \u00e9ves felm\u00e9r\u00e9sb\u0151l, amelynek eredm\u00e9nyeit p\u00e9nteken ismertett\u00e9k Berlinben egy Oroszorsz\u00e1got n\u00e9pszer\u0171s\u00edt\u0151 konferenci\u00e1n.<br \/>\n    Az Interfax orosz h\u00edr\u00fcgyn\u00f6ks\u00e9g besz\u00e1mol\u00f3ja szerint a janu\u00e1rban megk\u00e9rdezett 152 n\u00e9met v\u00e1llalatvezet\u0151 szinte kiv\u00e9tel n\u00e9lk\u00fcl \u00fagy l\u00e1tja, hogy id\u00e9n is kedvez\u0151tlenek maradnak az \u00fczleti tev\u00e9kenys\u00e9g felt\u00e9telei Oroszorsz\u00e1gban a gazdas\u00e1gi v\u00e1ls\u00e1g \u00e9s a nyugati szankci\u00f3k k\u00f6vetkezt\u00e9ben. A v\u00e1laszad\u00f3k 94 sz\u00e1zal\u00e9ka az \u00fczleti l\u00e9gk\u00f6r tov\u00e1bbi roml\u00e1s\u00e1ra sz\u00e1m\u00edt, \u00e9s 81 sz\u00e1zal\u00e9ka gondolja \u00fagy, hogy az orosz gazdas\u00e1gban negat\u00edv trendek \u00e9rv\u00e9nyes\u00fclnek.<br \/>\n    A n\u00e9met v\u00e1llalatok 88 sz\u00e1zal\u00e9ka az Oroszorsz\u00e1got s\u00fajt\u00f3 nyugati szankci\u00f3k elt\u00f6rl\u00e9se mellett \u00e1ll ki, ezen bel\u00fcl 60 sz\u00e1zal\u00e9k a b\u00fcntet\u0151int\u00e9zked\u00e9sek azonnali, 28 sz\u00e1zal\u00e9ka pedig a fokozatos felold\u00e1s\u00e1t t\u00e1mogatja. T\u00edz sz\u00e1zal\u00e9k fenntartan\u00e1, 2 sz\u00e1zal\u00e9k pedig er\u0151s\u00edten\u00e9 a szankci\u00f3kat.<br \/>\n    A n\u00e9met v\u00e1llalatok oroszorsz\u00e1gi tev\u00e9kenys\u00e9g\u00e9t f\u0151leg a gyenge konjunkt\u00fara \u00e9s a szankci\u00f3k befoly\u00e1solj\u00e1k. A tavalyi felm\u00e9r\u00e9shez k\u00e9pest alig v\u00e1ltozott a n\u00e9met c\u00e9gek meg\u00edt\u00e9l\u00e9se \u00f6nn\u00f6n piaci helyzet\u00fckr\u0151l. A megk\u00e9rdezettek 38 sz\u00e1zal\u00e9ka rossznak (2015-ben 40 sz\u00e1zal\u00e9k), 46 sz\u00e1zal\u00e9ka kiel\u00e9g\u00edt\u0151nek (2015-ben 45 sz\u00e1zal\u00e9k), 13 sz\u00e1zal\u00e9ka j\u00f3nak (2015-ben 15 sz\u00e1zal\u00e9k), 3 sz\u00e1zal\u00e9k pedig nagyon j\u00f3nak (2015-ben 0 sz\u00e1zal\u00e9k) tartja \u00fczleti tev\u00e9kenys\u00e9g\u00e9nek helyzet\u00e9t.<br \/>\n    A tavalyihoz k\u00e9pest javult a foglalkoztatotts\u00e1gi helyzet. A tavalyi 10 sz\u00e1zal\u00e9kkal szemben a v\u00e1laszad\u00f3k 20 sz\u00e1zal\u00e9ka tervezi alkalmazottai sz\u00e1m\u00e1nak n\u00f6vel\u00e9s\u00e9t Oroszorsz\u00e1gban, 60 sz\u00e1zal\u00e9k helyett 48 sz\u00e1zal\u00e9k nem v\u00e1ltoztat a l\u00e9tsz\u00e1mon, nagyj\u00e1b\u00f3l egyharmad pedig le\u00e9p\u00edt\u00e9sekre k\u00e9sz\u00fcl.<br \/>\n    A n\u00e9met c\u00e9gek imm\u00e1r kev\u00e9sb\u00e9 tartanak Oroszorsz\u00e1g K\u00edna fel\u00e9 fordul\u00e1s\u00e1t\u00f3l. K\u00e9tharmaduk szerint az Ukrajna \u00e9s az Eur\u00f3pai Uni\u00f3 k\u00f6z\u00f6tti t\u00e1rsul\u00e1si szerz\u0151d\u00e9s nem gyakorol hat\u00e1st az orosz piacra, 31 sz\u00e1zal\u00e9k viszont negat\u00edv k\u00f6vetkezm\u00e9nyekre sz\u00e1m\u00edt.<br \/>\n    Az Oroszorsz\u00e1gban m\u0171k\u00f6d\u0151 n\u00e9met c\u00e9gek sz\u00e1ma tavaly 400-zal 5600-ra cs\u00f6kkent. T\u00f6bb mint fel\u00fck (56 sz\u00e1zal\u00e9k) arra k\u00e9sz\u00fcl, hogy a kor\u00e1bbi szinten tartja fenn jelenl\u00e9t\u00e9t. A v\u00e1laszad\u00f3k 20 sz\u00e1zal\u00e9ka terjeszkedne, 19 sz\u00e1zal\u00e9ka cs\u00f6kkenten\u00e9, 5 sz\u00e1zal\u00e9k pedig megsz\u00fcntetn\u00e9 oroszorsz\u00e1gi \u00fczlet\u00e9t.(MTI)<\/p>\n","protected":false},"excerpt":{"rendered":"<p>A gazdas\u00e1gi neh\u00e9zs\u00e9gek dac\u00e1ra sem sz\u00e1nd\u00e9koznak kivonulni Oroszorsz\u00e1gb\u00f3l az ott m\u0171k\u00f6d\u0151 n\u00e9met c\u00e9gek, amelyek egy\u00fattal a nyugati szankci\u00f3k elt\u00f6rl\u00e9s\u00e9t szorgalmazz\u00e1k.<\/p>\n","protected":false},"author":1,"featured_media":0,"comment_status":"open","ping_status":"closed","sticky":false,"template":"","format":"standard","meta":[],"categories":[246],"tags":[],"_links":{"self":[{"href":"https:\/\/gazdasagportal.hu\/index.php\/wp-json\/wp\/v2\/posts\/75020"}],"collection":[{"href":"https:\/\/gazdasagportal.hu\/index.php\/wp-json\/wp\/v2\/posts"}],"about":[{"href":"https:\/\/gazdasagportal.hu\/index.php\/wp-json\/wp\/v2\/types\/post"}],"author":[{"embeddable":true,"href":"https:\/\/gazdasagportal.hu\/index.php\/wp-json\/wp\/v2\/users\/1"}],"replies":[{"embeddable":true,"href":"https:\/\/gazdasagportal.hu\/index.php\/wp-json\/wp\/v2\/comments?post=75020"}],"version-history":[{"count":1,"href":"https:\/\/gazdasagportal.hu\/index.php\/wp-json\/wp\/v2\/posts\/75020\/revisions"}],"predecessor-version":[{"id":75021,"href":"https:\/\/gazdasagportal.hu\/index.php\/wp-json\/wp\/v2\/posts\/75020\/revisions\/75021"}],"wp:attachment":[{"href":"https:\/\/gazdasagportal.hu\/index.php\/wp-json\/wp\/v2\/media?parent=75020"}],"wp:term":[{"taxonomy":"category","embeddable":true,"href":"https:\/\/gazdasagportal.hu\/index.php\/wp-json\/wp\/v2\/categories?post=75020"},{"taxonomy":"post_tag","embeddable":true,"href":"https:\/\/gazdasagportal.hu\/index.php\/wp-json\/wp\/v2\/tags?post=75020"}],"curies":[{"name":"wp","href":"https:\/\/api.w.org\/{rel}","templated":true}]}}