{"id":74983,"date":"2016-02-19T04:04:49","date_gmt":"2016-02-19T03:04:49","guid":{"rendered":"http:\/\/gazdasagportal.hu\/?p=74983"},"modified":"2016-02-18T21:05:36","modified_gmt":"2016-02-18T20:05:36","slug":"uber-a-ceg-nem-taxiszolgaltatast-nyujt-hanem-online-piacteret-mukodtet","status":"publish","type":"post","link":"https:\/\/gazdasagportal.hu\/index.php\/uber-a-ceg-nem-taxiszolgaltatast-nyujt-hanem-online-piacteret-mukodtet\/","title":{"rendered":"Uber: a c\u00e9g nem taxiszolg\u00e1ltat\u00e1st ny\u00fajt, hanem online piacteret m\u0171k\u00f6dtet"},"content":{"rendered":"<p><strong>Az Uber nem taxi, hanem egy technol\u00f3giai rendszer, egy informatikai c\u00e9g, amely olyan online piacteret \u00fczemeltet, amelyen kereszt\u00fcl k\u00fcl\u00f6nb\u00f6z\u0151 jelleg\u0171 szolg\u00e1ltat\u00e1sok m\u0171k\u00f6dnek, Budapesten a szem\u00e9lysz\u00e1ll\u00edt\u00e1s, az aut\u00f3megoszt\u00f3 rendszer ismert &#8211; mondta az Uber magyarorsz\u00e1gi operat\u00edv vezet\u0151je cs\u00fct\u00f6rt\u00f6k\u00f6n Budapesten.<\/strong><!--more--><\/p>\n<div class=\"ads-in-post1\"><div id=\"gazdasagportal.hu_fullbanner_wideboard\"><\/div>\r\n<\/div>\n<p>    Fekete Zolt\u00e1n a Mi lesz az Uberrel c\u00edm\u0171 sajt\u00f3t\u00e1j\u00e9koztat\u00f3n kiemelte: az Uber nem taxi &#8211; nem rendelkezik diszp\u00e9cser k\u00f6zponttal, droszttal, a fuvar fizet\u00e9se nem k\u00e9szp\u00e9nzben, hanem elektronikusan t\u00f6rt\u00e9nik, a rendszer teljesen \u00e1tl\u00e1that\u00f3 \u00e9s k\u00f6vethet\u0151.                       Az Uber k\u00f6zponti rendszere minden \u00fat ut\u00e1n elektronikus sz\u00e1ml\u00e1t gener\u00e1l, az Uber-sof\u0151r\u00f6k ezt a szolg\u00e1ltat\u00e1st csak v\u00e1llalkoz\u00f3i ad\u00f3sz\u00e1mmal tudj\u00e1k ell\u00e1tni \u00e9s minden \u00fat biztos\u00edtva van 1,5 milli\u00e1rd forint \u00e9rt\u00e9kben &#8211; tette hozz\u00e1. Fekete Zolt\u00e1n hangs\u00falyozta: az Ubern\u00e9l nincs feketefuvar.     K\u00e9rd\u00e9sre v\u00e1laszolva elmondta, hogy az elektronikus sz\u00e1ml\u00e1t a Nemzeti Ad\u00f3- \u00e9s V\u00e1mhivatal (NAV) ir\u00e1nymutat\u00e1sa alapj\u00e1n alak\u00edtott\u00e1k ki, azonban m\u00e9g nem nyerte el a v\u00e9gleges form\u00e1j\u00e1t, mert az ad\u00f3hat\u00f3s\u00e1g jelezte, hogy a sz\u00e1ml\u00e1n az utas c\u00edme nem megfelel\u0151en szerepel. A c\u00e9g megegyezett az ad\u00f3hat\u00f3s\u00e1ggal, hogy a probl\u00e9m\u00e1t v\u00e1rhat\u00f3an febru\u00e1r v\u00e9g\u00e9re, m\u00e1rcius elej\u00e9re megoldj\u00e1k, az \u00edgy ki\u00e1ll\u00edtott sz\u00e1mla pedig megfelel majd a magyar jogszab\u00e1lyok szerinti \u00e1f\u00e1s-sz\u00e1ml\u00e1nak &#8211; ismertette.          Fekete Zolt\u00e1n k\u00e9rd\u00e9sre v\u00e1laszolva azt is kifejtette, hogy az ad\u00f3hat\u00f3s\u00e1ggal folytatott legut\u00f3bbi t\u00e1rgyal\u00e1son egy lehets\u00e9ges digit\u00e1lis ad\u00f3bevall\u00e1si rendszer bevezet\u00e9se mellett az is sz\u00f3ba ker\u00fclt, hogy a NAV-osok is r\u00e9szt venn\u00e9nek az \u00fajonnan csatlakozni k\u00edv\u00e1n\u00f3 sof\u0151r\u00f6knek tartott prezent\u00e1ci\u00f3kon, hogy t\u00e1j\u00e9koztass\u00e1k \u0151ket a magyar ad\u00f3z\u00e1si felt\u00e9telekr\u0151l.<br \/>\n    Arra a k\u00e9rd\u00e9sre, hogy valamilyen hat\u00f3s\u00e1g k\u00e9rte-e t\u0151l\u00fck a szerz\u0151d\u00f6tt sof\u0151r\u00f6k adatait, azt v\u00e1laszolta: a magyarorsz\u00e1gi c\u00e9ghez nem \u00e9rkezett megkeres\u00e9s.<br \/>\n    Hozz\u00e1tette, hogy jelenleg Budapesten 1200 Uber-sof\u0151r dolgozik, a c\u00e9g azonban c\u00e9lul t\u0171zte ki, hogy az \u00e9v v\u00e9g\u00e9re az Uber-sof\u0151r\u00f6k sz\u00e1ma \u00e9rje el a k\u00e9tezret. A sof\u0151r\u00f6k mindegyike rendelkezik m\u00e1r a szem\u00e9lysz\u00e1ll\u00edt\u00e1shoz sz\u00fcks\u00e9ges enged\u00e9lyekkel vagy folyamatban van az enged\u00e9lyek megszerz\u00e9se.     K\u00e9rd\u00e9sre v\u00e1laszolva arra is r\u00e1mutatott, hogy amikor egy sof\u0151r az Uber rendszer\u00e9be regisztr\u00e1l, akkor igazolnia kell egyr\u00e9szt hat\u00f3s\u00e1gi erk\u00f6lcsi bizony\u00edtv\u00e1nnyal, hogy b\u00fcntetlen el\u0151\u00e9let\u0171, m\u00e1sr\u00e9szt pedig a k\u00f6zleked\u00e9si el\u0151\u00e9leti b\u00fcntet\u0151pontos igazol\u00e1ssal, hogy minimum h\u00e1rom \u00e9ve balesetmentesen vezet.<br \/>\n    A rendelettel kapcsolatban, amely alapj\u00e1n szem\u00e9lysz\u00e1ll\u00edt\u00e1si szolg\u00e1ltat\u00e1st enged\u00e9ly n\u00e9lk\u00fcl v\u00e9gz\u0151k aut\u00f3inak rendsz\u00e1m\u00e1t levehetik az ellen\u0151rz\u00e9st v\u00e9gz\u0151k, azt mondta, hogy meglepte \u0151ket. Azoknak a sof\u0151r\u00f6knek, akiknek rendsz\u00e1m\u00e1t levenn\u00e9k a hat\u00f3s\u00e1gok, minden jogi seg\u00edts\u00e9get megadnak. \u00dagy t\u0171nik, bizonyos korm\u00e1nyzati szerepl\u0151k nem egy ir\u00e1nyba mennek, mert a rendelet megjelen\u00e9se el\u0151tt t\u00e1rgyaltak az ad\u00f3- \u00e9s a k\u00f6zleked\u00e9si hat\u00f3s\u00e1ggal a szab\u00e1lyokr\u00f3l, amelyeket be kell tartaniuk &#8211; minderr\u0151l t\u00e1j\u00e9koztatt\u00e1k a fejleszt\u00e9si miniszt\u00e9riumot is &#8211; \u00e9s ez a lehet\u0151s\u00e9g nem mer\u00fclt fel.<br \/>\n    Az utaz\u00e1smegoszt\u00f3 alkalmaz\u00e1s felhaszn\u00e1l\u00f3ir\u00f3l pedig elmondta, hogy Magyarorsz\u00e1gon m\u00e1r 110 ezren regisztr\u00e1ltak. Fekete Zolt\u00e1n hangs\u00falyozta: folyamatosan t\u00e1rgyalnak a korm\u00e1ny k\u00e9pvisel\u0151ivel \u00e9s \u00fagy l\u00e1tj\u00e1k, hogy a korm\u00e1ny r\u00e9sz\u00e9r\u0151l van befogad\u00f3k\u00e9szs\u00e9g az olyan innovat\u00edv v\u00e1llalkoz\u00e1sok felkarol\u00e1s\u00e1ra, mint amilyen az Uber is.     Arr\u00f3l is besz\u00e1molt, hogy az elm\u00falt 5 napban 17 000 al\u00e1\u00edr\u00e1st gy\u0171jt\u00f6tt \u00f6ssze a c\u00e9g egy online port\u00e1lon, ahol ismertett\u00e9k a Budapesten \u00e9l\u0151kkel, hogy mi a jelenlegi helyzet az Uber k\u00f6r\u00fcl, a port\u00e1lra l\u00e1togat\u00f3k pedig al\u00e1\u00edr\u00e1sukkal fejezt\u00e9k ki, hogy t\u00e1mogatj\u00e1k az Uber tov\u00e1bbi f\u0151v\u00e1rosi m\u0171k\u00f6d\u00e9s\u00e9t. A sajt\u00f3t\u00e1j\u00e9koztat\u00f3n dobozokban voltak ki\u00e1ll\u00edtva az al\u00e1\u00edrt levelek, amelyekr\u0151l az Uber Magyarorsz\u00e1g k\u00e9pvisel\u0151i elmondt\u00e1k: az esem\u00e9nyt k\u00f6vet\u0151en a Nemzeti Fejleszt\u00e9si Miniszt\u00e9riumnak adj\u00e1k \u00e1t. Fekete Zolt\u00e1n hozz\u00e1tette: ezzel szeretn\u00e9nek \u00fczenni a miniszt\u00e9riumnak, hogy itt van egy nagyon komoly utaz\u00f3 b\u00e1zis, ez\u00e9rt ink\u00e1bb az egy\u00fcttm\u0171k\u00f6d\u00e9s legyen a c\u00e9l.(MTI)<\/p>\n","protected":false},"excerpt":{"rendered":"<p>Az Uber nem taxi, hanem egy technol\u00f3giai rendszer, egy informatikai c\u00e9g, amely olyan online piacteret \u00fczemeltet, amelyen kereszt\u00fcl k\u00fcl\u00f6nb\u00f6z\u0151 jelleg\u0171 szolg\u00e1ltat\u00e1sok m\u0171k\u00f6dnek, Budapesten a szem\u00e9lysz\u00e1ll\u00edt\u00e1s, az aut\u00f3megoszt\u00f3 rendszer ismert &#8211; mondta az Uber magyarorsz\u00e1gi operat\u00edv vezet\u0151je cs\u00fct\u00f6rt\u00f6k\u00f6n Budapesten.<\/p>\n","protected":false},"author":1,"featured_media":0,"comment_status":"open","ping_status":"closed","sticky":false,"template":"","format":"standard","meta":[],"categories":[19],"tags":[],"_links":{"self":[{"href":"https:\/\/gazdasagportal.hu\/index.php\/wp-json\/wp\/v2\/posts\/74983"}],"collection":[{"href":"https:\/\/gazdasagportal.hu\/index.php\/wp-json\/wp\/v2\/posts"}],"about":[{"href":"https:\/\/gazdasagportal.hu\/index.php\/wp-json\/wp\/v2\/types\/post"}],"author":[{"embeddable":true,"href":"https:\/\/gazdasagportal.hu\/index.php\/wp-json\/wp\/v2\/users\/1"}],"replies":[{"embeddable":true,"href":"https:\/\/gazdasagportal.hu\/index.php\/wp-json\/wp\/v2\/comments?post=74983"}],"version-history":[{"count":1,"href":"https:\/\/gazdasagportal.hu\/index.php\/wp-json\/wp\/v2\/posts\/74983\/revisions"}],"predecessor-version":[{"id":74984,"href":"https:\/\/gazdasagportal.hu\/index.php\/wp-json\/wp\/v2\/posts\/74983\/revisions\/74984"}],"wp:attachment":[{"href":"https:\/\/gazdasagportal.hu\/index.php\/wp-json\/wp\/v2\/media?parent=74983"}],"wp:term":[{"taxonomy":"category","embeddable":true,"href":"https:\/\/gazdasagportal.hu\/index.php\/wp-json\/wp\/v2\/categories?post=74983"},{"taxonomy":"post_tag","embeddable":true,"href":"https:\/\/gazdasagportal.hu\/index.php\/wp-json\/wp\/v2\/tags?post=74983"}],"curies":[{"name":"wp","href":"https:\/\/api.w.org\/{rel}","templated":true}]}}