{"id":74979,"date":"2016-02-19T04:44:29","date_gmt":"2016-02-19T03:44:29","guid":{"rendered":"http:\/\/gazdasagportal.hu\/?p=74979"},"modified":"2016-02-18T21:00:34","modified_gmt":"2016-02-18T20:00:34","slug":"illegalis-bevandorlas-kozepesre-ertekeli-angela-merkel-munkajat-a-legnagyobb-nemet-lap","status":"publish","type":"post","link":"https:\/\/gazdasagportal.hu\/index.php\/illegalis-bevandorlas-kozepesre-ertekeli-angela-merkel-munkajat-a-legnagyobb-nemet-lap\/","title":{"rendered":"Illeg\u00e1lis bev\u00e1ndorl\u00e1s &#8211; K\u00f6zepesre \u00e9rt\u00e9keli Angela Merkel munk\u00e1j\u00e1t a legnagyobb n\u00e9met lap"},"content":{"rendered":"<p><strong>K\u00f6zepesre \u00e9rt\u00e9kelte a n\u00e9met kancell\u00e1r menek\u00fclt\u00fcgyi tev\u00e9kenys\u00e9g\u00e9t a legnagyobb p\u00e9ld\u00e1nysz\u00e1m\u00fa n\u00e9met lap, a Bild a cs\u00fct\u00f6rt\u00f6k\u00f6n kezd\u0151d\u0151 uni\u00f3s cs\u00facs alkalm\u00e1b\u00f3l k\u00e9sz\u00edtett \u00f6ssze\u00e1ll\u00edt\u00e1s\u00e1ban.<\/strong><!--more--><\/p>\n<div class=\"ads-in-post1\"><div id=\"gazdasagportal.hu_fullbanner_wideboard\"><\/div>\r\n<\/div>\n<p>    Angela Merkel a tag\u00e1llami vezet\u0151k tan\u00e1cskoz\u00e1s\u00e1r\u00f3l t\u00f6bb nyilatkozat\u00e1ban \u00e9s besz\u00e9d\u00e9ben kiemelte, hogy Br\u00fcsszelben &#8222;k\u00f6ztes m\u00e9rleget&#8221; k\u00e9sz\u00edtenek az eur\u00f3pai menek\u00fcltv\u00e1ls\u00e1g kezel\u00e9s\u00e9r\u0151l. Ennek nyom\u00e1n a Bild a kancell\u00e1r tev\u00e9kenys\u00e9g\u00e9nek eredm\u00e9nyeit helyzete m\u00e9rlegre. Nyolc &#8222;tant\u00e1rgyb\u00f3l&#8221; vizsg\u00e1ztatt\u00e1k Merkelt; egyben \u00e9rt\u00e9kelt\u00e9k jelesre, kett\u0151ben el\u00e9gtelenre Angela Merkel teljes\u00edtm\u00e9ny\u00e9t. Mindent egybevetve a lap k\u00f6zepes bizony\u00edtv\u00e1nyt \u00e1ll\u00edtott ki.<br \/>\n    A kancell\u00e1r a Bild vizsg\u00e1j\u00e1n el\u00e9gtelent kapott, ami\u00e9rt tov\u00e1bbra is er\u0151s a menek\u00fclthull\u00e1m. Az id\u00e9n szerd\u00e1ig 136 546 ember \u00e9rkez\u00e9s\u00e9t regisztr\u00e1lt\u00e1k a mened\u00e9kk\u00e9r\u0151k tartom\u00e1nyok k\u00f6z\u00f6tti eloszt\u00e1s\u00e1t szolg\u00e1l\u00f3 rendszerbe (EASY), ami azt jelenti, hogy ugyan j\u00f3val kevesebben \u00e9rkeznek, mint tavaly decemberben, de nagyj\u00e1b\u00f3l k\u00e9tszer annyian, mint a tavaly janu\u00e1r-febur\u00e1ri id\u0151szakban.<br \/>\n    <a href=\"https:\/\/gazdasagportal.hu\/wp-content\/uploads\/2015\/09\/refugees-selfie-merkel.jpg\"><img decoding=\"async\" loading=\"lazy\" src=\"https:\/\/gazdasagportal.hu\/wp-content\/uploads\/2015\/09\/refugees-selfie-merkel-300x168.jpg\" alt=\"refugees-selfie-merkel\" width=\"300\" height=\"168\" class=\"alignleft size-medium wp-image-68070\" srcset=\"https:\/\/gazdasagportal.hu\/wp-content\/uploads\/2015\/09\/refugees-selfie-merkel-300x168.jpg 300w, https:\/\/gazdasagportal.hu\/wp-content\/uploads\/2015\/09\/refugees-selfie-merkel-1024x576.jpg 1024w, https:\/\/gazdasagportal.hu\/wp-content\/uploads\/2015\/09\/refugees-selfie-merkel.jpg 1280w\" sizes=\"(max-width: 300px) 100vw, 300px\" \/><\/a>El\u00e9gtelent kapott Angela Merkel az\u00e9rt is, mert uni\u00f3s szinten nem siker\u00fclt \u00e9rv\u00e9nyes\u00edtenie v\u00e1ls\u00e1gkezel\u00e9si elk\u00e9pzel\u00e9seit, \u00e9s &#8222;elszigetelt&#8221; helyzetbe vezette N\u00e9metorsz\u00e1got. Ugyanakkor a lap a t\u00f6bbi tag\u00e1llamot is megbuktatta, mert a lap szerint az &#8222;EU-orsz\u00e1gok kudarcot vallottak a menek\u00fcltv\u00e1ls\u00e1gban&#8221;.<br \/>\n    K\u00f6zepest kapott Angela Merkel a biztons\u00e1gi helyzet\u00e9rt, amellyel kapcsolatban a Bild hangs\u00falyozta, hogy a rend\u0151rs\u00e9g v\u00e9szesen t\u00falterhelt, de nagyobb b\u0171n\u00f6z\u00e9si hull\u00e1mhoz nem vezetett a mened\u00e9kk\u00e9r\u0151k be\u00e1raml\u00e1sa.<br \/>\n    K\u00f6zepesre \u00e9rt\u00e9kelte a lap a menek\u00fcltv\u00e1ls\u00e1g k\u00f6lts\u00e9geinek finansz\u00edroz\u00e1s\u00e1t c\u00e9lz\u00f3 er\u0151fesz\u00edt\u00e9seket, ugyanakkor kiemelte, hogy az \u00e1llamh\u00e1ztart\u00e1sban egyel\u0151re nem keletkezett hi\u00e1ny, \u00e9s nem volt sz\u00fcks\u00e9g ad\u00f3emel\u00e9sre.<br \/>\n    Szint\u00e9n k\u00f6zepesre \u00e9rt\u00e9kelte a Bild a mened\u00e9kk\u00e9r\u0151k regisztr\u00e1ci\u00f3j\u00e1nak \u00e9s elhelyez\u00e9s\u00fck \u00f6sszehangol\u00e1s\u00e1nak jav\u00edt\u00e1s\u00e1ra, valamint a menek\u00fclt\u00fcgyi elj\u00e1r\u00e1sok gyors\u00edt\u00e1s\u00e1ra ir\u00e1nyul\u00f3 er\u0151fesz\u00edt\u00e9sek eredm\u00e9nyeit, r\u00e1mutatva, hogy az elkezdett \u00e1talak\u00edt\u00e1sok hat\u00e1sai m\u00e9g nem bontakoztak ki.<br \/>\n    J\u00f3nak tarja a lap a kancell\u00e1r belpolitikai tev\u00e9kenys\u00e9g\u00e9t, kiemelve, hogy a t\u00f6rv\u00e9nyhoz\u00e1s alig n\u00e9h\u00e1ny h\u00e9t alatt nagyobb m\u00e9rt\u00e9kben szigor\u00edtotta a menek\u00fclt\u00fcgyi elj\u00e1r\u00e1s \u00e9s ell\u00e1t\u00e1s szab\u00e1lyait, mint a megel\u0151z\u0151 k\u00e9t \u00e9vben.<br \/>\n    J\u00f3nak \u00e9rt\u00e9kelte a Bild az eg\u00e9szs\u00e9g\u00fcgyi rendszert \u00e9rint\u0151 v\u00e1ltoztat\u00e1sokat is, kiemelve, hogy a rendszer egyel\u0151re megbirk\u00f3zik azzal a nyom\u00e1ssal, amelyet a tavaly az orsz\u00e1gba \u00e9rkez\u0151 t\u00f6bb mint egymilli\u00f3 ember jelent.<br \/>\n    Angela Merkel csak az\u00e9rt kapott jelest a Bildt\u0151l, hogy a k\u00f6zhangulat roml\u00e1sa ellen\u00e9re m\u00e9g mindig nagy a lakoss\u00e1g seg\u00edt\u0151k\u00e9szs\u00e9ge, ami a lap szerint azt jelenti, hogy tov\u00e1bbra is \u00e9rv\u00e9nyes a kancell\u00e1r h\u00edres mond\u00e1sa, miszerint &#8222;megoldjuk az \u00fcgyet&#8221;, vagyis N\u00e9metorsz\u00e1g megbirk\u00f3zik a menek\u00fcltv\u00e1ls\u00e1ggal.<br \/>\n    N\u00e9metorsz\u00e1gban tavaly 1 091 894 mened\u00e9kk\u00e9r\u0151t vettek nyilv\u00e1ntart\u00e1sba. Ekkora t\u00f6meg \u00e9rkez\u00e9s\u00e9re nem volt p\u00e9lda a modern menek\u00fclt\u00fcgy n\u00e9metorsz\u00e1gi t\u00f6rt\u00e9net\u00e9ben.(MTI)<\/p>\n","protected":false},"excerpt":{"rendered":"<p>K\u00f6zepesre \u00e9rt\u00e9kelte a n\u00e9met kancell\u00e1r menek\u00fclt\u00fcgyi tev\u00e9kenys\u00e9g\u00e9t a legnagyobb p\u00e9ld\u00e1nysz\u00e1m\u00fa n\u00e9met lap, a Bild a cs\u00fct\u00f6rt\u00f6k\u00f6n kezd\u0151d\u0151 uni\u00f3s cs\u00facs alkalm\u00e1b\u00f3l k\u00e9sz\u00edtett \u00f6ssze\u00e1ll\u00edt\u00e1s\u00e1ban.<\/p>\n","protected":false},"author":1,"featured_media":68070,"comment_status":"open","ping_status":"closed","sticky":false,"template":"","format":"standard","meta":[],"categories":[403,146,12],"tags":[],"_links":{"self":[{"href":"https:\/\/gazdasagportal.hu\/index.php\/wp-json\/wp\/v2\/posts\/74979"}],"collection":[{"href":"https:\/\/gazdasagportal.hu\/index.php\/wp-json\/wp\/v2\/posts"}],"about":[{"href":"https:\/\/gazdasagportal.hu\/index.php\/wp-json\/wp\/v2\/types\/post"}],"author":[{"embeddable":true,"href":"https:\/\/gazdasagportal.hu\/index.php\/wp-json\/wp\/v2\/users\/1"}],"replies":[{"embeddable":true,"href":"https:\/\/gazdasagportal.hu\/index.php\/wp-json\/wp\/v2\/comments?post=74979"}],"version-history":[{"count":1,"href":"https:\/\/gazdasagportal.hu\/index.php\/wp-json\/wp\/v2\/posts\/74979\/revisions"}],"predecessor-version":[{"id":74980,"href":"https:\/\/gazdasagportal.hu\/index.php\/wp-json\/wp\/v2\/posts\/74979\/revisions\/74980"}],"wp:featuredmedia":[{"embeddable":true,"href":"https:\/\/gazdasagportal.hu\/index.php\/wp-json\/wp\/v2\/media\/68070"}],"wp:attachment":[{"href":"https:\/\/gazdasagportal.hu\/index.php\/wp-json\/wp\/v2\/media?parent=74979"}],"wp:term":[{"taxonomy":"category","embeddable":true,"href":"https:\/\/gazdasagportal.hu\/index.php\/wp-json\/wp\/v2\/categories?post=74979"},{"taxonomy":"post_tag","embeddable":true,"href":"https:\/\/gazdasagportal.hu\/index.php\/wp-json\/wp\/v2\/tags?post=74979"}],"curies":[{"name":"wp","href":"https:\/\/api.w.org\/{rel}","templated":true}]}}