{"id":74975,"date":"2016-02-18T19:10:31","date_gmt":"2016-02-18T18:10:31","guid":{"rendered":"http:\/\/gazdasagportal.hu\/?p=74975"},"modified":"2016-02-18T17:41:22","modified_gmt":"2016-02-18T16:41:22","slug":"fokozatosan-menne-nyugdijba-az-55-ev-feletti-munkavallalok-tobbsege","status":"publish","type":"post","link":"https:\/\/gazdasagportal.hu\/index.php\/fokozatosan-menne-nyugdijba-az-55-ev-feletti-munkavallalok-tobbsege\/","title":{"rendered":"Fokozatosan menne nyugd\u00edjba az 55 \u00e9v feletti munkav\u00e1llal\u00f3k t\u00f6bbs\u00e9ge"},"content":{"rendered":"<p><strong>Az 55 \u00e9v feletti magyar munkav\u00e1llal\u00f3k 57 sz\u00e1zal\u00e9ka fokozatosan vonulna nyugd\u00edjba, ez megfelel a glob\u00e1lis trendnek &#8211; der\u00fclt ki az Aegon 2015. \u00e9vi nyugd\u00edjfelk\u00e9sz\u00fclts\u00e9gi kutat\u00e1s\u00e1b\u00f3l, amelyhez 16 ezer embert k\u00e9rdeztek meg vil\u00e1gszerte 15 orsz\u00e1gb\u00f3l.<\/strong><!--more--><\/p>\n<div class=\"ads-in-post1\"><div id=\"gazdasagportal.hu_fullbanner_wideboard\"><\/div>\r\n<\/div>\n<p>    Az Aegon az MTI-hez cs\u00fct\u00f6rt\u00f6k\u00f6n eljuttatott k\u00f6zlem\u00e9ny\u00e9ben ismerteti: Magyarorsz\u00e1gon a rugalmas nyugd\u00edjaz\u00e1s m\u00e9g szinte ismeretlen fogalom. Ilyen lehet a kutat\u00e1s k\u00e9sz\u00edt\u0151i szerint a teljes munkaid\u0151s foglalkoztatotts\u00e1gr\u00f3l a r\u00e9szmunkaid\u0151re \u00e1tt\u00e9r\u00e9s, egy kev\u00e9sb\u00e9 megterhel\u0151, vagy kiel\u00e9g\u00edt\u0151bb \u00faj munkak\u00f6r bet\u00f6lt\u00e9se, vagy ak\u00e1r egy \u00faj karrier kezdete.<br \/>\n    A k\u00f6zlem\u00e9ny id\u00e9zi Zatyk\u00f3 P\u00e9tert, az Aegon Magyarorsz\u00e1g Zrt. eln\u00f6k-vez\u00e9rigazgat\u00f3j\u00e1t, aki felh\u00edvta a figyelmet, hogy az \u00f6nk\u00e9ntes nyugd\u00edjp\u00e9nzt\u00e1ri tags\u00e1g \u00e9s a nyugd\u00edjbiztos\u00edt\u00e1sok ut\u00e1n j\u00e1r\u00f3 ad\u00f3j\u00f3v\u00e1\u00edr\u00e1s seg\u00edti a munkav\u00e1llal\u00f3k \u00f6ngondoskod\u00e1s\u00e1t. Ugyanakkor fontos lenne a munkaad\u00f3knak is felismerni\u00fck, nemcsak kih\u00edv\u00e1s, de rengeteg lehet\u0151s\u00e9g is van az id\u0151sebb koll\u00e9g\u00e1k tov\u00e1bbfoglalkoztat\u00e1s\u00e1ban &#8211; tette hozz\u00e1.<br \/>\n    Glob\u00e1lisan a megk\u00e9rdezett munkav\u00e1llal\u00f3k 51 sz\u00e1zal\u00e9ka 65 \u00e9vesen vagy azt k\u00f6vet\u0151en, vagy egy\u00e1ltal\u00e1n nem szeretne nyugd\u00edjba menni. Jap\u00e1nban a v\u00e1laszad\u00f3k 43 sz\u00e1zal\u00e9ka szeretne a nyugd\u00edjkorhat\u00e1r el\u00e9r\u00e9se ut\u00e1n is dolgozni, m\u00edg ez az ar\u00e1ny Franciaorsz\u00e1gban csup\u00e1n 15 sz\u00e1zal\u00e9k &#8211; der\u00fclt ki a kutat\u00e1sb\u00f3l.<br \/>\n    A t\u00e1j\u00e9koztat\u00e1s szerint 2050-re a 60 \u00e9vn\u00e9l id\u0151sebbek l\u00e9leksz\u00e1ma 2 milli\u00e1rdra n\u0151, a vil\u00e1g teljes lakoss\u00e1g\u00e1nak mintegy \u00f6t\u00f6d\u00e9t fogj\u00e1k kitenni akkorra. Ez alapjaiban forgatja fel az \u00e1llami t\u00e1rsadalombiztos\u00edt\u00e1si rendszer eddigi m\u0171k\u00f6d\u00e9si modellj\u00e9t &#8211; mutat r\u00e1 az Aegon. Ugyanakkor az emberek egyre tov\u00e1bb \u00e9lnek eg\u00e9szs\u00e9gesen, meg\u0151rzik fizikai \u00e9s szellemi aktivit\u00e1sukat, \u00e9s hosszabb ideig tudnak \u00e9s szeretn\u00e9nek is munk\u00e1ban maradni &#8211; teszik hozz\u00e1.(MTI)<\/p>\n","protected":false},"excerpt":{"rendered":"<p>Az 55 \u00e9v feletti magyar munkav\u00e1llal\u00f3k 57 sz\u00e1zal\u00e9ka fokozatosan vonulna nyugd\u00edjba, ez megfelel a glob\u00e1lis trendnek &#8211; der\u00fclt ki az Aegon 2015. \u00e9vi nyugd\u00edjfelk\u00e9sz\u00fclts\u00e9gi kutat\u00e1s\u00e1b\u00f3l, amelyhez 16 ezer embert k\u00e9rdeztek meg vil\u00e1gszerte 15 orsz\u00e1gb\u00f3l.<\/p>\n","protected":false},"author":1,"featured_media":0,"comment_status":"open","ping_status":"closed","sticky":false,"template":"","format":"standard","meta":[],"categories":[19],"tags":[],"_links":{"self":[{"href":"https:\/\/gazdasagportal.hu\/index.php\/wp-json\/wp\/v2\/posts\/74975"}],"collection":[{"href":"https:\/\/gazdasagportal.hu\/index.php\/wp-json\/wp\/v2\/posts"}],"about":[{"href":"https:\/\/gazdasagportal.hu\/index.php\/wp-json\/wp\/v2\/types\/post"}],"author":[{"embeddable":true,"href":"https:\/\/gazdasagportal.hu\/index.php\/wp-json\/wp\/v2\/users\/1"}],"replies":[{"embeddable":true,"href":"https:\/\/gazdasagportal.hu\/index.php\/wp-json\/wp\/v2\/comments?post=74975"}],"version-history":[{"count":1,"href":"https:\/\/gazdasagportal.hu\/index.php\/wp-json\/wp\/v2\/posts\/74975\/revisions"}],"predecessor-version":[{"id":74976,"href":"https:\/\/gazdasagportal.hu\/index.php\/wp-json\/wp\/v2\/posts\/74975\/revisions\/74976"}],"wp:attachment":[{"href":"https:\/\/gazdasagportal.hu\/index.php\/wp-json\/wp\/v2\/media?parent=74975"}],"wp:term":[{"taxonomy":"category","embeddable":true,"href":"https:\/\/gazdasagportal.hu\/index.php\/wp-json\/wp\/v2\/categories?post=74975"},{"taxonomy":"post_tag","embeddable":true,"href":"https:\/\/gazdasagportal.hu\/index.php\/wp-json\/wp\/v2\/tags?post=74975"}],"curies":[{"name":"wp","href":"https:\/\/api.w.org\/{rel}","templated":true}]}}