{"id":74964,"date":"2016-02-18T15:27:07","date_gmt":"2016-02-18T14:27:07","guid":{"rendered":"http:\/\/gazdasagportal.hu\/?p=74964"},"modified":"2016-02-18T15:27:07","modified_gmt":"2016-02-18T14:27:07","slug":"eu-csucs-fico-szlovakia-a-b-terv-mellett-all-ki-az-europai-hatarok-vedelmet-illetoen","status":"publish","type":"post","link":"https:\/\/gazdasagportal.hu\/index.php\/eu-csucs-fico-szlovakia-a-b-terv-mellett-all-ki-az-europai-hatarok-vedelmet-illetoen\/","title":{"rendered":"EU-cs\u00facs &#8211; Fico: Szlov\u00e1kia a B-terv mellett \u00e1ll ki az eur\u00f3pai hat\u00e1rok v\u00e9delm\u00e9t illet\u0151en"},"content":{"rendered":"<p><strong>Szlov\u00e1kia az eur\u00f3pai hat\u00e1rok v\u00e9delm\u00e9t illet\u0151en egy\u00e9rtelm\u0171en a B-terv mellett, vagyis a maced\u00f3n(-g\u00f6r\u00f6g) \u00e9s bolg\u00e1r(-g\u00f6r\u00f6g) hat\u00e1rokon l\u00e9trehozand\u00f3 m\u00e1sodik v\u00e9dvonal \u00e9rdek\u00e9ben fog nyom\u00e1st gyakorolni &#8211; jelentette ki Robert Fico szlov\u00e1k korm\u00e1nyf\u0151 cs\u00fct\u00f6rt\u00f6k\u00f6n Pozsonyban.<\/strong><!--more--><\/p>\n<div class=\"ads-in-post1\"><div id=\"gazdasagportal.hu_fullbanner_wideboard\"><\/div>\r\n<\/div>\n<p>    Robert Fico a pozsonyi t\u00f6rv\u00e9nyhoz\u00e1s eur\u00f3pai \u00fcgyekkel foglalkoz\u00f3 bizotts\u00e1g\u00e1nak \u00fcl\u00e9s\u00e9n, a br\u00fcsszeli EU-cs\u00facsra t\u00f6rt\u00e9n\u0151 elutaz\u00e1sa ismertette a tal\u00e1lkoz\u00f3n \u00e1ltala k\u00e9pviselend\u0151 \u00e1ll\u00e1spontot.<br \/>\n    Fico a TASR szlov\u00e1k h\u00edr\u00fcgyn\u00f6ks\u00e9g szerint elmondta: k\u00e9sz t\u00e1mogatni azt az elk\u00e9pzel\u00e9st is, amely szerint f\u0151k\u00e9nt a schengeni k\u00fcls\u0151 hat\u00e1rok v\u00e9delm\u00e9re kell \u00f6sszpontos\u00edtani a t\u00f6r\u00f6k-g\u00f6r\u00f6g hat\u00e1r\u00f6vezetben \u00e9s azzal egyidej\u0171leg megval\u00f3s\u00edtani az EU \u00e9s T\u00f6r\u00f6korsz\u00e1g akci\u00f3terv\u00e9t, \u00e1m akkor tudni akarja, mennyi id\u0151re van sz\u00fcks\u00e9g e terv kivitelez\u00e9s\u00e9re. A politikus az akci\u00f3terv megval\u00f3s\u00edt\u00e1s\u00e1val kapcsolatos k\u00e9ts\u00e9geinek m\u00e1r a h\u00e9tf\u0151i pr\u00e1gai V4-es cs\u00facstal\u00e1lkoz\u00f3n is hangot adott, \u00fagy fogalmazva: T\u00f6r\u00f6korsz\u00e1gnak \u00e9s G\u00f6r\u00f6gorsz\u00e1gnak k\u00e9t h\u00f3napja van arra, hogy teljes\u00edts\u00e9k v\u00e1llal\u00e1saikat.<br \/>\n    A szlov\u00e1k korm\u00e1nyf\u0151 a cs\u00fct\u00f6rt\u00f6ki bizotts\u00e1gi \u00fcl\u00e9sen azt mondta, hogy am\u00edg nem fog m\u0171k\u00f6dni a schengeni k\u00fcls\u0151 hat\u00e1rok v\u00e9delme a g\u00f6r\u00f6g-t\u00f6r\u00f6k hat\u00e1ron, addig a B-terv megval\u00f3s\u00edt\u00e1s\u00e1t fogj\u00e1k k\u00e9rni. Fico azt \u00edg\u00e9rte, egy\u00e9rtelm\u0171en a B-terv \u00e9rdek\u00e9ben fog nyom\u00e1st gyakorolni.<br \/>\n    A szlov\u00e1k korm\u00e1nyf\u0151 sz\u00f3lt arr\u00f3l is, hogy a br\u00fcsszeli cs\u00facson ki\u00e1ll az eur\u00f3pai hat\u00e1r \u00e9s partv\u00e9delmi egys\u00e9g mihamarabbi l\u00e9trehoz\u00e1sa mellett. Kiemelte: helytelen\u00edti, hogy ebben a k\u00e9rd\u00e9sben j\u00faniusig tart\u00f3 egyeztet\u00e9seket terveznek \u00e9s csak azokat k\u00f6vet\u0151en ker\u00fclhetne sor a jogi h\u00e1tt\u00e9r megteremt\u00e9s\u00e9re. &#8222;\u00c9s mikor kezdene m\u0171k\u00f6dni, t\u00e9len? Akkor m\u00e1r minek?&#8221; &#8211; vetette fel Fico, hozz\u00e1t\u00e9ve: a hat\u00e1rokat most kell megv\u00e9deni.(MTI)<\/p>\n","protected":false},"excerpt":{"rendered":"<p>Szlov\u00e1kia az eur\u00f3pai hat\u00e1rok v\u00e9delm\u00e9t illet\u0151en egy\u00e9rtelm\u0171en a B-terv mellett, vagyis a maced\u00f3n(-g\u00f6r\u00f6g) \u00e9s bolg\u00e1r(-g\u00f6r\u00f6g) hat\u00e1rokon l\u00e9trehozand\u00f3 m\u00e1sodik v\u00e9dvonal \u00e9rdek\u00e9ben fog nyom\u00e1st gyakorolni &#8211; jelentette ki Robert Fico szlov\u00e1k korm\u00e1nyf\u0151 cs\u00fct\u00f6rt\u00f6k\u00f6n Pozsonyban.<\/p>\n","protected":false},"author":1,"featured_media":0,"comment_status":"open","ping_status":"closed","sticky":false,"template":"","format":"standard","meta":[],"categories":[12],"tags":[],"_links":{"self":[{"href":"https:\/\/gazdasagportal.hu\/index.php\/wp-json\/wp\/v2\/posts\/74964"}],"collection":[{"href":"https:\/\/gazdasagportal.hu\/index.php\/wp-json\/wp\/v2\/posts"}],"about":[{"href":"https:\/\/gazdasagportal.hu\/index.php\/wp-json\/wp\/v2\/types\/post"}],"author":[{"embeddable":true,"href":"https:\/\/gazdasagportal.hu\/index.php\/wp-json\/wp\/v2\/users\/1"}],"replies":[{"embeddable":true,"href":"https:\/\/gazdasagportal.hu\/index.php\/wp-json\/wp\/v2\/comments?post=74964"}],"version-history":[{"count":1,"href":"https:\/\/gazdasagportal.hu\/index.php\/wp-json\/wp\/v2\/posts\/74964\/revisions"}],"predecessor-version":[{"id":74965,"href":"https:\/\/gazdasagportal.hu\/index.php\/wp-json\/wp\/v2\/posts\/74964\/revisions\/74965"}],"wp:attachment":[{"href":"https:\/\/gazdasagportal.hu\/index.php\/wp-json\/wp\/v2\/media?parent=74964"}],"wp:term":[{"taxonomy":"category","embeddable":true,"href":"https:\/\/gazdasagportal.hu\/index.php\/wp-json\/wp\/v2\/categories?post=74964"},{"taxonomy":"post_tag","embeddable":true,"href":"https:\/\/gazdasagportal.hu\/index.php\/wp-json\/wp\/v2\/tags?post=74964"}],"curies":[{"name":"wp","href":"https:\/\/api.w.org\/{rel}","templated":true}]}}