{"id":74958,"date":"2016-02-18T12:47:16","date_gmt":"2016-02-18T11:47:16","guid":{"rendered":"http:\/\/gazdasagportal.hu\/?p=74958"},"modified":"2016-02-18T12:47:16","modified_gmt":"2016-02-18T11:47:16","slug":"brit-eu-nepszavazas-downing-street-megvannak-a-megallapodas-alapjai","status":"publish","type":"post","link":"https:\/\/gazdasagportal.hu\/index.php\/brit-eu-nepszavazas-downing-street-megvannak-a-megallapodas-alapjai\/","title":{"rendered":"Brit EU-n\u00e9pszavaz\u00e1s &#8211; Downing Street: megvannak a meg\u00e1llapod\u00e1s alapjai"},"content":{"rendered":"<p><strong>A brit korm\u00e1nyf\u0151i hivatal szerint siker\u00fclt megteremteni az alapokat a meg\u00e1llapod\u00e1shoz a London \u00e1ltal ig\u00e9nyelt EU-reformokr\u00f3l.<\/strong><!--more--><\/p>\n<div class=\"ads-in-post1\"><div id=\"gazdasagportal.hu_fullbanner_wideboard\"><\/div>\r\n<\/div>\n<p>    A Downing Street sz\u00f3viv\u0151je az Eur\u00f3pai Uni\u00f3 \u00e1llam- \u00e9s korm\u00e1nyf\u0151inek  cs\u00fct\u00f6rt\u00f6k d\u00e9lut\u00e1n kezd\u0151d\u0151 cs\u00facstal\u00e1lkoz\u00f3ja el\u0151tti nyilatkozat\u00e1ban k\u00f6z\u00f6lte: David Cameron minisztereln\u00f6k el\u0151z\u0151 este telefonon besz\u00e9lt Donald Tuskkal, a tag\u00e1llamok vezet\u0151i alkotta Eur\u00f3pai Tan\u00e1cs eln\u00f6k\u00e9vel, \u00e9s egyet\u00e9rtettek abban, hogy &#8222;j\u00f3 el\u0151rel\u00e9p\u00e9st&#8221; siker\u00fclt el\u00e9rni a brit reformig\u00e9nyek \u00f6sszes sarkalatos pontj\u00e1ban.<br \/>\n    Cameron sz\u00f3viv\u0151je szerint a meg\u00e1llapod\u00e1s sz\u00f6vegtervezete &#8222;j\u00f3 alapot teremt&#8221; ahhoz, hogy az EU-cs\u00facson meg\u00e1llapod\u00e1sra lehessen jutni. R\u00e9szletek n\u00e9lk\u00fcl hozz\u00e1tette ugyanakkor, hogy &#8222;vannak m\u00e9g ter\u00edt\u00e9ken l\u00e9v\u0151 \u00fcgyek&#8221;, amelyeket &#8222;kiel\u00e9g\u00edt\u0151 m\u00f3don&#8221; rendezni kell.<br \/>\n    A Financial Times cs\u00fct\u00f6rt\u00f6k\u00f6n k\u00f6z\u00f6lte, hogy birtok\u00e1ba jutott a meg\u00e1llapod\u00e1s-tervezet egy m\u00f3dos\u00edtott v\u00e1ltozata, amelyb\u0151l egyebek mellett kit\u0171nik, hogy a londoni City p\u00e9nz\u00fcgyi szektora sz\u00e1m\u00e1ra Nagy-Britannia \u00e1ltal ig\u00e9nyelt biztos\u00edt\u00e9kokr\u00f3l az eredeti tervekkel ellent\u00e9tben a cs\u00facstal\u00e1lkoz\u00f3n kell majd d\u00f6nteni.<br \/>\n    E brit k\u00f6vetel\u00e9s l\u00e9nyege, hogy az eur\u00f3\u00f6vezeti orsz\u00e1gok ne hozhassanak t\u00f6bbs\u00e9gi d\u00f6nt\u00e9ssel olyan p\u00e9nz\u00fcgyi szab\u00e1lyoz\u00e1si int\u00e9zked\u00e9seket, amelyek versenyh\u00e1tr\u00e1nyba hozn\u00e1k, vagy b\u00e1rmilyen egy\u00e9b m\u00f3don diszkrimin\u00e1ci\u00f3val s\u00fajtan\u00e1k a valutauni\u00f3n k\u00edv\u00fcli EU-tag\u00e1llamokat.<br \/>\n    London ezzel kimondatlanul, de egy\u00e9rtelm\u0171en arra t\u00f6rekszik, hogy a Cityt &#8211; a vil\u00e1g els\u0151 sz\u00e1m\u00fa p\u00e9nz\u00fcgyi szolg\u00e1ltat\u00e1si k\u00f6zpontj\u00e1t &#8211; ne \u00e9rhesse az eur\u00f3\u00f6vezet r\u00e9sz\u00e9r\u0151l semmilyen h\u00e1tr\u00e1nyos megk\u00fcl\u00f6nb\u00f6ztet\u00e9s csak az\u00e9rt, mert Nagy-Britannia nem tagja az eur\u00f3\u00f6vezetnek.<br \/>\n    Az ilyen diszkrimin\u00e1ci\u00f3 tilalma szerepel ugyan a Tusk \u00e1ltal febru\u00e1r elej\u00e9n ismertetett r\u00e9szletes sz\u00f6vegtervezetben, a Financial Times \u00e1ltal l\u00e1tott v\u00e1ltozatb\u00f3l azonban a londoni gazdas\u00e1gi napilap olvasata szerint hi\u00e1nyzik annak pontos k\u00f6r\u00fclhat\u00e1rol\u00e1sa, hogy a p\u00e9nz\u00fcgyi stabilit\u00e1ssal kapcsolatos d\u00f6nt\u00e9si hat\u00e1sk\u00f6r\u00f6k hogyan oszlan\u00e1nak meg a tag\u00e1llami korm\u00e1nyok, valamint az eur\u00f3\u00f6vezet \u00e9s az Eur\u00f3pai Uni\u00f3 d\u00f6nt\u00e9shoz\u00f3 int\u00e9zm\u00e9nyei k\u00f6z\u00f6tt.<br \/>\n    A Financial Times szerint a terv eredetileg az volt, hogy err\u0151l a cs\u00fct\u00f6rt\u00f6ki EU-cs\u00facsig szak\u00e9rt\u0151i szinten meg\u00e1llapod\u00e1s sz\u00fcletik, \u00e9s \u00edgy az \u00e1llam- \u00e9s korm\u00e1nyf\u0151knek &#8222;nem kell elmer\u00fclni\u00fck&#8221; az igen bonyolult p\u00e9nz\u00fcgyi-jogi szab\u00e1lyoz\u00e1si k\u00e9rd\u00e9sekben, de ez v\u00e9g\u00fcl nem siker\u00fclt.<br \/>\n    David Cameron mindesetre m\u00e1r p\u00e9ntek d\u00e9lut\u00e1nra rendk\u00edv\u00fcli kabinet\u00fcl\u00e9st h\u00edvott \u00f6ssze a Downing Streetre, ahol besz\u00e1mol az EU-cs\u00facson t\u00f6rt\u00e9ntekr\u0151l. Egybehangz\u00f3 londoni sajt\u00f3\u00e9rtes\u00fcl\u00e9sek szerint ha Br\u00fcsszelben cs\u00facsszinten siker\u00fcl meg\u00e1llapod\u00e1sra jutni a brit reformig\u00e9nyekr\u0151l, akkor a p\u00e9ntek esti londoni kabinet\u00fcl\u00e9s napirendj\u00e9n ak\u00e1r a brit EU-tags\u00e1gr\u00f3l tervezett n\u00e9pszavaz\u00e1s id\u0151pontj\u00e1nak kit\u0171z\u00e9se is szerepelhet.<br \/>\n    A referendumr\u00f3l sz\u00f3l\u00f3 t\u00f6rv\u00e9ny alapj\u00e1n 2017 v\u00e9g\u00e9ig kell megtartani n\u00e9pszavaz\u00e1st a brit EU-tags\u00e1g j\u00f6v\u0151j\u00e9r\u0151l.     A n\u00e9pszavaz\u00e1s lehets\u00e9ges id\u0151pontj\u00e1ra a brit korm\u00e1ny hivatalosan m\u00e9g utal\u00e1sokat sem tett, de a brit sajt\u00f3 gyakorlatilag t\u00e9nyk\u00e9nt kezeli, hogy ha a London \u00e1ltal ig\u00e9nyelt EU-reformokr\u00f3l siker\u00fcl egyezs\u00e9gre jutni a mostani EU-cs\u00facson, akkor a brit korm\u00e1ny a referendumot j\u00fanius 23-\u00e1ra \u00edrn\u00e1 ki.(MTI)<\/p>\n","protected":false},"excerpt":{"rendered":"<p>A brit korm\u00e1nyf\u0151i hivatal szerint siker\u00fclt megteremteni az alapokat a meg\u00e1llapod\u00e1shoz a London \u00e1ltal ig\u00e9nyelt EU-reformokr\u00f3l.<\/p>\n","protected":false},"author":1,"featured_media":0,"comment_status":"open","ping_status":"closed","sticky":false,"template":"","format":"standard","meta":[],"categories":[12],"tags":[],"_links":{"self":[{"href":"https:\/\/gazdasagportal.hu\/index.php\/wp-json\/wp\/v2\/posts\/74958"}],"collection":[{"href":"https:\/\/gazdasagportal.hu\/index.php\/wp-json\/wp\/v2\/posts"}],"about":[{"href":"https:\/\/gazdasagportal.hu\/index.php\/wp-json\/wp\/v2\/types\/post"}],"author":[{"embeddable":true,"href":"https:\/\/gazdasagportal.hu\/index.php\/wp-json\/wp\/v2\/users\/1"}],"replies":[{"embeddable":true,"href":"https:\/\/gazdasagportal.hu\/index.php\/wp-json\/wp\/v2\/comments?post=74958"}],"version-history":[{"count":1,"href":"https:\/\/gazdasagportal.hu\/index.php\/wp-json\/wp\/v2\/posts\/74958\/revisions"}],"predecessor-version":[{"id":74959,"href":"https:\/\/gazdasagportal.hu\/index.php\/wp-json\/wp\/v2\/posts\/74958\/revisions\/74959"}],"wp:attachment":[{"href":"https:\/\/gazdasagportal.hu\/index.php\/wp-json\/wp\/v2\/media?parent=74958"}],"wp:term":[{"taxonomy":"category","embeddable":true,"href":"https:\/\/gazdasagportal.hu\/index.php\/wp-json\/wp\/v2\/categories?post=74958"},{"taxonomy":"post_tag","embeddable":true,"href":"https:\/\/gazdasagportal.hu\/index.php\/wp-json\/wp\/v2\/tags?post=74958"}],"curies":[{"name":"wp","href":"https:\/\/api.w.org\/{rel}","templated":true}]}}