{"id":74956,"date":"2016-02-18T12:04:15","date_gmt":"2016-02-18T11:04:15","guid":{"rendered":"http:\/\/gazdasagportal.hu\/?p=74956"},"modified":"2016-02-18T12:04:15","modified_gmt":"2016-02-18T11:04:15","slug":"ankarai-merenylet-a-halottak-nagy-resze-katona-vagy-a-hadsereg-alkalmazottja-volt","status":"publish","type":"post","link":"https:\/\/gazdasagportal.hu\/index.php\/ankarai-merenylet-a-halottak-nagy-resze-katona-vagy-a-hadsereg-alkalmazottja-volt\/","title":{"rendered":"Ankarai mer\u00e9nylet &#8211; A halottak nagy r\u00e9sze katona vagy a hadsereg alkalmazottja volt"},"content":{"rendered":"<p><strong>Az ankarai \u00f6ngyilkos mer\u00e9nylet 28 hal\u00e1los \u00e1ldozat\u00e1b\u00f3l 27 a t\u00f6r\u00f6k hadsereg tagja vagy alkalmazottja, egy pedig civil volt &#8211; nyilatkozott Ahmet Davutoglu t\u00f6r\u00f6k minisztereln\u00f6k egy cs\u00fct\u00f6rt\u00f6ki sajt\u00f3t\u00e1j\u00e9koztat\u00f3n.<\/strong><!--more--><\/p>\n<div class=\"ads-in-post1\"><div id=\"gazdasagportal.hu_fullbanner_wideboard\"><\/div>\r\n<\/div>\n<p>    Bejelentette: folytatj\u00e1k t\u00fcz\u00e9rs\u00e9gi hadm\u0171veleteiket a t\u00e1mad\u00e1st v\u00e9grehajt\u00f3 sz\u00edriai kurd N\u00e9pv\u00e9delmi Egys\u00e9gek (YPG) \u00e1ll\u00e1sai ellen.<br \/>\n    A t\u00f6r\u00f6k minisztereln\u00f6k felh\u00e1borod\u00e1s\u00e1t fejezte ki azzal kapcsolatban, hogy a terrorizmusellenes koal\u00edci\u00f3ban a T\u00f6r\u00f6korsz\u00e1g oldal\u00e1n harcol\u00f3 sz\u00f6vets\u00e9ges orsz\u00e1gok az YPG-t t\u00e1mogatj\u00e1k. Azok az \u00e1llamok, amelyek k\u00f6zvetve vagy k\u00f6zvetlen\u00fcl seg\u00edtik az ellens\u00e9ges kurd szervezetet, elvesz\u00edthetik T\u00f6r\u00f6korsz\u00e1g bar\u00e1ts\u00e1g\u00e1t &#8211; tette hozz\u00e1.<br \/>\n    Kiemelte: a parlament annak ellen\u00e9re folytatja munk\u00e1j\u00e1t, hogy a mer\u00e9nylet annak \u00e9p\u00fclet\u00e9hez nagyon k\u00f6zel t\u00f6rt\u00e9nt.<br \/>\n    Davutoglu meger\u0151s\u00edtette, hogy a mer\u00e9nyletet a vizsg\u00e1latok szerint a sz\u00edriai sz\u00e1rmaz\u00e1s\u00fa Salih Necar hajtotta v\u00e9gre, aki kapcsolatban \u00e1llt a szakad\u00e1r Kurdiszt\u00e1ni Munk\u00e1sp\u00e1rttal (PKK), \u00e9s a N\u00e9pv\u00e9delmi Egys\u00e9gek tagja volt. Arra is kit\u00e9rt, hogy Necar az \u00e9szakkelet-sz\u00edriai Amuda kisv\u00e1rosban sz\u00fcletett 1992-ben.<br \/>\n    Ankara nem n\u00e9zi j\u00f3 szemmel a kurdok katonai sikereit Irakban \u00e9s Sz\u00edri\u00e1ban, mert att\u00f3l tart, hogy hat\u00e1rai ment\u00e9n egy egys\u00e9ges kurd nemzet j\u00f6het l\u00e9tre, amelyet nemzetbiztons\u00e1gi kock\u00e1zatnak tart, k\u00fcl\u00f6n\u00f6sen annak f\u00e9ny\u00e9ben, hogy d\u00e9lkeleti tartom\u00e1nyaiban rengeteg kurd nemzetis\u00e9g\u0171 lakos \u00e9l.<br \/>\n    Ahmet Davutoglu kedden azzal fenyegette meg az YPG-t, hogy ha megk\u00f6zel\u00edti a t\u00f6r\u00f6k hat\u00e1rt\u00f3l nem messze fekv\u0151 sz\u00edriai Azaz v\u00e1ros\u00e1t, a legs\u00falyosabb t\u00f6r\u00f6k v\u00e1laszl\u00e9p\u00e9ssel kell sz\u00e1molnia.(MTI)<\/p>\n","protected":false},"excerpt":{"rendered":"<p>Az ankarai \u00f6ngyilkos mer\u00e9nylet 28 hal\u00e1los \u00e1ldozat\u00e1b\u00f3l 27 a t\u00f6r\u00f6k hadsereg tagja vagy alkalmazottja, egy pedig civil volt &#8211; nyilatkozott Ahmet Davutoglu t\u00f6r\u00f6k minisztereln\u00f6k egy cs\u00fct\u00f6rt\u00f6ki sajt\u00f3t\u00e1j\u00e9koztat\u00f3n.<\/p>\n","protected":false},"author":1,"featured_media":0,"comment_status":"open","ping_status":"closed","sticky":false,"template":"","format":"standard","meta":[],"categories":[12,16],"tags":[],"_links":{"self":[{"href":"https:\/\/gazdasagportal.hu\/index.php\/wp-json\/wp\/v2\/posts\/74956"}],"collection":[{"href":"https:\/\/gazdasagportal.hu\/index.php\/wp-json\/wp\/v2\/posts"}],"about":[{"href":"https:\/\/gazdasagportal.hu\/index.php\/wp-json\/wp\/v2\/types\/post"}],"author":[{"embeddable":true,"href":"https:\/\/gazdasagportal.hu\/index.php\/wp-json\/wp\/v2\/users\/1"}],"replies":[{"embeddable":true,"href":"https:\/\/gazdasagportal.hu\/index.php\/wp-json\/wp\/v2\/comments?post=74956"}],"version-history":[{"count":1,"href":"https:\/\/gazdasagportal.hu\/index.php\/wp-json\/wp\/v2\/posts\/74956\/revisions"}],"predecessor-version":[{"id":74957,"href":"https:\/\/gazdasagportal.hu\/index.php\/wp-json\/wp\/v2\/posts\/74956\/revisions\/74957"}],"wp:attachment":[{"href":"https:\/\/gazdasagportal.hu\/index.php\/wp-json\/wp\/v2\/media?parent=74956"}],"wp:term":[{"taxonomy":"category","embeddable":true,"href":"https:\/\/gazdasagportal.hu\/index.php\/wp-json\/wp\/v2\/categories?post=74956"},{"taxonomy":"post_tag","embeddable":true,"href":"https:\/\/gazdasagportal.hu\/index.php\/wp-json\/wp\/v2\/tags?post=74956"}],"curies":[{"name":"wp","href":"https:\/\/api.w.org\/{rel}","templated":true}]}}