{"id":74951,"date":"2016-02-18T11:08:10","date_gmt":"2016-02-18T10:08:10","guid":{"rendered":"http:\/\/gazdasagportal.hu\/?p=74951"},"modified":"2016-02-18T11:08:10","modified_gmt":"2016-02-18T10:08:10","slug":"az-mnb-4-millio-forintra-birsagolta-a-groupama-biztositot","status":"publish","type":"post","link":"https:\/\/gazdasagportal.hu\/index.php\/az-mnb-4-millio-forintra-birsagolta-a-groupama-biztositot\/","title":{"rendered":"Az MNB 4 milli\u00f3 forintra b\u00edrs\u00e1golta a Groupama Biztos\u00edt\u00f3t"},"content":{"rendered":"<p><strong>A Magyar Nemzeti Bank n\u00e9gymilli\u00f3 forint fogyaszt\u00f3v\u00e9delmi b\u00edrs\u00e1got szabott ki a Groupama Biztos\u00edt\u00f3ra, mert a biztos\u00edt\u00f3 rosszul t\u00e1j\u00e9koztatta \u00fcgyfeleit a k\u00f6telez\u0151 biztos\u00edt\u00e1s megsz\u0171n\u00e9s\u00e9r\u0151l &#8211; k\u00f6z\u00f6lte a jegybank cs\u00fct\u00f6rt\u00f6k\u00f6n az MTI-vel.<\/strong><!--more--><\/p>\n<div class=\"ads-in-post1\"><div id=\"gazdasagportal.hu_fullbanner_wideboard\"><\/div>\r\n<\/div>\n<p>    A jegybank k\u00f6zlem\u00e9nye szerint a Groupama nem az adott k\u00f6telez\u0151 g\u00e9pj\u00e1rm\u0171-felel\u0151ss\u00e9gbiztos\u00edt\u00e1si (kgfb)-szerz\u0151d\u00e9s megsz\u0171n\u00e9s\u00e9nek t\u00e9nyleges d\u00e1tum\u00e1t, hanem t\u00f6bb nappal k\u00e9s\u0151bbi id\u0151pontot k\u00f6z\u00f6lt 2013 okt\u00f3ber\u00e9t\u0151l egy negyed\u00e9vet meghalad\u00f3 id\u0151szakon \u00e1t n\u00e9gyezern\u00e9l is t\u00f6bb fogyaszt\u00f3val.<br \/>\n    A biztos\u00edt\u00f3 t\u00f6rl\u00e9s\u00e9rtes\u00edt\u0151 levelekben ny\u00fajtott t\u00e1j\u00e9koztat\u00e1sa befoly\u00e1solhatta a fogyaszt\u00f3k \u00faj biztos\u00edt\u00e1si szerz\u0151d\u00e9s megk\u00f6t\u00e9s\u00e9re ir\u00e1nyul\u00f3 d\u00f6nt\u00e9s\u00e9t, \u0151k ugyanis nem rendelkezhettek val\u00f3s inform\u00e1ci\u00f3val a szerz\u0151d\u00e9s t\u00e9nyleges megsz\u0171n\u00e9s\u00e9nek id\u0151pontj\u00e1r\u00f3l &#8211; \u00edrja az MNB.<br \/>\n    Az MNB a b\u00edrs\u00e1g kiszab\u00e1sa sor\u00e1n figyelembe vette, hogy a biztos\u00edt\u00f3 a jogs\u00e9rt\u00e9st a kor\u00e1bbi \u00e9vekben val\u00f3s\u00edtotta meg, ugyanakkor a jogs\u00e9rt\u00e9s jellege, valamint a j\u00f6v\u0151beni ism\u00e9tl\u0151d\u00e9s megel\u0151z\u00e9se miatt indokolt volt a szankci\u00f3 alkalmaz\u00e1sa.<br \/>\n    A cselekm\u00e9ny s\u00faly\u00e1t enyh\u00edtette jegybank indokl\u00e1sa szerint, hogy a Groupama Biztos\u00edt\u00f3 minden olyan \u00fcgyfele sz\u00e1m\u00e1ra j\u00f3v\u00e1\u00edrja a szerz\u0151d\u00e9s megsz\u0171n\u00e9se az \u00fajrak\u00f6t\u00e9s k\u00f6z\u00f6tti id\u0151szakra vonatkoz\u00f3 fedezetlens\u00e9gi d\u00edj \u00f6sszeg\u00e9t, akik a kgfb-szerz\u0151d\u00e9s megsz\u0171ntet\u00e9s\u00e9r\u0151l sz\u00f3l\u00f3 lev\u00e9l k\u00e9zhezv\u00e9tel\u00e9t k\u00f6vet\u0151 14 napon bel\u00fcl \u00fajrak\u00f6t\u00f6tt\u00e9k e szerz\u0151d\u00e9s\u00fcket a biztos\u00edt\u00f3n\u00e1l. Az \u00e9rintett fogyaszt\u00f3knak teh\u00e1t nincs teend\u0151j\u00fck.<br \/>\n    Azon tov\u00e1bbi \u00fcgyfelek, akik 14 napon \u00e1t nem szerz\u0151dtek vissza a Groupama Biztos\u00edt\u00f3hoz, a kock\u00e1zatvisel\u00e9s n\u00e9lk\u00fcli id\u0151szakra fedezetlens\u00e9gi d\u00edj fizet\u00e9s\u00e9re k\u00e9nyszer\u00fcltek, mivel a d\u00edjnemfizet\u00e9ssel megsz\u0171nt szerz\u0151d\u00e9seket az \u00fcgyfelek az adott biztos\u00edt\u00e1si id\u0151szak v\u00e9g\u00e9ig csak a kor\u00e1bbi biztos\u00edt\u00f3jukn\u00e1l k\u00f6thetik meg ism\u00e9t.<br \/>\n    A jegybank a k\u00f6zlem\u00e9nyben felh\u00edvja a figyelmet: a kgfb-szerz\u0151d\u00e9s megsz\u0171n\u00e9se jelent\u0151s h\u00e1tr\u00e1nnyal j\u00e1rhat minden, a k\u00f6z\u00fati k\u00f6zleked\u00e9sben r\u00e9szt vev\u0151 \u00fcgyf\u00e9lnek, \u00edgy a fogyaszt\u00f3 k\u00f6teles folyamatosan fenntartani a biztos\u00edt\u00e1si jogviszonyt. Emiatt a szerz\u0151d\u00e9s megsz\u0171n\u00e9s\u00e9nek id\u0151pontj\u00e1ra vonatkoz\u00f3 pontos t\u00e1j\u00e9koztat\u00e1s mind a fogyaszt\u00f3, mind a k\u00f6zleked\u00e9sben r\u00e9szt vev\u0151 m\u00e1s szem\u00e9lyek elemi \u00e9rdeke &#8211; \u00edrj\u00e1k.(MTI)<\/p>\n","protected":false},"excerpt":{"rendered":"<p>A Magyar Nemzeti Bank n\u00e9gymilli\u00f3 forint fogyaszt\u00f3v\u00e9delmi b\u00edrs\u00e1got szabott ki a Groupama Biztos\u00edt\u00f3ra, mert a biztos\u00edt\u00f3 rosszul t\u00e1j\u00e9koztatta \u00fcgyfeleit a k\u00f6telez\u0151 biztos\u00edt\u00e1s megsz\u0171n\u00e9s\u00e9r\u0151l &#8211; k\u00f6z\u00f6lte a jegybank cs\u00fct\u00f6rt\u00f6k\u00f6n az MTI-vel.<\/p>\n","protected":false},"author":1,"featured_media":0,"comment_status":"open","ping_status":"closed","sticky":false,"template":"","format":"standard","meta":[],"categories":[19],"tags":[],"_links":{"self":[{"href":"https:\/\/gazdasagportal.hu\/index.php\/wp-json\/wp\/v2\/posts\/74951"}],"collection":[{"href":"https:\/\/gazdasagportal.hu\/index.php\/wp-json\/wp\/v2\/posts"}],"about":[{"href":"https:\/\/gazdasagportal.hu\/index.php\/wp-json\/wp\/v2\/types\/post"}],"author":[{"embeddable":true,"href":"https:\/\/gazdasagportal.hu\/index.php\/wp-json\/wp\/v2\/users\/1"}],"replies":[{"embeddable":true,"href":"https:\/\/gazdasagportal.hu\/index.php\/wp-json\/wp\/v2\/comments?post=74951"}],"version-history":[{"count":1,"href":"https:\/\/gazdasagportal.hu\/index.php\/wp-json\/wp\/v2\/posts\/74951\/revisions"}],"predecessor-version":[{"id":74952,"href":"https:\/\/gazdasagportal.hu\/index.php\/wp-json\/wp\/v2\/posts\/74951\/revisions\/74952"}],"wp:attachment":[{"href":"https:\/\/gazdasagportal.hu\/index.php\/wp-json\/wp\/v2\/media?parent=74951"}],"wp:term":[{"taxonomy":"category","embeddable":true,"href":"https:\/\/gazdasagportal.hu\/index.php\/wp-json\/wp\/v2\/categories?post=74951"},{"taxonomy":"post_tag","embeddable":true,"href":"https:\/\/gazdasagportal.hu\/index.php\/wp-json\/wp\/v2\/tags?post=74951"}],"curies":[{"name":"wp","href":"https:\/\/api.w.org\/{rel}","templated":true}]}}