{"id":74813,"date":"2016-02-16T04:22:20","date_gmt":"2016-02-16T03:22:20","guid":{"rendered":"http:\/\/gazdasagportal.hu\/?p=74813"},"modified":"2016-02-15T20:49:46","modified_gmt":"2016-02-15T19:49:46","slug":"v4-csucs-orban-szukseg-van-a-masodik-vedvonal-letrehozasara","status":"publish","type":"post","link":"https:\/\/gazdasagportal.hu\/index.php\/v4-csucs-orban-szukseg-van-a-masodik-vedvonal-letrehozasara\/","title":{"rendered":"V4-cs\u00facs &#8211; Orb\u00e1n: sz\u00fcks\u00e9g van a m\u00e1sodik v\u00e9dvonal l\u00e9trehoz\u00e1s\u00e1ra"},"content":{"rendered":"<p><strong>Az Eur\u00f3pai Uni\u00f3 eddigi politik\u00e1ja a migr\u00e1ci\u00f3s v\u00e1ls\u00e1g kezel\u00e9s\u00e9ben megbukott, a k\u00fcls\u0151 schengeni hat\u00e1rokat nem siker\u00fclt megv\u00e9deni, ez\u00e9rt \u00faj, m\u00e1sodik v\u00e9d\u0151vonalra van sz\u00fcks\u00e9g &#8211; jelentette ki Orb\u00e1n Viktor minisztereln\u00f6k h\u00e9tf\u0151n Pr\u00e1g\u00e1ban, a visegr\u00e1di orsz\u00e1gok (V4) korm\u00e1nyf\u0151inek rendk\u00edv\u00fcli tal\u00e1lkoz\u00f3j\u00e1t k\u00f6vet\u0151 sajt\u00f3\u00e9rtekezleten. <\/strong><!--more--><\/p>\n<div class=\"ads-in-post1\"><div id=\"gazdasagportal.hu_fullbanner_wideboard\"><\/div>\r\n<\/div>\n<p>    &#8222;A mi \u00e1ll\u00e1spontunk tov\u00e1bbra is az, hogy a migr\u00e1ci\u00f3s hull\u00e1mot ellen\u0151rizni kell, le kell \u00e1ll\u00edtani&#8221; &#8211; fejtette ki a magyar korm\u00e1nyf\u0151. Szerinte azonban T\u00f6r\u00f6korsz\u00e1g \u00e9s Eur\u00f3pa k\u00f6z\u00f6tti v\u00e9dvonal nem m\u0171k\u00f6dik, a migr\u00e1ns\u00e1radatot eddig nem siker\u00fclt meg\u00e1ll\u00edtani. &#8222;Az elm\u00falt h\u00f3napok arr\u00f3l tan\u00faskodnak, hogy ez nem siker\u00fclt, ez\u00e9rt logikailag \u00e9s a politikai felel\u0151ss\u00e9gb\u0151l k\u00f6vetkezik, hogy egy m\u00e1sodik v\u00e9delmi vonalr\u00f3l is eszm\u00e9t kell cser\u00e9ln\u00fcnk&#8221; &#8211; sz\u00f6gezte le.<br \/>\n    &#8222;Magyarorsz\u00e1g annyit tud tenni, hogy seg\u00edts\u00e9get ny\u00fajt mindazoknak, akik hajland\u00f3ak bebiztos\u00edtani a m\u00e1sodik v\u00e9dvonal ki\u00e9p\u00edt\u00e9s\u00e9t Magyarorsz\u00e1g hat\u00e1rait\u00f3l d\u00e9lre&#8221; &#8211; tette hozz\u00e1 Orb\u00e1n Viktor.<br \/>\n     A minisztereln\u00f6k \u00fagy v\u00e9lekedett, hogy &#8222;a 2016-os \u00e9v legfontosabb k\u00e9rd\u00e9se a biztons\u00e1g \u00e9s a migr\u00e1ci\u00f3 k\u00e9rd\u00e9se lesz, ez\u00e9rt a pr\u00e1gai V4-es cs\u00facstal\u00e1lkoz\u00f3nak ez volt a legf\u0151bb t\u00e9m\u00e1ja&#8221;<br \/>\n    A korm\u00e1nyf\u0151 megjegyezte: az Eur\u00f3pa k\u00f6r\u00fcli orsz\u00e1gokban ma a sz\u00e1m\u00edt\u00e1sok szerint 38,5 milli\u00f3 bels\u0151 menek\u00fclt \u00e9l, s &#8222;ez az a t\u00f6meg, amely b\u00e1rmikor megindulhat Eur\u00f3pa ir\u00e1ny\u00e1ban&#8221; &#8211; jegyezte meg.<br \/>\n    R\u00e1mutatott, hogy Ukrajna fel\u0151l is hatalmas migr\u00e1ci\u00f3s hull\u00e1m fenyegeti Eur\u00f3p\u00e1t, de ezt a V4-ek megakad\u00e1lyozz\u00e1k. &#8222;Seg\u00edts\u00e9get ehhez nem kapunk, de megv\u00e9dj\u00fck Eur\u00f3p\u00e1t ennek a n\u00e9pmozg\u00e1snak a terh\u00e9t\u0151l&#8221; &#8211; mondta a minisztereln\u00f6k.<br \/>\n    A tal\u00e1lkoz\u00f3n a macedon eln\u00f6k \u00e9s a bolg\u00e1r korm\u00e1nyf\u0151 is r\u00e9szt vett. Orb\u00e1n Viktor szerint mindk\u00e9t orsz\u00e1g a migr\u00e1ci\u00f3s v\u00e1ls\u00e1g kezel\u00e9s\u00e9ben helyt\u00e1llt, ez\u00e9rt Magyarorsz\u00e1g t\u00e1mogatja Bulg\u00e1ria felv\u00e9tel\u00e9t a schengebi \u00f6vezetbe \u00e9s Maced\u00f3ni\u00e1nak is fel kellene aj\u00e1nlani a uni\u00f3s tags\u00e1got.(MTI) <\/p>\n","protected":false},"excerpt":{"rendered":"<p>Az Eur\u00f3pai Uni\u00f3 eddigi politik\u00e1ja a migr\u00e1ci\u00f3s v\u00e1ls\u00e1g kezel\u00e9s\u00e9ben megbukott, a k\u00fcls\u0151 schengeni hat\u00e1rokat nem siker\u00fclt megv\u00e9deni, ez\u00e9rt \u00faj, m\u00e1sodik v\u00e9d\u0151vonalra van sz\u00fcks\u00e9g &#8211; jelentette ki Orb\u00e1n Viktor minisztereln\u00f6k h\u00e9tf\u0151n Pr\u00e1g\u00e1ban, a visegr\u00e1di orsz\u00e1gok (V4) korm\u00e1nyf\u0151inek rendk\u00edv\u00fcli tal\u00e1lkoz\u00f3j\u00e1t k\u00f6vet\u0151 sajt\u00f3\u00e9rtekezleten.<\/p>\n","protected":false},"author":1,"featured_media":69158,"comment_status":"open","ping_status":"closed","sticky":false,"template":"","format":"standard","meta":[],"categories":[146,4,12,18],"tags":[],"_links":{"self":[{"href":"https:\/\/gazdasagportal.hu\/index.php\/wp-json\/wp\/v2\/posts\/74813"}],"collection":[{"href":"https:\/\/gazdasagportal.hu\/index.php\/wp-json\/wp\/v2\/posts"}],"about":[{"href":"https:\/\/gazdasagportal.hu\/index.php\/wp-json\/wp\/v2\/types\/post"}],"author":[{"embeddable":true,"href":"https:\/\/gazdasagportal.hu\/index.php\/wp-json\/wp\/v2\/users\/1"}],"replies":[{"embeddable":true,"href":"https:\/\/gazdasagportal.hu\/index.php\/wp-json\/wp\/v2\/comments?post=74813"}],"version-history":[{"count":1,"href":"https:\/\/gazdasagportal.hu\/index.php\/wp-json\/wp\/v2\/posts\/74813\/revisions"}],"predecessor-version":[{"id":74814,"href":"https:\/\/gazdasagportal.hu\/index.php\/wp-json\/wp\/v2\/posts\/74813\/revisions\/74814"}],"wp:featuredmedia":[{"embeddable":true,"href":"https:\/\/gazdasagportal.hu\/index.php\/wp-json\/wp\/v2\/media\/69158"}],"wp:attachment":[{"href":"https:\/\/gazdasagportal.hu\/index.php\/wp-json\/wp\/v2\/media?parent=74813"}],"wp:term":[{"taxonomy":"category","embeddable":true,"href":"https:\/\/gazdasagportal.hu\/index.php\/wp-json\/wp\/v2\/categories?post=74813"},{"taxonomy":"post_tag","embeddable":true,"href":"https:\/\/gazdasagportal.hu\/index.php\/wp-json\/wp\/v2\/tags?post=74813"}],"curies":[{"name":"wp","href":"https:\/\/api.w.org\/{rel}","templated":true}]}}