{"id":74204,"date":"2016-02-02T16:01:05","date_gmt":"2016-02-02T15:01:05","guid":{"rendered":"http:\/\/gazdasagportal.hu\/?p=74204"},"modified":"2016-02-02T16:01:05","modified_gmt":"2016-02-02T15:01:05","slug":"hatvanezer-migrans-haladt-at-szerbian-januarban","status":"publish","type":"post","link":"https:\/\/gazdasagportal.hu\/index.php\/hatvanezer-migrans-haladt-at-szerbian-januarban\/","title":{"rendered":"Hatvanezer migr\u00e1ns haladt \u00e1t Szerbi\u00e1n janu\u00e1rban"},"content":{"rendered":"<p><strong>Janu\u00e1rban mintegy 60 ezer migr\u00e1ns haladt \u00e1t Szerbi\u00e1n, ami a tavalyi eg\u00e9sz \u00e9ves adatok t\u00edz sz\u00e1zal\u00e9ka, \u00e9s tavasszal \u00fajabb er\u0151teljes hull\u00e1mra kell sz\u00e1m\u00edtani &#8211; hangzott el a szerbiai parlament szoci\u00e1lis\u00fcgyi bizotts\u00e1g\u00e1nak keddi \u00fcl\u00e9s\u00e9n Belgr\u00e1dban.<\/strong><!--more--><\/p>\n<div class=\"ads-in-post1\"><div id=\"gazdasagportal.hu_fullbanner_wideboard\"><\/div>\r\n<\/div>\n<p>    Milenko Bozovic, a szerb hat\u00e1r\u0151rs\u00e9g vezet\u0151je az adatokat ismertetve elmondta, hogy naponta k\u00f6r\u00fclbel\u00fcl k\u00e9tezren l\u00e9pnek be az orsz\u00e1gba, ami jelent\u0151sen kevesebb a tavaly \u0151szi adatokn\u00e1l. Szeptemberben \u00e9s okt\u00f3berben ak\u00e1r a 11 ezret is meghaladta a naponta \u00e9rkezett bev\u00e1ndorl\u00f3k sz\u00e1ma. A migr\u00e1nsv\u00e1ls\u00e1g kirobban\u00e1sa \u00f3ta ugyan mintegy 660 ezren haladtak \u00e1t Szerbi\u00e1n, eddig azonban mind\u00f6ssze k\u00f6r\u00fclbel\u00fcl hatsz\u00e1zan k\u00e9rtek mened\u00e9kjogot.<br \/>\n    November k\u00f6zepe \u00f3ta Maced\u00f3nia, Szerbia \u00e9s Horv\u00e1torsz\u00e1g is csak azokat engedi be ter\u00fclet\u00e9re, akik h\u00e1bor\u00fas \u00f6vezetb\u0151l, azaz Sz\u00edri\u00e1b\u00f3l, Irakb\u00f3l vagy Afganiszt\u00e1nb\u00f3l \u00e9rkeztek, \u00edgy azok a migr\u00e1nsok, akik nem tudj\u00e1k bizony\u00edtani, hogy ezekb\u0151l az orsz\u00e1gokb\u00f3l sz\u00e1rmaznak, nem l\u00e9phetnek \u00e1t a nyugat-balk\u00e1ni migr\u00e1ns\u00fatvonalon fekv\u0151 k\u00f6vetkez\u0151 orsz\u00e1gba. Janu\u00e1r k\u00f6zep\u00e9n tov\u00e1bb szigor\u00edtottak a hat\u00e1rellen\u0151rz\u00e9sen, \u00edgy a dokumentumokban m\u00e1r a c\u00e9lorsz\u00e1gnak is szerepelnie kell, \u00e9s csak azok folytathatj\u00e1k \u00fatjukat, akik N\u00e9metorsz\u00e1gban vagy Ausztri\u00e1ban k\u00e9rn\u00e9nek mened\u00e9ket.<br \/>\n    A hat\u00e1r\u0151rs\u00e9g vezet\u0151je kiemelte, hogy a migr\u00e1nsv\u00e1ls\u00e1g kirobban\u00e1sakor Szerbia gyorsan reag\u00e1lt, \u00e9s els\u0151k\u00e9nt kezdte meg a migr\u00e1nsok regisztr\u00e1l\u00e1s\u00e1t, illetve adataik biometrikus feldolgoz\u00e1s\u00e1t, hogy kisz\u0171rje az esetleges terrorist\u00e1kat.<br \/>\n    Szerbi\u00e1ban hamarosan \u00faj menek\u00fclt\u00fcgyi t\u00f6rv\u00e9nyt fogadnak el, amely a tervek szerint a migr\u00e1nsokat \u00e9s a szerb \u00e1llampolg\u00e1rokat is jobban v\u00e9di majd.(MTI)<\/p>\n","protected":false},"excerpt":{"rendered":"<p>Janu\u00e1rban mintegy 60 ezer migr\u00e1ns haladt \u00e1t Szerbi\u00e1n, ami a tavalyi eg\u00e9sz \u00e9ves adatok t\u00edz sz\u00e1zal\u00e9ka, \u00e9s tavasszal \u00fajabb er\u0151teljes hull\u00e1mra kell sz\u00e1m\u00edtani &#8211; hangzott el a szerbiai parlament szoci\u00e1lis\u00fcgyi bizotts\u00e1g\u00e1nak keddi \u00fcl\u00e9s\u00e9n Belgr\u00e1dban.<\/p>\n","protected":false},"author":1,"featured_media":0,"comment_status":"open","ping_status":"closed","sticky":false,"template":"","format":"standard","meta":[],"categories":[12],"tags":[],"_links":{"self":[{"href":"https:\/\/gazdasagportal.hu\/index.php\/wp-json\/wp\/v2\/posts\/74204"}],"collection":[{"href":"https:\/\/gazdasagportal.hu\/index.php\/wp-json\/wp\/v2\/posts"}],"about":[{"href":"https:\/\/gazdasagportal.hu\/index.php\/wp-json\/wp\/v2\/types\/post"}],"author":[{"embeddable":true,"href":"https:\/\/gazdasagportal.hu\/index.php\/wp-json\/wp\/v2\/users\/1"}],"replies":[{"embeddable":true,"href":"https:\/\/gazdasagportal.hu\/index.php\/wp-json\/wp\/v2\/comments?post=74204"}],"version-history":[{"count":1,"href":"https:\/\/gazdasagportal.hu\/index.php\/wp-json\/wp\/v2\/posts\/74204\/revisions"}],"predecessor-version":[{"id":74205,"href":"https:\/\/gazdasagportal.hu\/index.php\/wp-json\/wp\/v2\/posts\/74204\/revisions\/74205"}],"wp:attachment":[{"href":"https:\/\/gazdasagportal.hu\/index.php\/wp-json\/wp\/v2\/media?parent=74204"}],"wp:term":[{"taxonomy":"category","embeddable":true,"href":"https:\/\/gazdasagportal.hu\/index.php\/wp-json\/wp\/v2\/categories?post=74204"},{"taxonomy":"post_tag","embeddable":true,"href":"https:\/\/gazdasagportal.hu\/index.php\/wp-json\/wp\/v2\/tags?post=74204"}],"curies":[{"name":"wp","href":"https:\/\/api.w.org\/{rel}","templated":true}]}}