{"id":74088,"date":"2016-02-01T13:31:13","date_gmt":"2016-02-01T12:31:13","guid":{"rendered":"http:\/\/gazdasagportal.hu\/?p=74088"},"modified":"2016-02-01T13:13:14","modified_gmt":"2016-02-01T12:13:14","slug":"illegalis-bevandorlas-onkent-hazatero-menekulteket-szallito-repulogep-indult-bagdadba-belgiumbol","status":"publish","type":"post","link":"https:\/\/gazdasagportal.hu\/index.php\/illegalis-bevandorlas-onkent-hazatero-menekulteket-szallito-repulogep-indult-bagdadba-belgiumbol\/","title":{"rendered":"Illeg\u00e1lis bev\u00e1ndorl\u00e1s &#8211; \u00d6nk\u00e9nt hazat\u00e9r\u0151 menek\u00fclteket sz\u00e1ll\u00edt\u00f3 rep\u00fcl\u0151g\u00e9p indult Bagdadba Belgiumb\u00f3l"},"content":{"rendered":"<p><strong>Elindult Bagdadba az \u00f6nk\u00e9nt hazat\u00e9r\u0151 iraki menek\u00fclteket sz\u00e1ll\u00edt\u00f3 els\u0151 rep\u00fcl\u0151g\u00e9p a br\u00fcsszeli Zaventem rep\u00fcl\u0151t\u00e9rr\u0151l &#8211; \u00edrta a La Libre Belgique francia nyelv\u0171 belga napilap Theo Francken belga menek\u00fclt\u00fcgyi \u00e9s migr\u00e1ci\u00f3s \u00e1llamtitk\u00e1r sz\u00f3viv\u0151j\u00e9nek bejelent\u00e9s\u00e9t k\u00f6vet\u0151en h\u00e9tf\u0151n.<\/strong><!--more--><\/p>\n<div class=\"ads-in-post1\"><div id=\"gazdasagportal.hu_fullbanner_wideboard\"><\/div>\r\n<\/div>\n<p>    Az els\u0151 alkalommal k\u00f6zvetlen\u00fcl Bagdadba ind\u00edtott rep\u00fcl\u0151g\u00e9pen n\u00e9h\u00e1ny sz\u00e1z iraki \u00e1llampolg\u00e1r kapott helyet, olyanok, akik \u00f6nk\u00e9nt v\u00e1llalt\u00e1k, hogy visszat\u00e9rnek haz\u00e1jukba. Legink\u00e1bb azok a bev\u00e1ndorl\u00f3k utaztak haza, akik nem tal\u00e1lt\u00e1k meg sz\u00e1m\u00edt\u00e1saikat Belgiumban, vagy menek\u00fcltk\u00e9relm\u00fcket elutas\u00edtott\u00e1k a hat\u00f3s\u00e1gok &#8211; mondta Katrien Jansseune, az \u00e1llamtitk\u00e1r sz\u00f3viv\u0151je.<br \/>\n    A szervezett hazat\u00e9r\u00e9st ir\u00e1ny\u00edt\u00f3 Nemzetk\u00f6zi Migr\u00e1ci\u00f3s Szervezet (OIM) munkat\u00e1rsai Bagdadban v\u00e1rj\u00e1k a visszat\u00e9r\u0151ket, akiknek seg\u00edts\u00e9get ny\u00fajtanak a visszaintegr\u00e1l\u00f3d\u00e1sban, lakhat\u00e1st biztos\u00edtanak sz\u00e1mukra, \u00e9s munkalehet\u0151s\u00e9get k\u00edn\u00e1lnak nekik &#8211; k\u00f6z\u00f6lte G\u00e9raldine d&#8217;Hoop, a szervezet belga munkat\u00e1rsa.(MTI)<\/p>\n","protected":false},"excerpt":{"rendered":"<p>Elindult Bagdadba az \u00f6nk\u00e9nt hazat\u00e9r\u0151 iraki menek\u00fclteket sz\u00e1ll\u00edt\u00f3 els\u0151 rep\u00fcl\u0151g\u00e9p a br\u00fcsszeli Zaventem rep\u00fcl\u0151t\u00e9rr\u0151l &#8211; \u00edrta a La Libre Belgique francia nyelv\u0171 belga napilap Theo Francken belga menek\u00fclt\u00fcgyi \u00e9s migr\u00e1ci\u00f3s \u00e1llamtitk\u00e1r sz\u00f3viv\u0151j\u00e9nek bejelent\u00e9s\u00e9t k\u00f6vet\u0151en h\u00e9tf\u0151n.<\/p>\n","protected":false},"author":1,"featured_media":0,"comment_status":"open","ping_status":"closed","sticky":false,"template":"","format":"standard","meta":[],"categories":[12,16],"tags":[],"_links":{"self":[{"href":"https:\/\/gazdasagportal.hu\/index.php\/wp-json\/wp\/v2\/posts\/74088"}],"collection":[{"href":"https:\/\/gazdasagportal.hu\/index.php\/wp-json\/wp\/v2\/posts"}],"about":[{"href":"https:\/\/gazdasagportal.hu\/index.php\/wp-json\/wp\/v2\/types\/post"}],"author":[{"embeddable":true,"href":"https:\/\/gazdasagportal.hu\/index.php\/wp-json\/wp\/v2\/users\/1"}],"replies":[{"embeddable":true,"href":"https:\/\/gazdasagportal.hu\/index.php\/wp-json\/wp\/v2\/comments?post=74088"}],"version-history":[{"count":1,"href":"https:\/\/gazdasagportal.hu\/index.php\/wp-json\/wp\/v2\/posts\/74088\/revisions"}],"predecessor-version":[{"id":74089,"href":"https:\/\/gazdasagportal.hu\/index.php\/wp-json\/wp\/v2\/posts\/74088\/revisions\/74089"}],"wp:attachment":[{"href":"https:\/\/gazdasagportal.hu\/index.php\/wp-json\/wp\/v2\/media?parent=74088"}],"wp:term":[{"taxonomy":"category","embeddable":true,"href":"https:\/\/gazdasagportal.hu\/index.php\/wp-json\/wp\/v2\/categories?post=74088"},{"taxonomy":"post_tag","embeddable":true,"href":"https:\/\/gazdasagportal.hu\/index.php\/wp-json\/wp\/v2\/tags?post=74088"}],"curies":[{"name":"wp","href":"https:\/\/api.w.org\/{rel}","templated":true}]}}