{"id":74086,"date":"2016-02-01T13:00:24","date_gmt":"2016-02-01T12:00:24","guid":{"rendered":"http:\/\/gazdasagportal.hu\/?p=74086"},"modified":"2016-02-01T13:00:24","modified_gmt":"2016-02-01T12:00:24","slug":"vagyonnyilatkozatok-1-resz-ingatlanokat-es-autokat-vasaroltak-a-kepviselok-tavaly","status":"publish","type":"post","link":"https:\/\/gazdasagportal.hu\/index.php\/vagyonnyilatkozatok-1-resz-ingatlanokat-es-autokat-vasaroltak-a-kepviselok-tavaly\/","title":{"rendered":"Vagyonnyilatkozatok &#8211; 1. r\u00e9sz: Ingatlanokat \u00e9s aut\u00f3kat v\u00e1s\u00e1roltak a k\u00e9pvisel\u0151k tavaly"},"content":{"rendered":"<p><strong>Sz\u00e1mos orsz\u00e1ggy\u0171l\u00e9si k\u00e9pvisel\u0151 v\u00e1s\u00e1rolt, \u00f6r\u00f6k\u00f6lt \u00e9s adott el ingatlant \u00e9s sokan vettek aut\u00f3t is tavaly &#8211; der\u00fcl ki az parlament honlapj\u00e1ra felker\u00fclt vagyonnyilatkozatokb\u00f3l.<\/strong><!--more--><\/p>\n<div class=\"ads-in-post1\"><div id=\"gazdasagportal.hu_fullbanner_wideboard\"><\/div>\r\n<\/div>\n<p>          K\u00f6v\u00e9r L\u00e1szl\u00f3 vagyonbevall\u00e1s\u00e1ban nincsenek l\u00e9nyegi v\u00e1ltoz\u00e1sok. A h\u00e1zeln\u00f6k \u00e9letbiztos\u00edt\u00e1sa 1,125 milli\u00f3r\u00f3l 1,5 milli\u00f3ra, \u00e9letbiztos\u00edt\u00e1s\u00e1nak \u00e9rt\u00e9ke 2,75 milli\u00f3r\u00f3l 3,2 milli\u00f3ra n\u0151tt. P\u00e9nzint\u00e9zeti sz\u00e1mlak\u00f6vetel\u00e9se k\u00e9tmilli\u00f3 forintr\u00f3l 2,5 milli\u00f3ra n\u0151tt, tartoz\u00e1sa nincs.<br \/>\n    Vele ellent\u00e9tben t\u00f6bb k\u00e9pvisel\u0151 is v\u00e1s\u00e1rolt vagy \u00f6r\u00f6k\u00f6lt h\u00e1zakat, lak\u00e1sokat \u00e9s f\u00f6ldter\u00fcleteket tavaly. A fideszes k\u00e9pvisel\u0151k k\u00f6z\u00fcl Zombor G\u00e1bor 2015 m\u00e1rcius\u00e1ban Szigetszentm\u00e1rtonban vett egy 42 n\u00e9gyzetm\u00e9teres h\u00e9tv\u00e9gi h\u00e1zat, frakci\u00f3t\u00e1rsa, Vinnai Gy\u0151z\u0151 Ny\u00edregyh\u00e1z\u00e1n lett tulajdonosa feler\u00e9szben egy 178 nm-es csal\u00e1di h\u00e1znak, mik\u00f6zben eladta kor\u00e1bbi 104 nm-es lak\u00f3h\u00e1z\u00e1t \u00e9s 9,2 milli\u00f3 forint lak\u00e1shitelt vett fel. Vas Imre (Fidesz) k\u00e9t zugl\u00f3i lak\u00e1sa, egy zalakarosi lak\u00f3h\u00e1za \u00e9s r\u00e1ckevei sz\u00e1nt\u00f3ja mell\u00e9 tavaly \u00e1rver\u00e9sen v\u00e1s\u00e1rolt meg egy VI. ker\u00fcleti, 95 nm-es \u00fczlethelyis\u00e9get, mik\u00f6zben \u00e1llamk\u00f6tv\u00e9nyben tartott megtakar\u00edt\u00e1sa 22 milli\u00f3 forintr\u00f3l 9 milli\u00f3ra apadt, Varga J\u00f3zsef (Fidesz )pedig n\u00f6velte tulajdoni h\u00e1nyad\u00e1t egy 7446 nm-es zam\u00e1rdi ingatlanban \u00e9s t\u00f6rlesztette 10 milli\u00f3s tartoz\u00e1s\u00e1t egy mag\u00e1nszem\u00e9ly fel\u00e9.<br \/>\n    L. Simon L\u00e1szl\u00f3 megl\u00e9v\u0151 ingatlanjai mell\u00e9 tavaly m\u00e9g k\u00e9t sz\u00e1nt\u00f3t v\u00e1s\u00e1rolt G\u00e1rdonyban, a szint\u00e9n fideszes Bene Ildik\u00f3 egy 2298 n\u00e9gyzetm\u00e9teres telken \u00e1ll\u00f3 \u00fajsz\u00e1szi csal\u00e1di h\u00e1z fel\u00e9t \u00e9s egy t\u00f6bb mint nyolc hekt\u00e1ros sz\u00e1nt\u00f3t \u00f6r\u00f6k\u00f6lt, frakci\u00f3t\u00e1rsa Tiff\u00e1n Zsolt pedig szint\u00e9n \u00f6r\u00f6kl\u00e9ssel szerzett r\u00e9sztulajdont egy vill\u00e1nyi \u00e9s egy nagyhars\u00e1nyi sz\u0151l\u0151ben, valamint egy vil\u00e1nnyk\u00f6vesdi erd\u0151ben. Ugyancsak \u00f6r\u00f6k\u00f6lt a korm\u00e1nyp\u00e1rti Becs\u00f3 Zsolt, egy 454 n\u00e9gyzetm\u00e9teres telken \u00e1ll\u00f3 150 n\u00e9gyzetm\u00e9teres p\u00e1szt\u00f3i h\u00e1z negyed\u00e9t valamint egy 945 n\u00e9gyzetm\u00e9teres telken tal\u00e1lhat\u00f3 80 n\u00e9gyzetm\u00e9teres p\u00e1szt\u00f3i \u00fcd\u00fcl\u0151 egyhatod\u00e1t.<br \/>\n     Tas\u00f3 L\u00e1szl\u00f3 (Fidesz) k\u00e9t ny\u00edradonyi sz\u00e1nt\u00f3t vett, \u00e9s t\u00f6bb mint 30 milli\u00f3 forint \u00e9rt\u00e9kben kapott t\u00e1mogat\u00e1st Mez\u0151gazdas\u00e1gi \u00e9s Vid\u00e9kfejleszt\u00e9si Hivatalt\u00f3l, m\u00edg Bencsik J\u00e1nosnak tov\u00e1bbra is megvan a tatab\u00e1nyai lak\u00e1sa \u00e9s b\u00e9k\u00e9sszentandr\u00e1si nyaral\u00f3ja, de a korm\u00e1nyp\u00e1rti politikus kilenc, kor\u00e1bban is meglev\u0151 b\u00e9k\u00e9sszentandr\u00e1si f\u00f6ldter\u00fcleten aj\u00e1nd\u00e9koz\u00e1s r\u00e9v\u00e9n n\u00f6velte tulajdonr\u00e9sz\u00e9t. A fideszes Horv\u00e1th Istv\u00e1n kor\u00e1bbi ingatlanjai mell\u00e9 egy nagydorogi 3756 n\u00e9gyzetm\u00e9teres telken \u00e1ll\u00f3 160 n\u00e9gyzetm\u00e9teres h\u00e1zat illetve egy 52 n\u00e9gyzetm\u00e9teres p\u00e9csi lak\u00e1st v\u00e1s\u00e1rolt, a KDNP-s Aradszki Andr\u00e1s pedig tavaly szeptember \u00f3ta egy 552 n\u00e9gyzetm\u00e9teres telken \u00e1ll\u00f3 si\u00f3foki h\u00e9tv\u00e9gi h\u00e1z egynegyed\u00e9nek a tulajdonosa lett.<br \/>\n    Szatm\u00e1ry Krist\u00f3f (Fidesz) m\u00e1r nem r\u00e9sztulajdonos egy XVI. ker\u00fcleti h\u00e1zban \u00e9s mindszentk\u00e1ll\u00f3i pinc\u00e9je sincs meg, megtakar\u00edt\u00e1sait viszont 1,9 milli\u00f3 forintr\u00f3l 5 milli\u00f3ra n\u00f6velte. A szint\u00e9n korm\u00e1nyp\u00e1rti Szabolcs Attila a XXII. ker\u00fcletben lett feler\u00e9szben tulajdonosa egy \u00e9p\u00edt\u00e9si teleknek, ugyanakkor megsz\u0171nt tulajdonr\u00e9sze egy XI. ker\u00fcleti t\u00e1rsash\u00e1zi lak\u00e1sban \u00e9s egy XXII. ker\u00fcleti \u00fcd\u00fcl\u0151ben. Nagy Istv\u00e1n (Fidesz) Mecs\u00e9ren vett egy gy\u00fcm\u00f6lcs\u00f6st \u00e9s tov\u00e1bbra is tulajdonosa egy sz\u00e1z csal\u00e1db\u00f3l \u00e1ll\u00f3 m\u00e9h\u00e9szetnek. M\u00f3ring J\u00f3zsef Attila (KDNP) Zam\u00e1rdiban vett meg feler\u00e9szben egy 100 nm-es \u00fcd\u00fcl\u0151t, Kaposv\u00e1ron pedig egy 24 nm-es t\u00e1rsash\u00e1zi lak\u00e1st, nincs meg viszont tulajdonr\u00e9sze kor\u00e1bbi somogyv\u00e1ri lak\u00f3h\u00e1z\u00e1ban, \u00e9s 10 milli\u00f3 forinttal elad\u00f3sodott egy mag\u00e1nszem\u00e9lynek. M\u00e1trai M\u00e1rta az Orsz\u00e1ggy\u0171l\u00e9s h\u00e1znagya eladta kaposv\u00e1ri, feler\u00e9szben birtokolt lak\u00e1s\u00e1t.<br \/>\n    Az ellenz\u00e9ki k\u00e9pvisel\u0151k k\u00f6z\u00fcl az LMP-s Sz\u00e9l Bernadett egy 170 nm-es csal\u00e1di h\u00e1zat v\u00e1s\u00e1rolt P\u00e1tyon, de nincs m\u00e1r meg budapesti t\u00e1rsash\u00e1zi lak\u00e1sa, amelyet 1998-ban \u00f6r\u00f6k\u00f6lt, k\u00e9pvisel\u0151t\u00e1rsa Sallai R. Benedek (LMP) pedig t\u00f6bb mint 15 f\u00f6ldter\u00fclethez &#8211; legel\u0151kh\u00f6z, erd\u0151kh\u00f6z, sz\u00e1nt\u00f3khoz &#8211; jutott hozz\u00e1 tavaly, t\u00f6bbnyire cser\u00e9vel, emellett felsorolja a kapott uni\u00f3s t\u00e1mogat\u00e1sokat \u00e9s a r\u00e9sztulajdon\u00e1ban \u00e1ll\u00f3 kft. f\u00f6ldb\u00e9rleteit is, azzal a megjegyz\u00e9ssel, hogy ezek k\u00f6z\u00f6tt nincs olyan d\u00f6nt\u00e9s, amely k\u00e9pvisel\u0151v\u00e9 v\u00e1laszt\u00e1sa \u00f3ta sz\u00fcletett volna.<br \/>\n    A f\u00fcggetlen, de az Egy\u00fctt sz\u00edneiben politiz\u00e1l\u00f3 Szab\u00f3 Szabolcs Gy\u00f6ngy\u00f6starj\u00e1nban vett egy 40 nm-es h\u00e9tv\u00e9gi h\u00e1zat 1 milli\u00f3 450 ezer forint\u00e9rt, ezzel \u0151 az egyetlen a k\u00e9pvisel\u0151k k\u00f6z\u00fcl, aki felt\u00fcntette, hogy a megv\u00e1s\u00e1rolt ingatlan\u00e9rt mennyit fizetett. A szint\u00e9n f\u00fcggetlen, de DK-s sz\u00ednekben politiz\u00e1l\u00f3 Vadai \u00c1gnes egy 77 nm-es t\u00e1rsash\u00e1zi lak\u00e1st vett a XIII. ker\u00fcletben. A szocialista Bur\u00e1ny S\u00e1ndor kor\u00e1bban csak feler\u00e9szben birtokolt egy 539 n\u00e9gyzetm\u00e9teres telken \u00e1ll\u00f3, 170 n\u00e9gyzetm\u00e9teres XIX. ker\u00fcleti h\u00e1zat, de a vagyonk\u00f6z\u00f6ss\u00e9g megsz\u0171n\u00e9s\u00e9vel most azt eg\u00e9sz a birtok\u00e1ba ker\u00fclt, frakci\u00f3t\u00e1rsa, Kiss L\u00e1szl\u00f3 pedig kor\u00e1bbi 68 n\u00e9gyzetm\u00e9teres, III. ker\u00fcleti lak\u00e1sa mellett fele r\u00e9szben egy szint\u00e9n \u00f3budai 90 n\u00e9gyzetm\u00e9teres lak\u00e1s tulajdonosa is lett.<br \/>\n    A jobbikos Staudt G\u00e1bor a XXII. ker\u00fcletben vett feler\u00e9szben egy csal\u00e1di h\u00e1zat, \u00e9s valamivel t\u00f6bb mint 3 milli\u00f3 forinttal ad\u00f3sodott el egy mag\u00e1nszem\u00e9lynek, frakci\u00f3t\u00e1rsa Sz\u00e1vay Andr\u00e1s viszont megszabadult f\u0151v\u00e1rosi t\u00e1rsash\u00e1zi lak\u00e1s\u00e1t\u00f3l, amelyet m\u00e9g 2012-ben v\u00e1s\u00e1rolt, megtartotta soldvadkerti tany\u00e1j\u00e1t \u00e9s r\u00e9sztulajdon\u00e1t egy szint\u00e9n soltvadkerti t\u00e1rsash\u00e1zi lak\u00e1sban.<br \/>\n    K\u00e9t jobbikos k\u00e9pvisel\u0151nek V\u00e1g\u00f3 Sebesty\u00e9nnek \u00e9s Mirk\u00f3czki \u00c1d\u00e1mnak is megsz\u00fcletett a harmadik gyermeke az el\u0151z\u0151 vagyonbevall\u00e1sa \u00f3ta. V\u00e1g\u00f3 Sebesty\u00e9n emellett feler\u00e9szben tulajdonosa lett egy 106 nm-es lak\u00f3h\u00e1znak Tat\u00e1n, \u00e9s v\u00e1s\u00e1rolt egy Mazda szem\u00e9lyaut\u00f3t is, valamint 14 milli\u00f3 forint hitelt vett fel egy p\u00e9nzint\u00e9zett\u0151l, Mirk\u00f3czki \u00c1d\u00e1m pedig egy VW Sharant vett.(MTI)<\/p>\n","protected":false},"excerpt":{"rendered":"<p>Sz\u00e1mos orsz\u00e1ggy\u0171l\u00e9si k\u00e9pvisel\u0151 v\u00e1s\u00e1rolt, \u00f6r\u00f6k\u00f6lt \u00e9s adott el ingatlant \u00e9s sokan vettek aut\u00f3t is tavaly &#8211; der\u00fcl ki az parlament honlapj\u00e1ra felker\u00fclt vagyonnyilatkozatokb\u00f3l.<\/p>\n","protected":false},"author":1,"featured_media":0,"comment_status":"open","ping_status":"closed","sticky":false,"template":"","format":"standard","meta":[],"categories":[19,18],"tags":[],"_links":{"self":[{"href":"https:\/\/gazdasagportal.hu\/index.php\/wp-json\/wp\/v2\/posts\/74086"}],"collection":[{"href":"https:\/\/gazdasagportal.hu\/index.php\/wp-json\/wp\/v2\/posts"}],"about":[{"href":"https:\/\/gazdasagportal.hu\/index.php\/wp-json\/wp\/v2\/types\/post"}],"author":[{"embeddable":true,"href":"https:\/\/gazdasagportal.hu\/index.php\/wp-json\/wp\/v2\/users\/1"}],"replies":[{"embeddable":true,"href":"https:\/\/gazdasagportal.hu\/index.php\/wp-json\/wp\/v2\/comments?post=74086"}],"version-history":[{"count":1,"href":"https:\/\/gazdasagportal.hu\/index.php\/wp-json\/wp\/v2\/posts\/74086\/revisions"}],"predecessor-version":[{"id":74087,"href":"https:\/\/gazdasagportal.hu\/index.php\/wp-json\/wp\/v2\/posts\/74086\/revisions\/74087"}],"wp:attachment":[{"href":"https:\/\/gazdasagportal.hu\/index.php\/wp-json\/wp\/v2\/media?parent=74086"}],"wp:term":[{"taxonomy":"category","embeddable":true,"href":"https:\/\/gazdasagportal.hu\/index.php\/wp-json\/wp\/v2\/categories?post=74086"},{"taxonomy":"post_tag","embeddable":true,"href":"https:\/\/gazdasagportal.hu\/index.php\/wp-json\/wp\/v2\/tags?post=74086"}],"curies":[{"name":"wp","href":"https:\/\/api.w.org\/{rel}","templated":true}]}}