{"id":74072,"date":"2016-02-01T10:34:34","date_gmt":"2016-02-01T09:34:34","guid":{"rendered":"http:\/\/gazdasagportal.hu\/?p=74072"},"modified":"2016-02-01T10:34:34","modified_gmt":"2016-02-01T09:34:34","slug":"terrorcselekmennye-minositettek-a-sinai-felszigeten-lezuhant-orosz-gep-ugyet-a-torok-szurke-farkasok-szervezhettek","status":"publish","type":"post","link":"https:\/\/gazdasagportal.hu\/index.php\/terrorcselekmennye-minositettek-a-sinai-felszigeten-lezuhant-orosz-gep-ugyet-a-torok-szurke-farkasok-szervezhettek\/","title":{"rendered":"Terrorcselekm\u00e9nny\u00e9 min\u0151s\u00edtett\u00e9k a S\u00ednai-f\u00e9lszigeten lezuhant orosz g\u00e9p \u00fcgy\u00e9t, a t\u00f6r\u00f6k Sz\u00fcrke Farkasok szervezhett\u00e9k"},"content":{"rendered":"<p><strong>Az orosz sz\u00f6vets\u00e9gi nyomoz\u00f3hat\u00f3s\u00e1g terrorcselekm\u00e9nny\u00e9 min\u0151s\u00edtette \u00e1t a S\u00ednai-f\u00e9lszigeten lezuhant orosz utassz\u00e1ll\u00edt\u00f3 rep\u00fcl\u0151g\u00e9p \u00fcgy\u00e9t, a Kommerszant c\u00edm\u0171 orosz napilap pedig h\u00e9tf\u0151n titkosszolg\u00e1lati forr\u00e1sokra hivatkozva azt \u00edrta, hogy a terrorcselekm\u00e9nyt a Sz\u00fcrke Farkasok nev\u0171 t\u00f6r\u00f6k sz\u00e9ls\u0151jobboldali csoport szervezhette meg.<\/strong><!--more--><\/p>\n<div class=\"ads-in-post1\"><div id=\"gazdasagportal.hu_fullbanner_wideboard\"><\/div>\r\n<\/div>\n<p>A Kogalymavia (nemzetk\u00f6zi nev\u00e9n Metrojet) nev\u0171 orosz l\u00e9git\u00e1rsas\u00e1g g\u00e9pe robban\u00e1s k\u00f6vetkezt\u00e9ben zuhant le tavaly okt\u00f3ber 31-\u00e9n az egyiptomi Sarm-es-Sejkb\u0151l Szentp\u00e9terv\u00e1rra tartva, a szerencs\u00e9tlens\u00e9gnek 224 hal\u00e1los \u00e1ldozata volt, t\u00f6bbs\u00e9g\u00fck orosz \u00e1llampolg\u00e1r.<br \/>\nKor\u00e1bban az orosz nyomoz\u00f3hat\u00f3s\u00e1g a l\u00e9gi k\u00f6zleked\u00e9s szab\u00e1lyainak megs\u00e9rt\u00e9se alapj\u00e1n vizsg\u00e1l\u00f3dott. Az \u00fcgy \u00e1tmin\u0151s\u00edt\u00e9s\u00e9r\u0151l Jevgenyij Iljin, az orosz antiterrorista bizotts\u00e1g hivatal\u00e1nak helyettes vezet\u0151je t\u00e1j\u00e9koztatta a Kommerszantot.<br \/>\nA Kreml tavaly novemberben min\u0151s\u00edtette terrorcselekm\u00e9nny\u00e9 a g\u00e9p katasztr\u00f3f\u00e1j\u00e1t. Akkor Alekszandr Bortnyikov, a belbiztons\u00e1gi \u00e9s k\u00e9melh\u00e1r\u00edt\u00e1si feladatokat ell\u00e1t\u00f3 Sz\u00f6vets\u00e9gi Biztons\u00e1gi Szolg\u00e1lat (FSZB) vezet\u0151je Vlagyimir Putyin orosz eln\u00f6knek robban\u00f3anyag nyomair\u00f3l sz\u00e1molt be, illetve arr\u00f3l, hogy pokolg\u00e9p lehetett a g\u00e9p fed\u00e9lzet\u00e9n.<br \/>\nOrosz szak\u00e9rt\u0151k szerint a g\u00e9p fed\u00e9lzet\u00e9n h\u00e1zilag gy\u00e1rtott robban\u00f3szerkezet l\u00e9pett m\u0171k\u00f6d\u00e9sbe, amely egy kilogramm TNT robban\u00f3anyagnak megfelel\u0151 hat\u00e1st fejtett ki, \u00e9s ennek k\u00f6vetkezt\u00e9ben a rep\u00fcl\u0151g\u00e9p a leveg\u0151ben sz\u00e9tesett. Ezzel magyar\u00e1zhat\u00f3 az is, hogy a t\u00f6rzs darabjai egym\u00e1st\u00f3l nagy t\u00e1vols\u00e1gra estek le.<br \/>\nAz FSZB-n\u00e9l \u00fagy v\u00e9lik, hogy az utassz\u00e1ll\u00edt\u00f3n t\u00f6rt\u00e9nt robban\u00e1s m\u00f6g\u00f6tt az Iszl\u00e1m \u00c1llam dzsihadista szervezettel kapcsolatban \u00e1ll\u00f3 Sz\u00fcrke Farkasok csoport tagjai \u00e1llhatnak &#8211; \u00edrta a Kommerszant.<br \/>\nA Sz\u00fcrke Farkasok a m\u00falt \u00e9vsz\u00e1zad hatvanas \u00e9veinek v\u00e9g\u00e9n jelentek meg T\u00f6r\u00f6korsz\u00e1gban, embereik harcoltak az Oroszorsz\u00e1ghoz tartoz\u00f3 Csecsenf\u00f6ld\u00f6n, ahova fegyvereket csemp\u00e9sztek. Egyik vezet\u0151j\u00fck, a 32 \u00e9ves Allarslan Celik k\u00f6z\u00f6lte, hogy \u0151 l\u0151tte agyon tavaly november 24-\u00e9n Sz\u00edri\u00e1ban a t\u00f6r\u00f6k l\u00e9gier\u0151 \u00e1ltal megsemmis\u00edtett orosz Szu-24-es vad\u00e1szbomb\u00e1z\u00f3 pil\u00f3t\u00e1j\u00e1t, aki katapult\u00e1lt g\u00e9p\u00e9b\u0151l.(MTI)<\/p>\n<p><a href=\"http:\/\/www.kommersant.ru\/doc\/2905655\" target=\"_blank\" rel=\"noopener\">http:\/\/www.kommersant.ru\/doc\/2905655<\/a><\/p><div id=\"gazda-1186339922\" class=\"gazda-tartalomban gazda-entity-placement\"><script async src=\"https:\/\/pagead2.googlesyndication.com\/pagead\/js\/adsbygoogle.js\"><\/script>\r\n<ins class=\"adsbygoogle\"\r\n     style=\"display:block\"\r\n     data-ad-format=\"fluid\"\r\n     data-ad-layout-key=\"-6t+ed+2i-1n-4w\"\r\n     data-ad-client=\"ca-pub-1959107119989764\"\r\n     data-ad-slot=\"4008251320\"><\/ins>\r\n<script>\r\n     (adsbygoogle = window.adsbygoogle || []).push({});\r\n<\/script><\/div>\n","protected":false},"excerpt":{"rendered":"<p>Az orosz sz\u00f6vets\u00e9gi nyomoz\u00f3hat\u00f3s\u00e1g terrorcselekm\u00e9nny\u00e9 min\u0151s\u00edtette \u00e1t a S\u00ednai-f\u00e9lszigeten lezuhant orosz utassz\u00e1ll\u00edt\u00f3 rep\u00fcl\u0151g\u00e9p \u00fcgy\u00e9t, a Kommerszant c\u00edm\u0171 orosz napilap pedig h\u00e9tf\u0151n titkosszolg\u00e1lati forr\u00e1sokra hivatkozva azt \u00edrta, hogy a terrorcselekm\u00e9nyt a Sz\u00fcrke Farkasok nev\u0171 t\u00f6r\u00f6k sz\u00e9ls\u0151jobboldali csoport szervezhette meg.<\/p>\n","protected":false},"author":1,"featured_media":0,"comment_status":"open","ping_status":"closed","sticky":false,"template":"","format":"standard","meta":[],"categories":[12,16],"tags":[],"_links":{"self":[{"href":"https:\/\/gazdasagportal.hu\/index.php\/wp-json\/wp\/v2\/posts\/74072"}],"collection":[{"href":"https:\/\/gazdasagportal.hu\/index.php\/wp-json\/wp\/v2\/posts"}],"about":[{"href":"https:\/\/gazdasagportal.hu\/index.php\/wp-json\/wp\/v2\/types\/post"}],"author":[{"embeddable":true,"href":"https:\/\/gazdasagportal.hu\/index.php\/wp-json\/wp\/v2\/users\/1"}],"replies":[{"embeddable":true,"href":"https:\/\/gazdasagportal.hu\/index.php\/wp-json\/wp\/v2\/comments?post=74072"}],"version-history":[{"count":1,"href":"https:\/\/gazdasagportal.hu\/index.php\/wp-json\/wp\/v2\/posts\/74072\/revisions"}],"predecessor-version":[{"id":74073,"href":"https:\/\/gazdasagportal.hu\/index.php\/wp-json\/wp\/v2\/posts\/74072\/revisions\/74073"}],"wp:attachment":[{"href":"https:\/\/gazdasagportal.hu\/index.php\/wp-json\/wp\/v2\/media?parent=74072"}],"wp:term":[{"taxonomy":"category","embeddable":true,"href":"https:\/\/gazdasagportal.hu\/index.php\/wp-json\/wp\/v2\/categories?post=74072"},{"taxonomy":"post_tag","embeddable":true,"href":"https:\/\/gazdasagportal.hu\/index.php\/wp-json\/wp\/v2\/tags?post=74072"}],"curies":[{"name":"wp","href":"https:\/\/api.w.org\/{rel}","templated":true}]}}