{"id":74056,"date":"2016-02-01T07:07:33","date_gmt":"2016-02-01T06:07:33","guid":{"rendered":"http:\/\/gazdasagportal.hu\/?p=74056"},"modified":"2016-02-01T07:07:51","modified_gmt":"2016-02-01T06:07:51","slug":"vagyonnyilatkozatok-ingatlanokat-adtak-vettek-a-kormanytagok","status":"publish","type":"post","link":"https:\/\/gazdasagportal.hu\/index.php\/vagyonnyilatkozatok-ingatlanokat-adtak-vettek-a-kormanytagok\/","title":{"rendered":"Vagyonnyilatkozatok &#8211; Ingatlanokat adtak, vettek a korm\u00e1nytagok"},"content":{"rendered":"<p><strong>Ism\u00e9t gyarap\u00edtja ingatlanvagyon\u00e1t 2015-\u00f6s vagyonnyilatkozata szerint &#8211; melynek lead\u00e1si hat\u00e1rideje 2016. janu\u00e1r 31. volt &#8211; L\u00e1z\u00e1r J\u00e1nos Minisztereln\u00f6ks\u00e9get vezet\u0151 miniszter, m\u00edg Szijj\u00e1rt\u00f3 P\u00e9ter k\u00fclgazdas\u00e1gi \u00e9s k\u00fcl\u00fcgyminiszter eladta egyik dunakeszi h\u00e1z\u00e1t, amelyb\u0151l cs\u00f6kkentette sz\u00fclei fel\u00e9 fenn\u00e1ll\u00f3 tartoz\u00e1s\u00e1t. Simicsk\u00f3 Istv\u00e1n honv\u00e9delmi miniszter szint\u00e9n \u00e9rt\u00e9kes\u00edtett egy lak\u00e1st, de n\u00f6velte \u00e9rt\u00e9kpap\u00edrjainak mennyis\u00e9g\u00e9t.<\/strong><!--more--><\/p>\n<div class=\"ads-in-post1\"><div id=\"gazdasagportal.hu_fullbanner_wideboard\"><\/div>\r\n<\/div>\n<p>    Semj\u00e9n Zsolt minisztereln\u00f6k-helyettes ingatlanvagyona nem v\u00e1ltozott, tov\u00e1bbra is k\u00e9t II. ker\u00fcleti ingatlan fel\u00e9t, valamint egy balatonfenyvesi \u00fcd\u00fcl\u0151 haszon\u00e9lvezeti jog\u00e1t birtokolja, \u00e9rt\u00e9kesebb ing\u00f3s\u00e1gai k\u00f6z\u00f6tt antik b\u00fatorait eml\u00edti. Egymilli\u00f3 forintja van k\u00e9szp\u00e9nzben, \u00e9s 1,25 milli\u00f3 forintnyi p\u00e9nzk\u00f6vetel\u00e9se.<br \/>\n    L\u00e1z\u00e1r J\u00e1nos Minisztereln\u00f6ks\u00e9get vezet\u0151 miniszter ism\u00e9t gyarap\u00edtja ingatlanvagyon\u00e1t: folyamatban van egy 6 hekt\u00e1ros erd\u0151 megv\u00e1s\u00e1rl\u00e1sa, ahogy egy m\u00e1sik 16 hekt\u00e1ros ter\u00fclet\u00e9 is, amelyet sz\u00e1nt\u00f3k\u00e9nt, erd\u0151k\u00e9nt \u00e9s legel\u0151k\u00e9nt t\u00fcntet fel. Tov\u00e1bbra is feler\u00e9szben tulajdonolja h\u00f3dmez\u0151v\u00e1s\u00e1rhelyi h\u00e1z\u00e1t, \u00e9s megvan a 11 sz\u00e1nt\u00f3ja, kett\u0151nek pedig haszon\u00e9lvez\u0151je, ahogy k\u00e9t erd\u0151nek, egy legel\u0151nek, egy t\u00f6lt\u00e9snek \u00e9s egy m\u0171vel\u00e9s al\u00f3l kivett mocs\u00e1rnak is.<br \/>\n    L\u00e1z\u00e1r J\u00e1nos a k\u00f6tv\u00e9nyei \u00e9rt\u00e9k\u00e9t 42 milli\u00f3 forintra n\u00f6velte az egy \u00e9vvel kor\u00e1bbi 34 milli\u00f3 forintr\u00f3l, \u00e9letbiztos\u00edt\u00e1sa tov\u00e1bbra is 6,8 milli\u00f3 forintot, t\u00f6rzsr\u00e9szv\u00e9nyei pedig 6 milli\u00f3 forintot \u00e9rnek. Megmaradt 45 milli\u00f3 forintos banki hitele, ahogy mag\u00e1nszem\u00e9lyekkel szembeni tartoz\u00e1sa is 36 milli\u00f3, az egy \u00e9vvel kor\u00e1bbihoz hasonl\u00f3an.<br \/>\n    F\u00f6ldb\u00e9rleti d\u00edjb\u00f3l, el\u0151legb\u0151l \u00e9s osztal\u00e9kb\u00f3l brutt\u00f3 8 milli\u00f3 forintos bev\u00e9tele sz\u00e1rmazott tavaly.<br \/>\n    Szijj\u00e1rt\u00f3 P\u00e9ter k\u00fclgazdas\u00e1gi \u00e9s k\u00fcl\u00fcgyminiszter m\u00e1r csak egy dunakeszi h\u00e1zzal rendelkezik, a 334 n\u00e9gyzetm\u00e9teres lak\u00f3ter\u0171 ingatlan\u00e1val, m\u00edg a kor\u00e1bban szerepeltetett 140 n\u00e9gyzetm\u00e9teres t\u00e1rsash\u00e1zi lak\u00e1s id\u00e9n m\u00e1r nincs a nyilatkozat\u00e1ban. Megtartotta ugyanakkor tulajdonr\u00e9sz\u00e9t h\u00e1rom balatonedericsi \u00e9s egy gy\u0151ri ingatlanban.<br \/>\n    A k\u00fclgazdas\u00e1gi \u00e9s k\u00fcl\u00fcgyminiszter \u00e9rt\u00e9kpap\u00edrban sz\u0171k 630 ezer forintot tart, mintegy hatszor annyit, mint egy \u00e9ve, biztos\u00edt\u00e1si eszk\u00f6zalapban tartott p\u00e9nz\u00e9t viszont tov\u00e1bb cs\u00f6kkentette, a tavalyi 2,8 milli\u00f3r\u00f3l 421 ezer forintra.<br \/>\n    P\u00e9nzint\u00e9zeti sz\u00e1mlak\u00f6vetel\u00e9se n\u00e9mileg n\u0151tt 1,8 milli\u00f3 forintra, sz\u00fcleivel szemben pedig 45 milli\u00f3r\u00f3l 30 milli\u00f3 forintra cs\u00f6kkentette tartoz\u00e1s\u00e1t, a dunakeszi ingatlanelad\u00e1snak k\u00f6sz\u00f6nhet\u0151en.<br \/>\n    Varga Mih\u00e1ly nemzetgazdas\u00e1gi miniszter tov\u00e1bbra is r\u00e9sztulajdonos k\u00e9t II. ker\u00fcleti lak\u00f3h\u00e1zban, ahogy k\u00e9t karcagi telke is megmaradt. \u00c1llamk\u00f6tv\u00e9ny-vagyon\u00e1t viszont 3,1 milli\u00f3 forintra n\u00f6velte 800 ezerr\u0151l, 1,1 milli\u00f3 forint\u00e9rt pedig befektet\u00e9si jegyet v\u00e1s\u00e1rolt. K\u00e9szp\u00e9nzt nem t\u00fcntetett fel id\u00e9n a bevall\u00e1s\u00e1ban, holott tavaly m\u00e1sf\u00e9l milli\u00f3 forintr\u00f3l sz\u00e1molt be ezen a soron. Jelz\u00e1loghitel\u00e9t 6,77 milli\u00f3 forintra cs\u00f6kkentette 7 milli\u00f3r\u00f3l.<br \/>\n    A fejleszt\u00e9si miniszt\u00e9riumot vezet\u0151 Seszt\u00e1k Mikl\u00f3s megtartotta h\u00e1rom kisv\u00e1rdai ingatlan\u00e1t, amelyek mellett birtokol m\u00e9g egy budapesti, XIII. ker\u00fcleti lak\u00e1st, m\u00edg egy tov\u00e1bbinak feler\u00e9szben haszon\u00e9lvez\u0151je.<br \/>\n    A t\u00e1rcavezet\u0151 19 milli\u00f3 forintnyi k\u00e9szp\u00e9nzvagyont t\u00fcntetett fel a bevall\u00e1sban &#8211; tavaly ennek \u00e9rt\u00e9ke 20 milli\u00f3 volt -, p\u00e9nzint\u00e9zeti sz\u00e1mlak\u00f6vetel\u00e9se viszont mintegy 32 milli\u00f3 forinttal 213 milli\u00f3 forintra emelkedett. Az egy\u00e9b p\u00e9nzk\u00f6vetel\u00e9se &#8211; 3 milli\u00f3val &#8211; 3 milli\u00f3 forintra cs\u00f6kkent.<br \/>\n    A miniszter tov\u00e1bb cs\u00f6kkentette a mag\u00e1nszem\u00e9lyek fel\u00e9 fenn\u00e1ll\u00f3 tartoz\u00e1s\u00e1t, 3 milli\u00f3 forintra.<br \/>\n    A t\u00e1rcavezet\u0151nek \u00fcgyv\u00e9di tev\u00e9kenys\u00e9gb\u0151l, illetve \u00fcgyv\u00e9di irodai osztal\u00e9kb\u00f3l tavaly \u00f6sszesen csaknem 36 milli\u00f3 forint bev\u00e9tele volt.<br \/>\n    Balog Zolt\u00e1nnak, az emberi er\u0151forr\u00e1sok miniszter\u00e9nek ingatlanvagyont\u00e1rgyai k\u00f6z\u00f6tt tov\u00e1bbra is szerepel egy XIII. ker\u00fcleti lak\u00e1s, de a h\u00e1rom b\u00fckkszentkereszti ingatlana mell\u00e9 2015-ben v\u00e1s\u00e1rolt m\u00e9g egy be\u00e9p\u00edtetlen ter\u00fcletet a telep\u00fcl\u00e9sen. Cs\u00f6kkent ugyanakkor a miniszter megtakar\u00edt\u00e1sa mind forintban, mind eur\u00f3ban. El\u0151bbi 4,4 milli\u00f3 forint, szemben a kor\u00e1bbi 10 milli\u00f3val, m\u00edg eur\u00f3ban l\u00e9v\u0151 p\u00e9nze 30 ezerrel cs\u00f6kkent, 21 ezerre.<br \/>\n    Fazekas S\u00e1ndor f\u00f6ldm\u0171vel\u00e9s\u00fcgyi miniszter ingatlanvagyona nem v\u00e1ltozott, ahogy megtartotta Toyota Coroll\u00e1j\u00e1t is. Tov\u00e1bbra is Karcagon birtokol egy csal\u00e1di h\u00e1zat \u00e9s sz\u00e1nt\u00f3kat, a budapesti IX. ker\u00fcletben pedig egy lak\u00e1st. Takar\u00e9kbet\u00e9tben 1 milli\u00f3 forintot tart a miniszter, m\u00edg tavaly 2,3 milli\u00f3 forintot.<br \/>\n    Simicsk\u00f3 Istv\u00e1n honv\u00e9delmi miniszter egy\u00e1ltal\u00e1n nem t\u00fcntetett fel ingatlanvagyont a nyilatkozat\u00e1ban, m\u00edg egy \u00e9ve szerepeltett abban egy si\u00f3foki garzonlak\u00e1st. Van viszont egy Ford Focusa, \u00e9s megtartotta 19,5 milli\u00f3 forintot \u00e9r\u0151 kincst\u00e1rjegy\u00e9t. Magyar \u00e1llamk\u00f6tv\u00e9nybe 13,5 milli\u00f3 forintot fektetett, OTP Pr\u00e9mium p\u00e9nzpiaci befektet\u00e9sbe pedig 20 milli\u00f3 forintot. Takar\u00e9kbet\u00e9tben elhelyezett megtakar\u00edt\u00e1s\u00e1t jelent\u0151sen cs\u00f6kkentette: 25 milli\u00f3r\u00f3l 7 milli\u00f3 forintra.<br \/>\n    A miniszter oktat\u00f3i tev\u00e9kenys\u00e9g\u00e9\u00e9rt 160 ezer forintot kapott.<br \/>\n    A Minisztereln\u00f6ki Kabinetiroda \u00e9l\u00e9n \u00e1ll\u00f3 Rog\u00e1n Antal vagyonnyilatkozat\u00e1ban tov\u00e1bbra is szerepel II. ker\u00fcleti lak\u00e1sa, ahogyan egy 40 n\u00e9gyzetm\u00e9ter k\u00f6r\u00fcli teremgar\u00e1zs \u00e9s t\u00e1rol\u00f3 is. Megtartotta balatonlellei \u00fcd\u00fcl\u0151j\u00e9t, valamint szakonyfalui erd\u0151j\u00e9t \u00e9s egy\u00e9b itt \u00f6r\u00f6k\u00f6lt ingatlanjait. A politikusn\u00e1l tart\u00f3s b\u00e9rletben van egy A3-as Audi.<br \/>\n    H\u00e1rommilli\u00f3 forinttal cs\u00f6kkent Rog\u00e1n Antal takar\u00e9kbet\u00e9t-\u00e1llom\u00e1nya, ami most mintegy f\u00e9lmilli\u00f3t tesz ki. Kevesebb lett, b\u0151 egymilli\u00f3 forinttal a banki tartoz\u00e1sa, ami \u00edgy sz\u0171k 29 milli\u00f3 forintnyi. Mag\u00e1nszem\u00e9lyeknek a tavalyin\u00e1l n\u00e9mileg kevesebbel, 15,2 milli\u00f3 forinttal tartozik.<br \/>\n    A parlamenti k\u00e9pvisel\u0151i mand\u00e1tummal nem rendelkez\u0151 k\u00e9t miniszter, Pint\u00e9r S\u00e1ndor bel\u00fcgy- \u00e9s Tr\u00f3cs\u00e1nyi L\u00e1szl\u00f3 igazs\u00e1g\u00fcgyi miniszter m\u00e9g nem friss\u00edtette vagyonnyilatkozat\u00e1t a korm\u00e1ny honlapj\u00e1n.<br \/>\n    Az orsz\u00e1ggy\u0171l\u00e9si t\u00f6rv\u00e9ny szerint a k\u00e9pvisel\u0151knek a megb\u00edzat\u00e1sukat k\u00f6vet\u0151 harminc napon bel\u00fcl, majd azut\u00e1n minden \u00e9vben janu\u00e1r 31-ig kell vagyonnyilatkozatot tenni\u00fck.(MTI)<\/p>\n","protected":false},"excerpt":{"rendered":"<p>Ism\u00e9t gyarap\u00edtja ingatlanvagyon\u00e1t 2015-\u00f6s vagyonnyilatkozata szerint &#8211; melynek lead\u00e1si hat\u00e1rideje 2016. janu\u00e1r 31. volt &#8211; L\u00e1z\u00e1r J\u00e1nos Minisztereln\u00f6ks\u00e9get vezet\u0151 miniszter, m\u00edg Szijj\u00e1rt\u00f3 P\u00e9ter k\u00fclgazdas\u00e1gi \u00e9s k\u00fcl\u00fcgyminiszter eladta egyik dunakeszi h\u00e1z\u00e1t, amelyb\u0151l cs\u00f6kkentette sz\u00fclei fel\u00e9 fenn\u00e1ll\u00f3 tartoz\u00e1s\u00e1t. Simicsk\u00f3 Istv\u00e1n honv\u00e9delmi miniszter szint\u00e9n \u00e9rt\u00e9kes\u00edtett egy lak\u00e1st, de n\u00f6velte \u00e9rt\u00e9kpap\u00edrjainak mennyis\u00e9g\u00e9t.<\/p>\n","protected":false},"author":1,"featured_media":0,"comment_status":"open","ping_status":"closed","sticky":false,"template":"","format":"standard","meta":[],"categories":[4,18],"tags":[],"_links":{"self":[{"href":"https:\/\/gazdasagportal.hu\/index.php\/wp-json\/wp\/v2\/posts\/74056"}],"collection":[{"href":"https:\/\/gazdasagportal.hu\/index.php\/wp-json\/wp\/v2\/posts"}],"about":[{"href":"https:\/\/gazdasagportal.hu\/index.php\/wp-json\/wp\/v2\/types\/post"}],"author":[{"embeddable":true,"href":"https:\/\/gazdasagportal.hu\/index.php\/wp-json\/wp\/v2\/users\/1"}],"replies":[{"embeddable":true,"href":"https:\/\/gazdasagportal.hu\/index.php\/wp-json\/wp\/v2\/comments?post=74056"}],"version-history":[{"count":1,"href":"https:\/\/gazdasagportal.hu\/index.php\/wp-json\/wp\/v2\/posts\/74056\/revisions"}],"predecessor-version":[{"id":74057,"href":"https:\/\/gazdasagportal.hu\/index.php\/wp-json\/wp\/v2\/posts\/74056\/revisions\/74057"}],"wp:attachment":[{"href":"https:\/\/gazdasagportal.hu\/index.php\/wp-json\/wp\/v2\/media?parent=74056"}],"wp:term":[{"taxonomy":"category","embeddable":true,"href":"https:\/\/gazdasagportal.hu\/index.php\/wp-json\/wp\/v2\/categories?post=74056"},{"taxonomy":"post_tag","embeddable":true,"href":"https:\/\/gazdasagportal.hu\/index.php\/wp-json\/wp\/v2\/tags?post=74056"}],"curies":[{"name":"wp","href":"https:\/\/api.w.org\/{rel}","templated":true}]}}