{"id":74054,"date":"2016-02-01T06:50:30","date_gmt":"2016-02-01T05:50:30","guid":{"rendered":"http:\/\/gazdasagportal.hu\/?p=74054"},"modified":"2016-02-01T06:50:30","modified_gmt":"2016-02-01T05:50:30","slug":"mar-buntethetik-azokat-az-autosokat-akik-tavalyi-matricaval-hajtanak-fel-az-autopalyara","status":"publish","type":"post","link":"https:\/\/gazdasagportal.hu\/index.php\/mar-buntethetik-azokat-az-autosokat-akik-tavalyi-matricaval-hajtanak-fel-az-autopalyara\/","title":{"rendered":"M\u00e1r b\u00fcntethetik azokat az aut\u00f3sokat, akik tavalyi matric\u00e1val hajtanak fel az aut\u00f3p\u00e1ly\u00e1ra"},"content":{"rendered":"<p><strong>H\u00e9tf\u0151 nulla \u00f3r\u00e1t\u00f3l m\u00e1r j\u00f3 es\u00e9ly\u00fck van az aut\u00f3soknak arra, hogy megb\u00fcntetik \u0151ket, ha fizet\u0151s \u00fatszakaszokra t\u00e9vednek an\u00e9lk\u00fcl, hogy megvett\u00e9k volna a 2016-ra \u00e9rv\u00e9nyes \u00faj aut\u00f3p\u00e1lya-matric\u00e1jukat. A tavaly megv\u00e1ltott \u00e9ves b\u00e9rletek ugyanis id\u00e9n janu\u00e1r 31. \u00e9jf\u00e9lig voltak \u00e9rv\u00e9nyesek.<br \/>\n<\/strong><!--more--><\/p>\n<div class=\"ads-in-post1\"><div id=\"gazdasagportal.hu_fullbanner_wideboard\"><\/div>\r\n<\/div>\n    Sokan vett\u00e9k a b\u00e9rleteket az utols\u00f3 napokban is, az egyik benzink\u00fatn\u00e1l f\u00e9l nap alatt t\u00f6bb mint 100 fogyott el, f\u0151leg a Pest megyeit vitt\u00e9k, de az eg\u00e9sz orsz\u00e1gra \u00e9rv\u00e9nyes \u00e9ves b\u00e9rlet is keresett volt &#8211; der\u00fclt ki az M1 aktu\u00e1lis csatorna vas\u00e1rnap esti \u00f6ssze\u00e1ll\u00edt\u00e1s\u00e1b\u00f3l.<br \/>\n    Az \u00e1rak \u00e9s a d\u00edjkateg\u00f3ri\u00e1k nem v\u00e1ltoztak. Tov\u00e1bbra is heti, havi, \u00e9ves \u00e9s a szint\u00e9n egy \u00e9vig \u00e9rv\u00e9nyes megyei matrica k\u00f6z\u00fcl lehet v\u00e1lasztani.<br \/>\n    T\u00f6bbsz\u00e1zezer \u00faj felhaszn\u00e1l\u00f3 jelent meg a megyei matric\u00e1k tavalyi bevezet\u00e9se \u00f3ta, mert azokat is az aut\u00f3p\u00e1ly\u00e1k, aut\u00f3utak haszn\u00e1lat\u00e1ra \u00f6szt\u00f6n\u00f6zte, akik kor\u00e1bban esetleg als\u00f3bbrend\u0171 utakon j\u00e1rtak. Tavaly \u00f6sszesen 1,3 milli\u00f3 megyei matrica fogyott &#8211; mondta Kib\u00e9di-Varga Lajos, a Nemzeti \u00datd\u00edjfizet\u00e9si Szolg\u00e1ltat\u00f3 Zrt. (N\u00daSZ) sz\u00f3viv\u0151je.<br \/>\n    Csaknem 10 milli\u00e1rd forinttal n\u0151tt 2015-ben az aut\u00f3p\u00e1lya-matric\u00e1kb\u00f3l sz\u00e1rmaz\u00f3 bev\u00e9tel, \u00e9s 2016-ban is n\u00f6vekv\u0151 keresletre sz\u00e1m\u00edtanak. Csak id\u00e9n janu\u00e1rban f\u00e9lmilli\u00f3 matric\u00e1t vettek az aut\u00f3sok, ami a tavaly eg\u00e9sz \u00e9vben eladott mennyis\u00e9g mintegy fele.<br \/>\n    Az e-matric\u00e1t tov\u00e1bbra is minden esetben el\u0151re, a p\u00e1ly\u00e1ra felhajt\u00e1s el\u0151tt kell megv\u00e1ltani &#8211; figyelmeztetett az \u00fczemeltet\u0151. Elhangzott: legegyszer\u0171bben a benzinkutakon vagy az \u00fatd\u00edjfizet\u00e9si szolg\u00e1ltat\u00f3 honlapj\u00e1n lehet megvenni a matric\u00e1t.<br \/>\n    Janu\u00e1rt\u00f3l k\u00e9t \u00fajabb szakaszon kell fizetni: Szegedn\u00e9l az M43-ason, tov\u00e1bb\u00e1 a Gy\u0151rt Csorn\u00e1val \u00f6sszek\u00f6t\u0151 M85-\u00f6s gyorsforgalmi \u00faton.(MTI)<\/p>\n","protected":false},"excerpt":{"rendered":"<p>H\u00e9tf\u0151 nulla \u00f3r\u00e1t\u00f3l m\u00e1r j\u00f3 es\u00e9ly\u00fck van az aut\u00f3soknak arra, hogy megb\u00fcntetik \u0151ket, ha fizet\u0151s \u00fatszakaszokra t\u00e9vednek an\u00e9lk\u00fcl, hogy megvett\u00e9k volna a 2016-ra \u00e9rv\u00e9nyes \u00faj aut\u00f3p\u00e1lya-matric\u00e1jukat. A tavaly megv\u00e1ltott \u00e9ves b\u00e9rletek ugyanis id\u00e9n janu\u00e1r 31. \u00e9jf\u00e9lig voltak \u00e9rv\u00e9nyesek.<\/p>\n","protected":false},"author":1,"featured_media":0,"comment_status":"open","ping_status":"closed","sticky":false,"template":"","format":"standard","meta":[],"categories":[4,151],"tags":[],"_links":{"self":[{"href":"https:\/\/gazdasagportal.hu\/index.php\/wp-json\/wp\/v2\/posts\/74054"}],"collection":[{"href":"https:\/\/gazdasagportal.hu\/index.php\/wp-json\/wp\/v2\/posts"}],"about":[{"href":"https:\/\/gazdasagportal.hu\/index.php\/wp-json\/wp\/v2\/types\/post"}],"author":[{"embeddable":true,"href":"https:\/\/gazdasagportal.hu\/index.php\/wp-json\/wp\/v2\/users\/1"}],"replies":[{"embeddable":true,"href":"https:\/\/gazdasagportal.hu\/index.php\/wp-json\/wp\/v2\/comments?post=74054"}],"version-history":[{"count":1,"href":"https:\/\/gazdasagportal.hu\/index.php\/wp-json\/wp\/v2\/posts\/74054\/revisions"}],"predecessor-version":[{"id":74055,"href":"https:\/\/gazdasagportal.hu\/index.php\/wp-json\/wp\/v2\/posts\/74054\/revisions\/74055"}],"wp:attachment":[{"href":"https:\/\/gazdasagportal.hu\/index.php\/wp-json\/wp\/v2\/media?parent=74054"}],"wp:term":[{"taxonomy":"category","embeddable":true,"href":"https:\/\/gazdasagportal.hu\/index.php\/wp-json\/wp\/v2\/categories?post=74054"},{"taxonomy":"post_tag","embeddable":true,"href":"https:\/\/gazdasagportal.hu\/index.php\/wp-json\/wp\/v2\/tags?post=74054"}],"curies":[{"name":"wp","href":"https:\/\/api.w.org\/{rel}","templated":true}]}}