{"id":74047,"date":"2016-02-01T04:48:13","date_gmt":"2016-02-01T03:48:13","guid":{"rendered":"http:\/\/gazdasagportal.hu\/?p=74047"},"modified":"2016-01-31T20:05:07","modified_gmt":"2016-01-31T19:05:07","slug":"nemet-partvezeto-szukseg-eseten-fegyverrel-kell-megakadalyozni-az-illegalis-hataratlepest","status":"publish","type":"post","link":"https:\/\/gazdasagportal.hu\/index.php\/nemet-partvezeto-szukseg-eseten-fegyverrel-kell-megakadalyozni-az-illegalis-hataratlepest\/","title":{"rendered":"N\u00e9met p\u00e1rtvezet\u0151: sz\u00fcks\u00e9g eset\u00e9n fegyverrel kell megakad\u00e1lyozni az illeg\u00e1lis hat\u00e1r\u00e1tl\u00e9p\u00e9st"},"content":{"rendered":"<p><strong>A n\u00e9met rend\u0151r\u00f6knek sz\u00fcks\u00e9g eset\u00e9n fegyverrel kell megakad\u00e1lyozniuk az illeg\u00e1lis hat\u00e1r\u00e1tl\u00e9p\u00e9st &#8211; mondta egy h\u00e9tv\u00e9gi lapinterj\u00faban a legnagyobb parlamenten (Bundestag-) k\u00edv\u00fcli n\u00e9met p\u00e1rt, az Alternat\u00edva N\u00e9metorsz\u00e1gnak (AfD) vezet\u0151je, akit ez\u00e9rt \u00e9lesen b\u00edr\u00e1lt a rend\u0151rs\u00e9g legnagyobb \u00e9rdekv\u00e9delmi szervezete \u00e9s a Bundestag t\u00f6bb p\u00e1rtja.<\/strong><!--more--><\/p>\n<div class=\"ads-in-post1\"><div id=\"gazdasagportal.hu_fullbanner_wideboard\"><\/div>\r\n<\/div>\n<p>    Frauke Petry a Mannheimer Morgen c\u00edm\u0171 lap h\u00e9tv\u00e9gi sz\u00e1m\u00e1ban k\u00f6z\u00f6lt interj\u00faban kifejtette, hogy helyre kell \u00e1ll\u00edtani a rendet \u00e9s a jog uralm\u00e1t a hat\u00e1ron, \u00e9s ehhez &#8222;sz\u00fcks\u00e9g eset\u00e9n&#8221; ak\u00e1r m\u0171szaki akad\u00e1lyokat, &#8222;hat\u00e1rbiztos\u00edt\u00e1si l\u00e9tes\u00edtm\u00e9nyeket&#8221; is telep\u00edteni kell.<br \/>\n    Arra a k\u00e9rd\u00e9sre, mit kellene tennie a hat\u00e1r\u0151rizet\u00e9rt felel\u0151s sz\u00f6vets\u00e9gi rend\u0151rs\u00e9g munkat\u00e1rsainak, ha egy menek\u00fclt megpr\u00f3b\u00e1l \u00e1tkelni ezeken az akad\u00e1lyokon, azt mondta, meg akad\u00e1lyozni, hogy a menek\u00fclt n\u00e9met ter\u00fcletre l\u00e9pjen. A k\u00e9rd\u00e9sre, hogy pontosan mik\u00e9nt kellene reag\u00e1lnia a rend\u0151r\u00f6knek egy ilyen helyzetre, elmondta, hogy meg kell akad\u00e1lyozni &#8222;az illeg\u00e1lis hat\u00e1r\u00e1tl\u00e9p\u00e9st, sz\u00fcks\u00e9g eset\u00e9n l\u0151fegyver haszn\u00e1lat\u00e1val&#8221;.<br \/>\n    Hozz\u00e1tette, hogy &#8222;ez \u00e1ll a t\u00f6rv\u00e9nyben&#8221;.<br \/>\n    &#8222;Nem haszn\u00e1ltam a t\u0171zparancs kifejez\u00e9st&#8221;, \u00e9s egy rend\u0151r sem akar t\u00fczet nyitni egy menek\u00fcltre &#8211; hangs\u00falyozta a jobboldali p\u00e1rt vezet\u0151je.<br \/>\n    &#8222;Ezt \u00e9n sem akarom&#8221;, de a v\u00e9gs\u0151 megold\u00e1snak r\u00e9sze a fegyverhaszn\u00e1lat. A l\u00e9nyeg az, hogy ne fajuljon el id\u00e1ig a helyzet, hanem egy Ausztri\u00e1val k\u00f6tend\u0151 meg\u00e1llapod\u00e1s \u00e9s az uni\u00f3s k\u00fcls\u0151 hat\u00e1rok ellen\u0151rz\u00e9se r\u00e9v\u00e9n &#8222;lef\u00e9kezz\u00fck a menek\u00fclt\u00e1radatot&#8221; &#8211; mondta a sz\u00e1mos politikai elemz\u0151 \u00e1ltal jobboldali populistak\u00e9nt jellemzett AfD vezet\u0151je.<br \/>\n    A rend\u0151rs\u00e9g legnagyobb \u00e9rdekv\u00e9delmi szervezete, a Rend\u0151rs\u00e9g Szakszervezete (GdP) szerint a jogszab\u00e1lyok nem t\u00e1masztj\u00e1k al\u00e1 a politikus \u00e1ll\u00edt\u00e1s\u00e1t. A rend\u0151rs\u00e9g m\u0171k\u00f6d\u00e9s\u00e9t szab\u00e1lyoz\u00f3 t\u00f6rv\u00e9nyekben &#8222;nincs olyan jogi norma, amely szerint l\u0151fegyver haszn\u00e1lat\u00e1val kell megakad\u00e1lyozni menek\u00fcltek \u00e1tkel\u00e9s\u00e9t a hat\u00e1ron&#8221; &#8211; nyilatkozott J\u00f6rg Radek, a GdP eln\u00f6khelyettese.<br \/>\n    Hozz\u00e1tette, hogy aki &#8222;ennyire radik\u00e1lis elj\u00e1r\u00e1st javasol&#8221;, az &#8222;nyilv\u00e1nval\u00f3n a jog\u00e1llam ki\u00fcres\u00edt\u00e9s\u00e9re&#8221; t\u00f6rekszik, \u00e9s arra, hogy a rend\u0151rs\u00e9get felhaszn\u00e1lja politikai c\u00e9ljaira.<br \/>\n    Megjegyezte, hogy &#8222;ilyesmi volt m\u00e1r egyszer a n\u00e9met t\u00f6rt\u00e9nelemben&#8221;, \u00e9s &#8222;azt akarjuk, hogy soha t\u00f6bb\u00e9 ne legyen&#8221;.<br \/>\n    A CDU\/CSU jobboldali p\u00e1rtsz\u00f6vets\u00e9ggel korm\u00e1nyz\u00f3 szoci\u00e1ldemokrata p\u00e1rt (SPD) Bundestag-frakci\u00f3j\u00e1nak vezet\u0151je, Thomas Oppermann \u00fagy v\u00e9lte, hogy az AfD vezet\u0151je hangulatot akar kelteni a menek\u00fcltek ellen, \u00e9s az egykori NDK ter\u00fclet\u00e9n fekv\u0151 Drezd\u00e1b\u00f3l sz\u00e1rmaz\u00f3 politikus kijelent\u00e9se az NDK-s p\u00e1rt\u00e1llami id\u0151ket id\u00e9zi. Frauke Petry felvet\u00e9se a keletn\u00e9met hat\u00e1r\u0151rs\u00e9gnek kiadott &#8222;t\u0171zparancsra eml\u00e9keztet&#8221;, \u00e9s Erich Honecker n\u00e9hai keletn\u00e9met p\u00e1rtvezet\u0151 volt &#8222;az utols\u00f3 n\u00e9met politikus, aki l\u00f6vetett menek\u00fcltekre&#8221; &#8211; mondta Thomas Oppermann.<br \/>\n    Az SPD eln\u00f6ke, Sigmar Gabriel alkancell\u00e1r egy vas\u00e1rnapi nyilatkozat\u00e1ban hangot adott annak a k\u00e9ts\u00e9g\u00e9nek, hogy az AfD elfogadja-e a szabad \u00e9s demokratikus n\u00e9met berendezked\u00e9st, \u00e9s \u00fagy v\u00e9lte, hogy az alkotm\u00e1nyv\u00e9delmi hat\u00f3s\u00e1gnak megfigyel\u00e9s al\u00e1 kellene vennie a p\u00e1rtot.<br \/>\n    Hasonl\u00f3an nyilatkozott az ellenz\u00e9ki Z\u00f6ldek vezet\u0151 bel\u00fcgyi szakpolitikusa, Volker Beck is, aki szerint Frauke Petry felvet\u00e9se azt jelzi, hogy az AfD &#8222;hadil\u00e1bon \u00e1ll a jog\u00e1llammal&#8221; \u00e9s &#8222;igaz\u00e1n vesz\u00e9lyes&#8221;.<br \/>\n     Beatrix von Storch, az AfD egyik helyettes vezet\u0151je \u00e9s eur\u00f3pai parlamenti (EP-) k\u00e9pvisel\u0151je egy k\u00f6z\u00f6ss\u00e9gi port\u00e1lon \u00edrt bejegyz\u00e9s\u00e9ben felkarolta Frauke Petry elk\u00e9pzel\u00e9s\u00e9t \u00e9s hangs\u00falyozta: &#8222;t\u00e1mad\u00f3&#8221; mindenki, aki nem hajland\u00f3 meg\u00e1llni a hat\u00e1ron, a &#8222;t\u00e1mad\u00f3k ellen pedig v\u00e9dekezni kell&#8221;.<br \/>\n    Hozz\u00e1tette: Ausztria biztons\u00e1gos orsz\u00e1g, ez\u00e9rt nincs ok arra, hogy b\u00e1rki is &#8222;er\u0151szakos m\u00f3don keljen \u00e1t hat\u00e1runkon&#8221;.<br \/>\n    A bejegyz\u00e9shez f\u0171z\u00f6tt megjegyz\u00e9sek egyik\u00e9ben az \u00e1ll: &#8222;vajon fegyveres er\u0151szakkal akarj\u00e1tok megakad\u00e1lyozni gyerekes n\u0151k bel\u00e9p\u00e9s\u00e9t a z\u00f6ldhat\u00e1ron?&#8221;.<br \/>\n    &#8222;Igen&#8221; &#8211; v\u00e1laszolta a megjegyz\u00e9sre az EP-k\u00e9pvisel\u0151. K\u00e9s\u0151bb &#8211; vas\u00e1rnap d\u00e9lut\u00e1n &#8211; \u00fajabb bejegyz\u00e9st \u00edrt, amelyben &#8222;tiszt\u00e1z\u00e1sk\u00e9nt&#8221; kifejtette, hogy &#8222;alapvet\u0151en&#8221; ellenzi a gyermekek elleni er\u0151szakot, \u00e9s \u00fagy v\u00e9li, az &#8222;er\u0151szak a legeslegutols\u00f3 eszk\u00f6z&#8221;.<br \/>\n    A 2013-ban alap\u00edtott AfD orsz\u00e1gos v\u00e1laszt\u00f3i t\u00e1mogatotts\u00e1ga a legut\u00f3bbi, janu\u00e1r v\u00e9g\u00e9n k\u00e9sz\u00fclt m\u00e9r\u00e9sek szerint 10 \u00e9s 13 sz\u00e1zal\u00e9k k\u00f6z\u00f6tt van. A p\u00e1rt a 2013-ban tartott Bundestag-v\u00e1laszt\u00e1son nem \u00e9rte el az 5 sz\u00e1zal\u00e9kos bejut\u00e1si k\u00fcsz\u00f6b\u00f6t, a szavazatok 4,7 sz\u00e1zal\u00e9k\u00e1t szerezte meg.(MTI)<\/p>\n","protected":false},"excerpt":{"rendered":"<p>A n\u00e9met rend\u0151r\u00f6knek sz\u00fcks\u00e9g eset\u00e9n fegyverrel kell megakad\u00e1lyozniuk az illeg\u00e1lis hat\u00e1r\u00e1tl\u00e9p\u00e9st &#8211; mondta egy h\u00e9tv\u00e9gi lapinterj\u00faban a legnagyobb parlamenten (Bundestag-) k\u00edv\u00fcli n\u00e9met p\u00e1rt, az Alternat\u00edva N\u00e9metorsz\u00e1gnak (AfD) vezet\u0151je, akit ez\u00e9rt \u00e9lesen b\u00edr\u00e1lt a rend\u0151rs\u00e9g legnagyobb \u00e9rdekv\u00e9delmi szervezete \u00e9s a Bundestag t\u00f6bb p\u00e1rtja.<\/p>\n","protected":false},"author":1,"featured_media":0,"comment_status":"open","ping_status":"closed","sticky":false,"template":"","format":"standard","meta":[],"categories":[12],"tags":[],"_links":{"self":[{"href":"https:\/\/gazdasagportal.hu\/index.php\/wp-json\/wp\/v2\/posts\/74047"}],"collection":[{"href":"https:\/\/gazdasagportal.hu\/index.php\/wp-json\/wp\/v2\/posts"}],"about":[{"href":"https:\/\/gazdasagportal.hu\/index.php\/wp-json\/wp\/v2\/types\/post"}],"author":[{"embeddable":true,"href":"https:\/\/gazdasagportal.hu\/index.php\/wp-json\/wp\/v2\/users\/1"}],"replies":[{"embeddable":true,"href":"https:\/\/gazdasagportal.hu\/index.php\/wp-json\/wp\/v2\/comments?post=74047"}],"version-history":[{"count":1,"href":"https:\/\/gazdasagportal.hu\/index.php\/wp-json\/wp\/v2\/posts\/74047\/revisions"}],"predecessor-version":[{"id":74048,"href":"https:\/\/gazdasagportal.hu\/index.php\/wp-json\/wp\/v2\/posts\/74047\/revisions\/74048"}],"wp:attachment":[{"href":"https:\/\/gazdasagportal.hu\/index.php\/wp-json\/wp\/v2\/media?parent=74047"}],"wp:term":[{"taxonomy":"category","embeddable":true,"href":"https:\/\/gazdasagportal.hu\/index.php\/wp-json\/wp\/v2\/categories?post=74047"},{"taxonomy":"post_tag","embeddable":true,"href":"https:\/\/gazdasagportal.hu\/index.php\/wp-json\/wp\/v2\/tags?post=74047"}],"curies":[{"name":"wp","href":"https:\/\/api.w.org\/{rel}","templated":true}]}}