{"id":74034,"date":"2016-01-31T16:08:00","date_gmt":"2016-01-31T15:08:00","guid":{"rendered":"http:\/\/gazdasagportal.hu\/?p=74034"},"modified":"2016-01-31T13:10:06","modified_gmt":"2016-01-31T12:10:06","slug":"harom-izraeli-megsebesult-a-palesztin-merenylot-agyonlottek-ciszjordaniaban","status":"publish","type":"post","link":"https:\/\/gazdasagportal.hu\/index.php\/harom-izraeli-megsebesult-a-palesztin-merenylot-agyonlottek-ciszjordaniaban\/","title":{"rendered":"H\u00e1rom izraeli megsebes\u00fclt, a palesztin mer\u00e9nyl\u0151t agyonl\u0151ttek Ciszjord\u00e1ni\u00e1ban"},"content":{"rendered":"<p><strong>H\u00e1rom izraelit l\u0151fegyver\u00e9vel megsebes\u00edtett egy palesztin mer\u00e9nyl\u0151 vas\u00e1rnap d\u00e9lel\u0151tt Ciszjord\u00e1ni\u00e1ban, a mer\u00e9nyl\u0151t\u00a0\u00a0a biztons\u00e1giak a helysz\u00ednen lel\u0151tt\u00e9k &#8211; jelentette a katonai r\u00e1di\u00f3.<\/strong><br \/>\n<strong><!--more--><\/strong><\/p>\n<p>\u00a0\u00a0\u00a0\u00a0Egy B\u00e9t El nev\u0171 ciszjord\u00e1niai telepes falu k\u00f6zel\u00e9ben l\u00e9v\u0151 \u00fatellen\u0151rz\u0151 pontn\u00e1l egy palesztin kisz\u00e1llt aut\u00f3j\u00e1b\u00f3l, majd pisztoly\u00e1val t\u00fczelni kezdett. L\u00f6v\u00e9sei megsebes\u00edtettek\u00a0\u00a0h\u00e1rom,\u00a0\u00a0h\u00fasz \u00e9v k\u00f6r\u00fcli izraelit,\u00a0\u00a0kett\u0151t k\u00f6z\u00fcl\u00fck s\u00falyos, egyet pedig k\u00f6nnyebb s\u00e9r\u00fcl\u00e9ssel sz\u00e1ll\u00edtott\u00e1k egy jeruzs\u00e1lemi k\u00f3rh\u00e1zba.<br \/>\n\u00a0\u00a0\u00a0\u00a0A helysz\u00ednen szolg\u00e1latot teljes\u00edt\u0151 katon\u00e1k t\u0171z al\u00e1 vett\u00e9k a palesztin t\u00e1mad\u00f3t, aki r\u00f6viddel k\u00e9s\u0151bb belehalt l\u0151tt sebeibe.<br \/>\n\u00a0\u00a0\u00a0\u00a0Izraelben \u00e9s a palesztin ter\u00fcleteken m\u00e1r negyedik h\u00f3napja szinte napi rendszeress\u00e9ggel ism\u00e9tl\u0151dnek a mer\u00e9nyletek, valamint az \u00f6sszet\u0171z\u00e9sek az izraeli rendfenntart\u00f3kkal.<br \/>\n\u00a0\u00a0\u00a0\u00a0Okt\u00f3ber elseje \u00f3ta 150 palesztin vesztette \u00e9let\u00e9t \u00e1ltal\u00e1ban az izraeli biztons\u00e1giakkal t\u00f6rt\u00e9n\u0151 \u00f6sszecsap\u00e1sokban, mintegy\u00a0\u00a0k\u00e9tharmaduk mer\u00e9nyletek elk\u00f6vet\u00e9se k\u00f6zben. Az er\u0151szakhull\u00e1mban a m\u00e1sik oldalon eddig huszonhat izraeli, egy amerikai turista \u00e9s egy eritreai menek\u00fclt halt meg.<br \/>\n\u00a0\u00a0\u00a0\u00a0A t\u00e1mad\u00e1sok kiv\u00e1lt\u00f3 oka a palesztin hivatalos \u00e9s k\u00f6z\u00f6ss\u00e9gi m\u00e9di\u00e1ban megjelent felt\u00e9telez\u00e9s volt, hogy az izraeli korm\u00e1ny megpr\u00f3b\u00e1lja megv\u00e1ltoztatni a l\u00e1togat\u00e1si rendet Jeruzs\u00e1lem \u00f3v\u00e1ros\u00e1ban a Mecsetek ter\u00e9n. Izrael szerint az er\u0151szakcselekm\u00e9nyeket palesztin vezet\u0151k nyilatkozatai is sz\u00edtj\u00e1k, m\u00edg palesztin forr\u00e1sok szerint a t\u00e1mad\u00e1sok h\u00e1tter\u00e9ben az elkeseredetts\u00e9g \u00e1ll, hogy elveszni l\u00e1tj\u00e1k a rem\u00e9nyt egy \u00f6n\u00e1ll\u00f3 palesztin \u00e1llam l\u00e9trej\u00f6tt\u00e9re.(mti)<br \/>\n\t\u00a0<\/p>\n","protected":false},"excerpt":{"rendered":"<p>H\u00e1rom izraelit l\u0151fegyver\u00e9vel megsebes\u00edtett egy palesztin mer\u00e9nyl\u0151 vas\u00e1rnap d\u00e9lel\u0151tt Ciszjord\u00e1ni\u00e1ban, a mer\u00e9nyl\u0151t\u00a0\u00a0a biztons\u00e1giak a helysz\u00ednen lel\u0151tt\u00e9k &#8211; jelentette a katonai r\u00e1di\u00f3.<\/p>\n","protected":false},"author":1,"featured_media":0,"comment_status":"open","ping_status":"closed","sticky":false,"template":"","format":"standard","meta":[],"categories":[16],"tags":[],"_links":{"self":[{"href":"https:\/\/gazdasagportal.hu\/index.php\/wp-json\/wp\/v2\/posts\/74034"}],"collection":[{"href":"https:\/\/gazdasagportal.hu\/index.php\/wp-json\/wp\/v2\/posts"}],"about":[{"href":"https:\/\/gazdasagportal.hu\/index.php\/wp-json\/wp\/v2\/types\/post"}],"author":[{"embeddable":true,"href":"https:\/\/gazdasagportal.hu\/index.php\/wp-json\/wp\/v2\/users\/1"}],"replies":[{"embeddable":true,"href":"https:\/\/gazdasagportal.hu\/index.php\/wp-json\/wp\/v2\/comments?post=74034"}],"version-history":[{"count":1,"href":"https:\/\/gazdasagportal.hu\/index.php\/wp-json\/wp\/v2\/posts\/74034\/revisions"}],"predecessor-version":[{"id":74035,"href":"https:\/\/gazdasagportal.hu\/index.php\/wp-json\/wp\/v2\/posts\/74034\/revisions\/74035"}],"wp:attachment":[{"href":"https:\/\/gazdasagportal.hu\/index.php\/wp-json\/wp\/v2\/media?parent=74034"}],"wp:term":[{"taxonomy":"category","embeddable":true,"href":"https:\/\/gazdasagportal.hu\/index.php\/wp-json\/wp\/v2\/categories?post=74034"},{"taxonomy":"post_tag","embeddable":true,"href":"https:\/\/gazdasagportal.hu\/index.php\/wp-json\/wp\/v2\/tags?post=74034"}],"curies":[{"name":"wp","href":"https:\/\/api.w.org\/{rel}","templated":true}]}}