{"id":74024,"date":"2016-01-31T15:01:52","date_gmt":"2016-01-31T14:01:52","guid":{"rendered":"http:\/\/gazdasagportal.hu\/?p=74024"},"modified":"2016-01-31T08:32:36","modified_gmt":"2016-01-31T07:32:36","slug":"cheney-volt-alelnok-lanya-indul-a-kongresszusi-valasztason","status":"publish","type":"post","link":"https:\/\/gazdasagportal.hu\/index.php\/cheney-volt-alelnok-lanya-indul-a-kongresszusi-valasztason\/","title":{"rendered":"Cheney volt aleln\u00f6k l\u00e1nya indul a kongresszusi v\u00e1laszt\u00e1son"},"content":{"rendered":"<p><strong>Liz Cheney &#8211; Richard Cheney egykori amerikai aleln\u00f6k id\u0151sebb l\u00e1nya &#8211; kongresszusi k\u00e9pvisel\u0151nek k\u00e9sz\u00fcl az Egyes\u00fclt \u00c1llamokban id\u00e9n tartand\u00f3 v\u00e1laszt\u00e1sokon. <\/strong><!--more--><\/p>\n<div class=\"ads-in-post1\"><div id=\"gazdasagportal.hu_fullbanner_wideboard\"><\/div>\r\n<\/div>\n<p>    A 49 esztend\u0151s Liz Cheneynek &#8211; akinek apja George W. Bush eln\u00f6k idej\u00e9n t\u00f6lt\u00f6tte be a magas tiszts\u00e9get &#8211; nem ez az els\u0151 pr\u00f3b\u00e1lkoz\u00e1sa a politika vil\u00e1g\u00e1ban. K\u00e9t \u00e9vvel ezel\u0151tt a szen\u00e1tusi v\u00e1laszt\u00e1son indult Wyoming \u00e1llam jel\u00f6ltjek\u00e9nt, de akkor kudarcot vallott: republik\u00e1nus p\u00e1rtt\u00e1rs\u00e1t, Mike Enzit nem siker\u00fclt legy\u0151znie; a helyi republik\u00e1nusok nem is t\u00e1mogatt\u00e1k \u0151t, mondv\u00e1n, hogy csak n\u00e9h\u00e1ny \u00e9vvel kor\u00e1bban k\u00f6lt\u00f6z\u00f6tt Wyomingba, ez\u00e9rt nem is tudn\u00e1 \u00e9rdemben k\u00e9pviselni Washingtonban ennek a sz\u00f6vets\u00e9gi \u00e1llamnak az \u00fcgyeit.<br \/>\n    Liz Cheney most is Wyomingban ny\u00fajtotta be a sz\u00f6vets\u00e9gi v\u00e1laszt\u00e1si bizotts\u00e1gnak a sz\u00fcks\u00e9ges dokumentumokat. Ez\u00fattal azonban a sz\u00f6vets\u00e9gi k\u00e9pvisel\u0151h\u00e1z tagja szeretne lenni, v\u00e1ltozatlanul a Republik\u00e1nus P\u00e1rt tagjak\u00e9nt. K\u00f6rnyezet\u00e9b\u0151l sz\u00e1rmaz\u00f3 h\u00edrek szerint h\u00e9tf\u0151n jelenti be indul\u00e1s\u00e1t az \u00e9szakkelet-wyomingi Gillette v\u00e1ros\u00e1ban, amely nagyon megszenvedte a sz\u00e9nb\u00e1ny\u00e1szat hanyatl\u00e1s\u00e1t. Cheney \u00e9ppen erre \u00e9p\u00edti a kamp\u00e1ny\u00e1t, m\u00e1r t\u00f6bbsz\u00f6r hangoztatta ugyanis, hogy Barack Obama eln\u00f6k a glob\u00e1lis kl\u00edmav\u00e1ltoz\u00e1ssal \u00f6sszef\u00fcgg\u0151 rendelkez\u00e9seivel &#8222;h\u00e1bor\u00fat visel a sz\u00e9nipar ellen&#8221;.<br \/>\n    Liz Cheney jog\u00e1sz, \u00f6t gyermeket nevel, s a Yellowstone Park melletti Jackson Hole-ban \u00e9l.(MTI)<\/p>\n","protected":false},"excerpt":{"rendered":"<p>Liz Cheney &#8211; Richard Cheney egykori amerikai aleln\u00f6k id\u0151sebb l\u00e1nya &#8211; kongresszusi k\u00e9pvisel\u0151nek k\u00e9sz\u00fcl az Egyes\u00fclt \u00c1llamokban id\u00e9n tartand\u00f3 v\u00e1laszt\u00e1sokon.<\/p>\n","protected":false},"author":1,"featured_media":0,"comment_status":"open","ping_status":"closed","sticky":false,"template":"","format":"standard","meta":[],"categories":[13],"tags":[],"_links":{"self":[{"href":"https:\/\/gazdasagportal.hu\/index.php\/wp-json\/wp\/v2\/posts\/74024"}],"collection":[{"href":"https:\/\/gazdasagportal.hu\/index.php\/wp-json\/wp\/v2\/posts"}],"about":[{"href":"https:\/\/gazdasagportal.hu\/index.php\/wp-json\/wp\/v2\/types\/post"}],"author":[{"embeddable":true,"href":"https:\/\/gazdasagportal.hu\/index.php\/wp-json\/wp\/v2\/users\/1"}],"replies":[{"embeddable":true,"href":"https:\/\/gazdasagportal.hu\/index.php\/wp-json\/wp\/v2\/comments?post=74024"}],"version-history":[{"count":1,"href":"https:\/\/gazdasagportal.hu\/index.php\/wp-json\/wp\/v2\/posts\/74024\/revisions"}],"predecessor-version":[{"id":74025,"href":"https:\/\/gazdasagportal.hu\/index.php\/wp-json\/wp\/v2\/posts\/74024\/revisions\/74025"}],"wp:attachment":[{"href":"https:\/\/gazdasagportal.hu\/index.php\/wp-json\/wp\/v2\/media?parent=74024"}],"wp:term":[{"taxonomy":"category","embeddable":true,"href":"https:\/\/gazdasagportal.hu\/index.php\/wp-json\/wp\/v2\/categories?post=74024"},{"taxonomy":"post_tag","embeddable":true,"href":"https:\/\/gazdasagportal.hu\/index.php\/wp-json\/wp\/v2\/tags?post=74024"}],"curies":[{"name":"wp","href":"https:\/\/api.w.org\/{rel}","templated":true}]}}