{"id":73952,"date":"2016-01-29T13:25:04","date_gmt":"2016-01-29T12:25:04","guid":{"rendered":"http:\/\/gazdasagportal.hu\/?p=73952"},"modified":"2016-01-29T13:25:04","modified_gmt":"2016-01-29T12:25:04","slug":"iszapomles-ugyeszseg-uzemeltetesi-hianyossagok-miatt-felelosseg-terheli-a-vadlottakat","status":"publish","type":"post","link":"https:\/\/gazdasagportal.hu\/index.php\/iszapomles-ugyeszseg-uzemeltetesi-hianyossagok-miatt-felelosseg-terheli-a-vadlottakat\/","title":{"rendered":"Iszap\u00f6ml\u00e9s &#8211; \u00dcgy\u00e9szs\u00e9g: \u00fczemeltet\u00e9si hi\u00e1nyoss\u00e1gok miatt felel\u0151ss\u00e9g terheli a v\u00e1dlottakat"},"content":{"rendered":"<p><strong>A v\u00e1dat k\u00e9pvisel\u0151 fellebviteli f\u0151\u00fcgy\u00e9szs\u00e9g \u00fcgy\u00e9sze szerint \u00fczemeltet\u00e9si \u00e9s bels\u0151ellen\u0151rz\u00e9si hi\u00e1nyoss\u00e1gok miatt b\u00fcntet\u0151jogi felel\u0151ss\u00e9ggel tartoznak a v\u00f6r\u00f6siszapper v\u00e1dlottjai.<\/strong><!--more--><\/p>\n<div class=\"ads-in-post1\"><div id=\"gazdasagportal.hu_fullbanner_wideboard\"><\/div>\r\n<\/div>\n<p>    Fejes P\u00e9ter a Veszpr\u00e9mi J\u00e1r\u00e1si \u00e9s Nyomoz\u00f3 \u00dcgy\u00e9szs\u00e9g \u00e9p\u00fclet\u00e9ben tartott p\u00e9nteki sajt\u00f3t\u00e1j\u00e9koztat\u00f3j\u00e1n, a Veszpr\u00e9mi T\u00f6rv\u00e9nysz\u00e9k cs\u00fct\u00f6rt\u00f6ki felment\u0151 \u00edt\u00e9lete kapcs\u00e1n azt hangs\u00falyozta, hogy az \u00fcgy\u00e9szs\u00e9g minden jogi eszk\u00f6zzel \u00e9lni fog az elk\u00f6vet\u0151k felel\u0151ss\u00e9gre von\u00e1sa \u00e9rdek\u00e9ben.<br \/>\n    Az \u00fcgy\u00e9szs\u00e9g tiszteletben tartja a b\u00edr\u00f3s\u00e1g nem joger\u0151s \u00edt\u00e9let\u00e9t, de azt fellebbez\u00e9ssel t\u00e1madja &#8211; mondta.<br \/>\n    Az \u00fcgy\u00e9sz kifejtette: \u00e1ll\u00e1spontjuk szerint \u00fczemeltet\u00e9si \u00e9s bels\u0151ellen\u0151rz\u00e9si hi\u00e1nyoss\u00e1gok miatt a v\u00e1dlottakat felel\u0151ss\u00e9g terheli, valamint felel\u0151ss\u00e9ggel tartoznak a katasztr\u00f3fa bek\u00f6vetkezte ut\u00e1ni magatart\u00e1suk\u00e9rt is, hiszen akkor nem \u00e9rtes\u00edtett\u00e9k halad\u00e9ktalanul a hat\u00f3s\u00e1gokat \u00e9s az \u00f6nkorm\u00e1nyzatokat.<br \/>\n    Hozz\u00e1tette, az els\u0151dleges felel\u0151ss\u00e9g az \u00fczemeltet\u0151t terheli, \u00e9s b\u00e1r a katasztr\u00f3fa \u00e1ltal \u00e9rintett 10-es sz\u00e1m\u00fa kazetta eset\u00e9ben kivitelez\u00e9si, \u00fczemeltet\u00e9si, tervez\u00e9si hi\u00e1nyoss\u00e1gok is voltak, az \u00fcgy\u00e9szs\u00e9g ezt szem\u00e9lyre szabottan, k\u00e9ts\u00e9get kiz\u00e1r\u00f3an nem tudja bizony\u00edtani, ez\u00e9rt nem emelt v\u00e1dat.<br \/>\n    Az \u00fcgy\u00e9sz azt hangs\u00falyozta, hogy a v\u00e1dlottak felel\u0151ss\u00e9 tehet\u0151k az\u00e9rt is, mert nem avatkoztak be a katasztr\u00f3f\u00e1hoz vezet\u0151 folyamatba \u00e9s nem akad\u00e1lyozt\u00e1k meg annak bek\u00f6vetkezt\u00e9t.<br \/>\n    Fejes P\u00e9ter k\u00f6z\u00f6lte, szerint\u00fck a t\u00f6rv\u00e9nysz\u00e9k a k\u00f6zvesz\u00e9ly kialakul\u00e1s\u00e1nak napj\u00e1t t\u00e9vesen tette 1998. december 23-\u00e1ra, ez a t\u00e9ny m\u00e1sodfokon lehet\u0151v\u00e9 teszi a v\u00e1dlottak felel\u0151ss\u00e9gre von\u00e1s\u00e1t.<br \/>\n    Besz\u00e9lt arr\u00f3l is, az eg\u00e9sz t\u00e1rsadalom \u00e9rdeke, hogy az \u00fcgy min\u00e9l hamarabb joger\u0151sen befejez\u0151dj\u00f6n, hiszen Magyarorsz\u00e1g legnagyobb ipari katasztr\u00f3f\u00e1ja t\u00f6rt\u00e9nt 2010. okt\u00f3ber 4-\u00e9n.<br \/>\n    A t\u00e1rgyal\u00e1s a Gy\u0151ri \u00cdt\u00e9l\u0151t\u00e1bl\u00e1n folytat\u00f3dik. Fejes P\u00e9ter jelezte, ha ott az els\u0151fok\u00fat\u00f3l elt\u00e9r\u0151 \u00edt\u00e9let sz\u00fcletik, akkor lehet\u0151s\u00e9g ny\u00edlik a harmadfok\u00fa elj\u00e1r\u00e1sra, ez esetben a K\u00faria mondana \u00edt\u00e9letet.<br \/>\n    A Veszpr\u00e9mi T\u00f6rv\u00e9nysz\u00e9k cs\u00fct\u00f6rt\u00f6k\u00f6n els\u0151 fokon felmentette a v\u00e1dlottakat a hal\u00e1lt okoz\u00f3 gondatlan k\u00f6zvesz\u00e9lyokoz\u00e1s v\u00e9ts\u00e9ge, a gondatlans\u00e1gb\u00f3l elk\u00f6vetett k\u00f6rnyezet- \u00e9s term\u00e9szetk\u00e1ros\u00edt\u00e1s, tov\u00e1bb\u00e1 a hullad\u00e9kgazd\u00e1lkod\u00e1s rendj\u00e9nek megs\u00e9rt\u00e9s\u00e9nek v\u00e1dja al\u00f3l is. A b\u00edr\u00f3s\u00e1g szerint a katasztr\u00f3fa oka &#8222;altalaj eredet\u0171 stabilit\u00e1sveszt\u00e9s&#8221; volt, ami miatt a t\u00f6lt\u00e9s t\u00f6nkrement.<br \/>\n    A Magyar Alum\u00edniumtermel\u0151 \u00e9s Kereskedelmi (Mal) Zrt. Ajka melletti t\u00e1roz\u00f3j\u00e1b\u00f3l 2010. okt\u00f3ber 4-\u00e9n ki\u00f6ml\u0151 v\u00f6r\u00f6siszap h\u00e1rom telep\u00fcl\u00e9st \u00f6nt\u00f6tt el: Kolont\u00e1rt, Devecsert \u00e9s Soml\u00f3v\u00e1s\u00e1rhelyt. A katasztr\u00f3fa k\u00f6vetkezt\u00e9ben t\u00edz ember meghalt, t\u00f6bb mint k\u00e9tsz\u00e1zan megs\u00e9r\u00fcltek, t\u00f6bb sz\u00e1z h\u00e1z lakhatatlann\u00e1 v\u00e1lt. Az \u00fcgyben 15 ember &#8211; a c\u00e9g vezet\u0151i \u00e9s t\u00f6bb alkalmazottja &#8211; ellen emeltek v\u00e1dat, valamint sz\u00e1mos polg\u00e1ri per is indult.(MTI)<\/p>\n","protected":false},"excerpt":{"rendered":"<p>A v\u00e1dat k\u00e9pvisel\u0151 fellebviteli f\u0151\u00fcgy\u00e9szs\u00e9g \u00fcgy\u00e9sze szerint \u00fczemeltet\u00e9si \u00e9s bels\u0151ellen\u0151rz\u00e9si hi\u00e1nyoss\u00e1gok miatt b\u00fcntet\u0151jogi felel\u0151ss\u00e9ggel tartoznak a v\u00f6r\u00f6siszapper v\u00e1dlottjai.<\/p>\n","protected":false},"author":1,"featured_media":0,"comment_status":"open","ping_status":"closed","sticky":false,"template":"","format":"standard","meta":[],"categories":[4],"tags":[],"_links":{"self":[{"href":"https:\/\/gazdasagportal.hu\/index.php\/wp-json\/wp\/v2\/posts\/73952"}],"collection":[{"href":"https:\/\/gazdasagportal.hu\/index.php\/wp-json\/wp\/v2\/posts"}],"about":[{"href":"https:\/\/gazdasagportal.hu\/index.php\/wp-json\/wp\/v2\/types\/post"}],"author":[{"embeddable":true,"href":"https:\/\/gazdasagportal.hu\/index.php\/wp-json\/wp\/v2\/users\/1"}],"replies":[{"embeddable":true,"href":"https:\/\/gazdasagportal.hu\/index.php\/wp-json\/wp\/v2\/comments?post=73952"}],"version-history":[{"count":1,"href":"https:\/\/gazdasagportal.hu\/index.php\/wp-json\/wp\/v2\/posts\/73952\/revisions"}],"predecessor-version":[{"id":73953,"href":"https:\/\/gazdasagportal.hu\/index.php\/wp-json\/wp\/v2\/posts\/73952\/revisions\/73953"}],"wp:attachment":[{"href":"https:\/\/gazdasagportal.hu\/index.php\/wp-json\/wp\/v2\/media?parent=73952"}],"wp:term":[{"taxonomy":"category","embeddable":true,"href":"https:\/\/gazdasagportal.hu\/index.php\/wp-json\/wp\/v2\/categories?post=73952"},{"taxonomy":"post_tag","embeddable":true,"href":"https:\/\/gazdasagportal.hu\/index.php\/wp-json\/wp\/v2\/tags?post=73952"}],"curies":[{"name":"wp","href":"https:\/\/api.w.org\/{rel}","templated":true}]}}