{"id":73950,"date":"2016-01-29T12:45:48","date_gmt":"2016-01-29T11:45:48","guid":{"rendered":"http:\/\/gazdasagportal.hu\/?p=73950"},"modified":"2016-01-29T12:45:48","modified_gmt":"2016-01-29T11:45:48","slug":"bkk-szombattol-valtozik-a-forgalmi-rend-az-m1-m7-es-autopalya-bevezeto-szakaszan","status":"publish","type":"post","link":"https:\/\/gazdasagportal.hu\/index.php\/bkk-szombattol-valtozik-a-forgalmi-rend-az-m1-m7-es-autopalya-bevezeto-szakaszan\/","title":{"rendered":"BKK: szombatt\u00f3l v\u00e1ltozik a forgalmi rend az M1-M7-es aut\u00f3p\u00e1lya bevezet\u0151 szakasz\u00e1n"},"content":{"rendered":"<p><strong>Szombatt\u00f3l v\u00e1ltozik az M1-M7-es aut\u00f3p\u00e1lya bevezet\u0151 szakasz\u00e1n a centrum ir\u00e1ny\u00fa forgalmi rend &#8211; k\u00f6z\u00f6lte a Budapesti K\u00f6zleked\u00e9si K\u00f6zpont (BKK) p\u00e9nteken az MTI-vel.<\/strong><!--more--><\/p>\n<div class=\"ads-in-post1\"><div id=\"gazdasagportal.hu_fullbanner_wideboard\"><\/div>\r\n<\/div>\n<p>    K\u00f6zlem\u00e9ny\u00fck szerint v\u00e1rhat\u00f3an szombat este 8 \u00f3r\u00e1t\u00f3l a Sasadi \u00fat \u00e9s a Rah\u00f3 utca k\u00f6z\u00f6tt a v\u00e1rosba vezet\u0151 ir\u00e1nyban \u00faj munkater\u00fcleten kezd\u0151dik meg a Buda\u00f6rsi \u00fati \u00faj k\u00f6z\u00fati csom\u00f3pont \u00e9p\u00edt\u00e9se, ez\u00e9rt ezen a szakaszon egy s\u00e1v az \u00faj munkater\u00fclet bal oldal\u00e1n halad, m\u00edg a jobb oldal\u00e1n k\u00e9t s\u00e1v vezet a centrum fel\u00e9. Ugyanezen \u00fatszakasz kifel\u00e9 halad\u00f3 oldal\u00e1n szint\u00e9n h\u00e1rom s\u00e1von lehet majd haladni, ebb\u0151l egy s\u00e1v tov\u00e1bbra is a Buda\u00f6rsi \u00fat fel\u00e9 vezet, m\u00edg kett\u0151 az aut\u00f3p\u00e1lya fel\u00e9. Az \u00faj, v\u00e1rhat\u00f3an 6 h\u00e9tig \u00e9rv\u00e9nyben l\u00e9v\u0151 forgalmi rendet szombaton napk\u00f6zben alak\u00edtj\u00e1k ki, ebben az id\u0151szakban egy-egy s\u00e1vot lez\u00e1rnak.<br \/>\n    A Balatoni \u00faton k\u00f6zleked\u0151k sz\u00e1m\u00e1ra v\u00e1ltoz\u00e1st jelent, hogy a Boldizs\u00e1r utca k\u00f6rny\u00e9k\u00e9n ideiglenes \u00fatp\u00e1ly\u00e1n haladhatnak majd, a Buda\u00f6rsi \u00fat f\u0151p\u00e1ly\u00e1j\u00e1ra tartva azonban tov\u00e1bbra is \u00e9rv\u00e9nyben marad az els\u0151bbs\u00e9gad\u00e1si k\u00f6telezetts\u00e9g\u00fck a felhajt\u00e1s el\u0151tt &#8211; jegyezt\u00e9k meg.<br \/>\n    Az \u00faj forgalmi rendben a kifel\u00e9 halad\u00f3 oldalon a Rah\u00f3 utca ut\u00e1n megsz\u0171nik az aut\u00f3buszs\u00e1v. Az arra k\u00f6zleked\u0151 j\u00e1ratok &#8211; az 53-as, a 139-es, a 140-es, a 140A, a 142-es, a 150-es, a 239-es, a 240-es, a 252-es, a 253-as, a 908-as, a 940-es, a 941-es, a 972-es \u00e9s a 972B aut\u00f3busz &#8211; Sasadi \u00fat meg\u00e1ll\u00f3j\u00e1t k\u00f6r\u00fclbel\u00fcl 60 m\u00e9terrel el\u0151r\u00e9bb, a Sasadi \u00fati keresztez\u0151d\u00e9s el\u00e9 helyezik \u00e1t &#8211; fejtette ki k\u00f6zlem\u00e9ny\u00e9ben a BKK.(MTI)<\/p>\n","protected":false},"excerpt":{"rendered":"<p>Szombatt\u00f3l v\u00e1ltozik az M1-M7-es aut\u00f3p\u00e1lya bevezet\u0151 szakasz\u00e1n a centrum ir\u00e1ny\u00fa forgalmi rend &#8211; k\u00f6z\u00f6lte a Budapesti K\u00f6zleked\u00e9si K\u00f6zpont (BKK) p\u00e9nteken az MTI-vel.<\/p>\n","protected":false},"author":1,"featured_media":0,"comment_status":"open","ping_status":"closed","sticky":false,"template":"","format":"standard","meta":[],"categories":[4,151],"tags":[],"_links":{"self":[{"href":"https:\/\/gazdasagportal.hu\/index.php\/wp-json\/wp\/v2\/posts\/73950"}],"collection":[{"href":"https:\/\/gazdasagportal.hu\/index.php\/wp-json\/wp\/v2\/posts"}],"about":[{"href":"https:\/\/gazdasagportal.hu\/index.php\/wp-json\/wp\/v2\/types\/post"}],"author":[{"embeddable":true,"href":"https:\/\/gazdasagportal.hu\/index.php\/wp-json\/wp\/v2\/users\/1"}],"replies":[{"embeddable":true,"href":"https:\/\/gazdasagportal.hu\/index.php\/wp-json\/wp\/v2\/comments?post=73950"}],"version-history":[{"count":1,"href":"https:\/\/gazdasagportal.hu\/index.php\/wp-json\/wp\/v2\/posts\/73950\/revisions"}],"predecessor-version":[{"id":73951,"href":"https:\/\/gazdasagportal.hu\/index.php\/wp-json\/wp\/v2\/posts\/73950\/revisions\/73951"}],"wp:attachment":[{"href":"https:\/\/gazdasagportal.hu\/index.php\/wp-json\/wp\/v2\/media?parent=73950"}],"wp:term":[{"taxonomy":"category","embeddable":true,"href":"https:\/\/gazdasagportal.hu\/index.php\/wp-json\/wp\/v2\/categories?post=73950"},{"taxonomy":"post_tag","embeddable":true,"href":"https:\/\/gazdasagportal.hu\/index.php\/wp-json\/wp\/v2\/tags?post=73950"}],"curies":[{"name":"wp","href":"https:\/\/api.w.org\/{rel}","templated":true}]}}