{"id":73948,"date":"2016-01-29T11:46:36","date_gmt":"2016-01-29T10:46:36","guid":{"rendered":"http:\/\/gazdasagportal.hu\/?p=73948"},"modified":"2016-01-29T11:46:36","modified_gmt":"2016-01-29T10:46:36","slug":"uj-helyzet-allt-elo-az-eu-ban-a-a-migracio-az-elso-szamu-kozbiztonsagi-kerdes","status":"publish","type":"post","link":"https:\/\/gazdasagportal.hu\/index.php\/uj-helyzet-allt-elo-az-eu-ban-a-a-migracio-az-elso-szamu-kozbiztonsagi-kerdes\/","title":{"rendered":"\u00daj helyzet \u00e1llt el\u0151 az EU-ban, a a migr\u00e1ci\u00f3 az els\u0151 sz\u00e1m\u00fa k\u00f6zbiztons\u00e1gi k\u00e9rd\u00e9s"},"content":{"rendered":"<p><strong>\u00daj helyzet \u00e1llt el\u0151 az Eur\u00f3pai Uni\u00f3ban, a n\u00e9pv\u00e1ndorl\u00e1s, a migr\u00e1ci\u00f3 az els\u0151 sz\u00e1m\u00fa k\u00f6zbiztons\u00e1gi k\u00e9rd\u00e9ss\u00e9 v\u00e1lt &#8211; mondta Orb\u00e1n Viktor minisztereln\u00f6k p\u00e9nteken Sz\u00f3fi\u00e1ban, miut\u00e1n bolg\u00e1r koll\u00e9g\u00e1j\u00e1val egyeztetett.<\/strong><!--more--><\/p>\n<div class=\"ads-in-post1\"><div id=\"gazdasagportal.hu_fullbanner_wideboard\"><\/div>\r\n<\/div>\n<p>    A korm\u00e1nyf\u0151 a Bojko Boriszov bolg\u00e1r minisztereln\u00f6kkel folytatott egyeztet\u00e9se ut\u00e1n sajt\u00f3nyilatkozat\u00e1ban kiemelte: eddig gazdas\u00e1gi \u00e9s kultur\u00e1lis k\u00e9rd\u00e9sk\u00e9nt kezelt\u00e9k a migr\u00e1ci\u00f3s v\u00e1ls\u00e1got, de most m\u00e1r biztons\u00e1gi k\u00e9rd\u00e9ss\u00e9 v\u00e1lt, a mindennapok biztons\u00e1g\u00e1r\u00f3l van sz\u00f3, n\u0151 a terrorfenyegetetts\u00e9g, romlik a k\u00f6zbiztons\u00e1g.<br \/>\n    A minisztereln\u00f6k kijelentette: Eur\u00f3p\u00e1ban &#8222;nem szabad ilyet mondani&#8221;, de &#8222;vesz\u00e9lynek vannak kit\u00e9ve az eur\u00f3pai emberek&#8221;, k\u00fcl\u00f6n\u00f6sen &#8222;a gyeng\u00e9bbek, a n\u0151k \u00e9s a magukat megv\u00e9deni k\u00e9ptelenek&#8221;, \u00e9s ez elfogadhatatlan.<br \/>\n    Ez\u00e9rt alapvet\u0151en k\u00f6zbiztons\u00e1gi \u00fcgyr\u0151l van sz\u00f3 mostant\u00f3l, \u00e9s minden politikust az\u00e9rt v\u00e1lasztottak meg els\u0151sorban, hogy biztons\u00e1got \u00e9s v\u00e9delmet adjon orsz\u00e1ga polg\u00e1rainak, de egyre t\u00f6bb olyan orsz\u00e1g van Eur\u00f3p\u00e1ban, amely ezt az alapvet\u0151 k\u00f6teless\u00e9g\u00e9t nem tudja teljes\u00edteni. Komolyan kell venni a helyzetet, meg kell v\u00e9deni az embereket, most nem az elveket, hanem az embereket kell megv\u00e9deni a terrorvesz\u00e9llyel \u00e9s a b\u0171n\u00f6z\u00e9ssel szemben &#8211; mondta.<br \/>\n    Orb\u00e1n Viktor k\u00f6z\u00f6lte: febru\u00e1r 15-\u00e9n Pr\u00e1g\u00e1ban tan\u00e1cskoznak a visegr\u00e1di orsz\u00e1gok, az esem\u00e9nyre a bolg\u00e1r minisztereln\u00f6k\u00f6t is megh\u00edvt\u00e1k, \u00e9s ott k\u00f6z\u00e9p-eur\u00f3pai keretekben folytatj\u00e1k a most megkezdett egyeztet\u00e9st.<br \/>\n    A korm\u00e1nyf\u0151 arra is kit\u00e9rt, hogy nem fair, hogy Bulg\u00e1ri\u00e1val szemben kett\u0151s m\u00e9rc\u00e9t alkalmaznak Eur\u00f3p\u00e1ban, nem ismerik el az eredm\u00e9nyeit, nem akarj\u00e1k felvenni a schengeni \u00f6vezetbe, \u00e9s nem ismerik el, hogy a migr\u00e1ci\u00f3s v\u00e1ls\u00e1gban a legjobban teljes\u00edt\u0151 orsz\u00e1g volt a schengeni \u00f6vezeten k\u00edv\u00fcl. Mint mondta, kider\u00fclt, hogy Bulg\u00e1ria a v\u00e1llal\u00e1sait betartja, k\u00e9pes a hat\u00e1rait megv\u00e9deni, k\u00e9pes ellen\u0151rz\u00e9s al\u00e1 vonni a migr\u00e1nsok \u00e1radat\u00e1t.<br \/>\n    Hozz\u00e1tette: ha Eur\u00f3pa h\u0171 akar lenni \u00f6nmag\u00e1hoz, fel kell aj\u00e1nlania Bulg\u00e1ri\u00e1nak a tags\u00e1got a schengeni \u00f6vezetben, az m\u00e1s k\u00e9rd\u00e9s, hogy &#8222;a felaj\u00e1nlott tags\u00e1got egy \u00e9ppen haldokl\u00f3 int\u00e9zm\u00e9nyben egy orsz\u00e1g elfogad-e&#8221;.<br \/>\n    Bojko Boriszov arr\u00f3l besz\u00e9lt, hogy eddig ugyan nem jutottak konszenzusra a migr\u00e1ci\u00f3s v\u00e1ls\u00e1g \u00fcgy\u00e9ben Eur\u00f3p\u00e1ban, de el\u0151rel\u00e9phetnek, ha lez\u00e1rj\u00e1k a hat\u00e1rokat legal\u00e1bb addig, am\u00edg a m\u00e1r ittl\u00e9v\u0151 migr\u00e1nsok helyzet\u00e9t rendezik.<br \/>\n    Rem\u00e9lhet\u0151leg a febru\u00e1ri egyeztet\u00e9seken is arra jutnak majd, hogy nem engedhetik meg, hogy folytat\u00f3djon a t\u00f6meges bev\u00e1ndorl\u00e1s &#8211; f\u0171zte hozz\u00e1.<br \/>\n    A bolg\u00e1r korm\u00e1nyf\u0151 szerint hum\u00e1nusabb megold\u00e1s lenne most meg\u00e1ll\u00edtani a bev\u00e1ndorl\u00e1st, am\u00edg d\u00f6ntenek a migr\u00e1ci\u00f3 rendj\u00e9r\u0151l, szab\u00e1lyair\u00f3l.<br \/>\n    Arra is kit\u00e9rt, hogy nem Magyarorsz\u00e1g az egyetlen, amely \u00e9rt\u00e9keli Bulg\u00e1ria er\u0151fesz\u00edt\u00e9seit, t\u00f6bben is p\u00e9ldak\u00e9pnek tekintik az orsz\u00e1got.<br \/>\n    Bojko Boriszov az eur\u00f3pai szolidarit\u00e1s jelent\u0151s\u00e9g\u00e9t hangs\u00falyozta, k\u00f6z\u00f6s eur\u00f3pai megold\u00e1st s\u00fcrgetett, \u00e9s azt mondta, rem\u00e9lhet\u0151leg az eur\u00f3pai partnerek a kor\u00e1bbin\u00e1l akt\u00edvabbak lesznek a helyzet kezel\u00e9s\u00e9ben.(MTI)<\/p>\n","protected":false},"excerpt":{"rendered":"<p>\u00daj helyzet \u00e1llt el\u0151 az Eur\u00f3pai Uni\u00f3ban, a n\u00e9pv\u00e1ndorl\u00e1s, a migr\u00e1ci\u00f3 az els\u0151 sz\u00e1m\u00fa k\u00f6zbiztons\u00e1gi k\u00e9rd\u00e9ss\u00e9 v\u00e1lt &#8211; mondta Orb\u00e1n Viktor minisztereln\u00f6k p\u00e9nteken Sz\u00f3fi\u00e1ban, miut\u00e1n bolg\u00e1r koll\u00e9g\u00e1j\u00e1val egyeztetett.<\/p>\n","protected":false},"author":1,"featured_media":0,"comment_status":"open","ping_status":"closed","sticky":false,"template":"","format":"standard","meta":[],"categories":[12],"tags":[],"_links":{"self":[{"href":"https:\/\/gazdasagportal.hu\/index.php\/wp-json\/wp\/v2\/posts\/73948"}],"collection":[{"href":"https:\/\/gazdasagportal.hu\/index.php\/wp-json\/wp\/v2\/posts"}],"about":[{"href":"https:\/\/gazdasagportal.hu\/index.php\/wp-json\/wp\/v2\/types\/post"}],"author":[{"embeddable":true,"href":"https:\/\/gazdasagportal.hu\/index.php\/wp-json\/wp\/v2\/users\/1"}],"replies":[{"embeddable":true,"href":"https:\/\/gazdasagportal.hu\/index.php\/wp-json\/wp\/v2\/comments?post=73948"}],"version-history":[{"count":1,"href":"https:\/\/gazdasagportal.hu\/index.php\/wp-json\/wp\/v2\/posts\/73948\/revisions"}],"predecessor-version":[{"id":73949,"href":"https:\/\/gazdasagportal.hu\/index.php\/wp-json\/wp\/v2\/posts\/73948\/revisions\/73949"}],"wp:attachment":[{"href":"https:\/\/gazdasagportal.hu\/index.php\/wp-json\/wp\/v2\/media?parent=73948"}],"wp:term":[{"taxonomy":"category","embeddable":true,"href":"https:\/\/gazdasagportal.hu\/index.php\/wp-json\/wp\/v2\/categories?post=73948"},{"taxonomy":"post_tag","embeddable":true,"href":"https:\/\/gazdasagportal.hu\/index.php\/wp-json\/wp\/v2\/tags?post=73948"}],"curies":[{"name":"wp","href":"https:\/\/api.w.org\/{rel}","templated":true}]}}