{"id":73871,"date":"2016-01-28T04:47:08","date_gmt":"2016-01-28T03:47:08","guid":{"rendered":"http:\/\/gazdasagportal.hu\/?p=73871"},"modified":"2016-01-27T21:18:46","modified_gmt":"2016-01-27T20:18:46","slug":"terrorizmus-belgiumban-a-lakossag-tulnyomo-tobbsege-szerint-terrortamadas-keszul","status":"publish","type":"post","link":"https:\/\/gazdasagportal.hu\/index.php\/terrorizmus-belgiumban-a-lakossag-tulnyomo-tobbsege-szerint-terrortamadas-keszul\/","title":{"rendered":"Terrorizmus &#8211; Belgiumban a lakoss\u00e1g t\u00falnyom\u00f3 t\u00f6bbs\u00e9ge szerint terrort\u00e1mad\u00e1s k\u00e9sz\u00fcl"},"content":{"rendered":"<p><strong>A lakoss\u00e1g 73 sz\u00e1zal\u00e9ka szerint terrort\u00e1mad\u00e1s fogja \u00e9rni id\u00e9n Belgiumot, a megk\u00e9rdezetteknek azonban &#8222;mind\u00f6ssze&#8221; 30 sz\u00e1zal\u00e9ka v\u00e1ltoztatott a viselked\u00e9s\u00e9n a terrorfenyegetetts\u00e9g miatt &#8211; der\u00fclt ki egy szerd\u00e1n k\u00f6zz\u00e9tett friss felm\u00e9r\u00e9sb\u0151l.<\/strong><!--more--><\/p>\n<div class=\"ads-in-post1\"><div id=\"gazdasagportal.hu_fullbanner_wideboard\"><\/div>\r\n<\/div>\n<p>    A Le Soir c\u00edm\u0171 francia nyelv\u0171 belga lap t\u00e1j\u00e9koztat\u00e1sa szerint a v\u00e1laszad\u00f3k legink\u00e1bb Br\u00fcsszelben tartanak mer\u00e9nyletekt\u0151l. Arra a k\u00e9rd\u00e9sre, hogy a korm\u00e1ny j\u00f3l m\u00e9rte-e fel a vesz\u00e9lyt, a belg\u00e1k 58 sz\u00e1zal\u00e9ka igennel v\u00e1laszolt, 28 sz\u00e1zal\u00e9k szerint azonban al\u00e1-, 19 sz\u00e1zal\u00e9k szerint pedig t\u00falbecs\u00fclt\u00e9k a kock\u00e1zatot.<br \/>\n    A k\u00f6zv\u00e9lem\u00e9ny-kutat\u00e1sb\u00f3l az is kider\u00fclt, hogy a lakoss\u00e1g 66 sz\u00e1zal\u00e9ka szerint az ut\u00f3bbi id\u0151ben t\u00fal sok menek\u00fcltet \u00e9s migr\u00e1nst fogadtak be az orsz\u00e1gba. H\u00e1rom h\u00f3nappal ezel\u0151tt a megk\u00e9rdezettek 55 sz\u00e1zal\u00e9ka volt ezen a v\u00e9lem\u00e9nyen.<br \/>\n    A belg\u00e1k m\u00e1s k\u00e9rd\u00e9sekben is bor\u00fal\u00e1t\u00f3nak bizonyultak, p\u00e9ld\u00e1ul mind\u00f6ssze 14 sz\u00e1zal\u00e9kuk gondolja \u00fagy, hogy 2016-ban n\u0151ni fog a foglalkoztatotts\u00e1g.<br \/>\n    Egyetlen k\u00e9rd\u00e9st illet\u0151en mutatkozott optimist\u00e1nak a k\u00f6zv\u00e9lem\u00e9ny: a v\u00e1laszad\u00f3k 67 sz\u00e1zal\u00e9ka a flamand f\u00fcggetlens\u00e9gi t\u00f6rekv\u00e9sek ellen\u00e9re is hisz a belga \u00e1llam j\u00f6v\u0151j\u00e9ben.(MTI)<\/p>\n","protected":false},"excerpt":{"rendered":"<p>A lakoss\u00e1g 73 sz\u00e1zal\u00e9ka szerint terrort\u00e1mad\u00e1s fogja \u00e9rni id\u00e9n Belgiumot, a megk\u00e9rdezetteknek azonban &#8222;mind\u00f6ssze&#8221; 30 sz\u00e1zal\u00e9ka v\u00e1ltoztatott a viselked\u00e9s\u00e9n a terrorfenyegetetts\u00e9g miatt &#8211; der\u00fclt ki egy szerd\u00e1n k\u00f6zz\u00e9tett friss felm\u00e9r\u00e9sb\u0151l.<\/p>\n","protected":false},"author":1,"featured_media":0,"comment_status":"open","ping_status":"closed","sticky":false,"template":"","format":"standard","meta":[],"categories":[12],"tags":[],"_links":{"self":[{"href":"https:\/\/gazdasagportal.hu\/index.php\/wp-json\/wp\/v2\/posts\/73871"}],"collection":[{"href":"https:\/\/gazdasagportal.hu\/index.php\/wp-json\/wp\/v2\/posts"}],"about":[{"href":"https:\/\/gazdasagportal.hu\/index.php\/wp-json\/wp\/v2\/types\/post"}],"author":[{"embeddable":true,"href":"https:\/\/gazdasagportal.hu\/index.php\/wp-json\/wp\/v2\/users\/1"}],"replies":[{"embeddable":true,"href":"https:\/\/gazdasagportal.hu\/index.php\/wp-json\/wp\/v2\/comments?post=73871"}],"version-history":[{"count":1,"href":"https:\/\/gazdasagportal.hu\/index.php\/wp-json\/wp\/v2\/posts\/73871\/revisions"}],"predecessor-version":[{"id":73872,"href":"https:\/\/gazdasagportal.hu\/index.php\/wp-json\/wp\/v2\/posts\/73871\/revisions\/73872"}],"wp:attachment":[{"href":"https:\/\/gazdasagportal.hu\/index.php\/wp-json\/wp\/v2\/media?parent=73871"}],"wp:term":[{"taxonomy":"category","embeddable":true,"href":"https:\/\/gazdasagportal.hu\/index.php\/wp-json\/wp\/v2\/categories?post=73871"},{"taxonomy":"post_tag","embeddable":true,"href":"https:\/\/gazdasagportal.hu\/index.php\/wp-json\/wp\/v2\/tags?post=73871"}],"curies":[{"name":"wp","href":"https:\/\/api.w.org\/{rel}","templated":true}]}}