{"id":73861,"date":"2016-01-28T06:47:14","date_gmt":"2016-01-28T05:47:14","guid":{"rendered":"http:\/\/gazdasagportal.hu\/?p=73861"},"modified":"2016-01-27T20:48:03","modified_gmt":"2016-01-27T19:48:03","slug":"a-kormany-segit-a-nemetorszagban-szerzett-oklevelek-honositasaban","status":"publish","type":"post","link":"https:\/\/gazdasagportal.hu\/index.php\/a-kormany-segit-a-nemetorszagban-szerzett-oklevelek-honositasaban\/","title":{"rendered":"A korm\u00e1ny seg\u00edt a N\u00e9metorsz\u00e1gban szerzett oklevelek honos\u00edt\u00e1s\u00e1ban"},"content":{"rendered":"<p><strong>A magyar korm\u00e1ny seg\u00edt a N\u00e9metorsz\u00e1gban szerzett diplom\u00e1k, oklevelek honos\u00edt\u00e1s\u00e1ban, a magyar \u00e1llampolg\u00e1rok N\u00e9metorsz\u00e1gban sz\u00fcletett gyermekei pedig a konzul\u00e1tusok k\u00f6zrem\u0171k\u00f6d\u00e9se r\u00e9v\u00e9n azonnal megkaphatj\u00e1k \u00fatlevel\u00fcket &#8211; mondta Semj\u00e9n Zsolt nemzetpolitik\u00e1\u00e9rt felel\u0151s minisztereln\u00f6k-helyettes szerd\u00e1n az MTI-nek, miut\u00e1n M\u00fcnchenben t\u00e1rgyalt a bajororsz\u00e1gi magyar szervezetek vezet\u0151ivel.<\/strong><!--more--><\/p>\n<div class=\"ads-in-post1\"><div id=\"gazdasagportal.hu_fullbanner_wideboard\"><\/div>\r\n<\/div>\n<p>    Semj\u00e9n Zsolt telefonon adott nyilatkozat\u00e1ban kiemelte, hogy a korm\u00e1ny &#8222;k\u00fcl\u00f6n\u00f6s hangs\u00falyt helyez a diaszp\u00f3r\u00e1ra&#8221;, hiszen kor\u00e1bban &#8222;nagyon elhanyagolt&#8221; volt a magyars\u00e1gnak ez a r\u00e9sze. Ez\u00e9rt a korm\u00e1ny &#8222;v\u00e9gigj\u00e1rja&#8221; a k\u00f6z\u00f6ss\u00e9geket, nemcsak a tengerent\u00falon, hanem Eur\u00f3p\u00e1ban is, \u00e9s felm\u00e9ri, hogy mik\u00e9nt seg\u00edthet a magyar identit\u00e1s meg\u0151rz\u00e9s\u00e9ben.<br \/>\n    A bajororsz\u00e1gi k\u00f6z\u00f6ss\u00e9gek szervezeteinek vezet\u0151ivel folytatott megbesz\u00e9l\u00e9sen a r\u00e9sztvev\u0151k &#8222;nagyon \u00f6r\u00fcltek&#8221; a korm\u00e1ny azon v\u00e1llal\u00e1s\u00e1nak, hogy a magyar \u00e1llampolg\u00e1rok gyermekeinek sz\u00fclet\u00e9s\u00fck ut\u00e1n r\u00f6gt\u00f6n ki\u00e1ll\u00edtj\u00e1k az \u00fatlevelet, mert a csal\u00e1d \u00edgy utazhat Magyarorsz\u00e1gra.<br \/>\n    T\u00e1rgyaltak arr\u00f3l is, hogy m\u00edg N\u00e9metorsz\u00e1gban elismerik a magyarorsz\u00e1gi fels\u0151oktat\u00e1sban szerzett diplom\u00e1kat, okleveleket, ford\u00edtva ez nem mindig t\u00f6rt\u00e9nik meg, ami az\u00e9rt gond, mert &#8222;sokan hazaj\u00f6nn\u00e9nek Magyarorsz\u00e1gra&#8221;, de a kint szerzett speci\u00e1lis v\u00e9gzetts\u00e9get nem minden esetben ismerik el. Ez\u00e9rt a korm\u00e1ny \u00e1ttekinti az \u00fcgyet, \u00e9s a legr\u00f6videbb id\u0151n bel\u00fcl meghozza a sz\u00fcks\u00e9ges hat\u00e1rozatokat &#8211; mondta a minisztereln\u00f6k-helyettes.<br \/>\n    Fontos feladatnak nevezte az emigr\u00e1ns szervezetk\u00e9nt alap\u00edtott egyes\u00fcletek, t\u00e1rsulatok meg\u00faj\u00edt\u00e1s\u00e1t. R\u00e1mutatott, hogy 1990 ut\u00e1n &#8222;a sz\u00f3 szerint vett emigr\u00e1ns szervezetnek nincs realit\u00e1sa, hiszen nincsenek emigr\u00e1nsok&#8221;. Ez\u00e9rt az a feladat, hogy a &#8222;gy\u00f6ker\u00e9ben tiszteletre m\u00e9lt\u00f3 emigr\u00e1ns szervezeteket \u00e1talak\u00edtsuk&#8221; olyan magyar szervezett\u00e9, amelyekben &#8222;otthon \u00e9rzik magukat azok is, akik csak p\u00e1r \u00e9vre j\u00f6ttek ki&#8221; tanulni vagy dolgozni, nyelvet tanulni, vagy \u00e9ppen Bajororsz\u00e1gba h\u00e1zasodtak &#8211; mondta Semj\u00e9n Zsolt.<br \/>\n     Bajororsz\u00e1gban \u00e9s a tartom\u00e1ny f\u0151v\u00e1ros\u00e1ban, M\u00fcnchenben &#8222;pezsg\u0151 magyar \u00e9let&#8221; van, \u00e9s a helyi szervezetek vezet\u0151ivel folytatott t\u00e1rgyal\u00e1son felmer\u00fclt egy &#8222;magyar h\u00e1z&#8221; alap\u00edt\u00e1s\u00e1nak gondolata is &#8211; tette hozz\u00e1 Semj\u00e9n Zsolt.<br \/>\n    Az int\u00e9zm\u00e9ny lehetne egyebek k\u00f6z\u00f6tt a kult\u00fara \u00e9s a magyar nyelvoktat\u00e1s k\u00f6zpontja. L\u00e9trej\u00f6tt\u00e9hez az sz\u00fcks\u00e9ges, hogy a helyi k\u00f6z\u00f6ss\u00e9g &#8222;megszervezze \u00e9s akarja&#8221;, \u00e9s ebben az esetben a magyar \u00e1llam is megteszi a dolg\u00e1t, mint ahogy nemr\u00e9giben Toront\u00f3ban, ahol egy ingatlan megv\u00e9tel\u00e9vel t\u00e1mogatta a magyar h\u00e1z kialak\u00edt\u00e1s\u00e1t &#8211; mondta a nemzetpolitik\u00e1\u00e9rt felel\u0151s minisztereln\u00f6k-helyettes, hozz\u00e1t\u00e9ve: a m\u00fcncheni magyar k\u00f6z\u00f6ss\u00e9g nagy l\u00e9tsz\u00e1ma \u00f6nmag\u00e1ban is indokolja egy ilyen int\u00e9zm\u00e9ny megalap\u00edt\u00e1s\u00e1t.<br \/>\n    A korm\u00e1ny az \u00e9let minden ter\u00fclet\u00e9n seg\u00edt, hogy a diaszp\u00f3ra tagjai &#8222;magyar \u00e9letet \u00e9lhessenek&#8221;, \u00e9s a bajororsz\u00e1gi magyars\u00e1g is meg tudja \u0151rizni identit\u00e1s\u00e1t &#8211; hangs\u00falyozta Semj\u00e9n Zsolt.(MTI)<\/p>\n","protected":false},"excerpt":{"rendered":"<p>A magyar korm\u00e1ny seg\u00edt a N\u00e9metorsz\u00e1gban szerzett diplom\u00e1k, oklevelek honos\u00edt\u00e1s\u00e1ban, a magyar \u00e1llampolg\u00e1rok N\u00e9metorsz\u00e1gban sz\u00fcletett gyermekei pedig a konzul\u00e1tusok k\u00f6zrem\u0171k\u00f6d\u00e9se r\u00e9v\u00e9n azonnal megkaphatj\u00e1k \u00fatlevel\u00fcket &#8211; mondta Semj\u00e9n Zsolt nemzetpolitik\u00e1\u00e9rt felel\u0151s minisztereln\u00f6k-helyettes szerd\u00e1n az MTI-nek, miut\u00e1n M\u00fcnchenben t\u00e1rgyalt a bajororsz\u00e1gi magyar szervezetek vezet\u0151ivel.<\/p>\n","protected":false},"author":1,"featured_media":0,"comment_status":"open","ping_status":"closed","sticky":false,"template":"","format":"standard","meta":[],"categories":[4,19],"tags":[],"_links":{"self":[{"href":"https:\/\/gazdasagportal.hu\/index.php\/wp-json\/wp\/v2\/posts\/73861"}],"collection":[{"href":"https:\/\/gazdasagportal.hu\/index.php\/wp-json\/wp\/v2\/posts"}],"about":[{"href":"https:\/\/gazdasagportal.hu\/index.php\/wp-json\/wp\/v2\/types\/post"}],"author":[{"embeddable":true,"href":"https:\/\/gazdasagportal.hu\/index.php\/wp-json\/wp\/v2\/users\/1"}],"replies":[{"embeddable":true,"href":"https:\/\/gazdasagportal.hu\/index.php\/wp-json\/wp\/v2\/comments?post=73861"}],"version-history":[{"count":1,"href":"https:\/\/gazdasagportal.hu\/index.php\/wp-json\/wp\/v2\/posts\/73861\/revisions"}],"predecessor-version":[{"id":73862,"href":"https:\/\/gazdasagportal.hu\/index.php\/wp-json\/wp\/v2\/posts\/73861\/revisions\/73862"}],"wp:attachment":[{"href":"https:\/\/gazdasagportal.hu\/index.php\/wp-json\/wp\/v2\/media?parent=73861"}],"wp:term":[{"taxonomy":"category","embeddable":true,"href":"https:\/\/gazdasagportal.hu\/index.php\/wp-json\/wp\/v2\/categories?post=73861"},{"taxonomy":"post_tag","embeddable":true,"href":"https:\/\/gazdasagportal.hu\/index.php\/wp-json\/wp\/v2\/tags?post=73861"}],"curies":[{"name":"wp","href":"https:\/\/api.w.org\/{rel}","templated":true}]}}