{"id":73845,"date":"2016-01-27T16:48:00","date_gmt":"2016-01-27T15:48:00","guid":{"rendered":"http:\/\/gazdasagportal.hu\/?p=73845"},"modified":"2016-01-27T16:48:00","modified_gmt":"2016-01-27T15:48:00","slug":"illegalis-bevandorlas-eu-biztos-gorogorszag-elhanyagolta-a-hatarok-vedelmet-illeto-kotelezettsegeit","status":"publish","type":"post","link":"https:\/\/gazdasagportal.hu\/index.php\/illegalis-bevandorlas-eu-biztos-gorogorszag-elhanyagolta-a-hatarok-vedelmet-illeto-kotelezettsegeit\/","title":{"rendered":"Illeg\u00e1lis bev\u00e1ndorl\u00e1s &#8211; EU-biztos: G\u00f6r\u00f6gorsz\u00e1g elhanyagolta a hat\u00e1rok v\u00e9delm\u00e9t illet\u0151 k\u00f6telezetts\u00e9geit"},"content":{"rendered":"<p><strong>G\u00f6r\u00f6gorsz\u00e1g &#8222;s\u00falyosan elhanyagolta&#8221; a schengeni k\u00fcls\u0151 hat\u00e1rok v\u00e9delm\u00e9re vonatkoz\u00f3 k\u00f6telezetts\u00e9geit a migr\u00e1ci\u00f3s v\u00e1ls\u00e1g k\u00f6zepette &#8211; k\u00f6z\u00f6lte sajt\u00f3t\u00e1j\u00e9koztat\u00f3j\u00e1n az Eur\u00f3pai Bizotts\u00e1g eur\u00f3\u00e9rt \u00e9s szoci\u00e1lis p\u00e1rbesz\u00e9d\u00e9rt felel\u0151s aleln\u00f6ke szerd\u00e1n Br\u00fcsszelben.<br \/>\n<\/strong><!--more--><\/p>\n<div class=\"ads-in-post1\"><div id=\"gazdasagportal.hu_fullbanner_wideboard\"><\/div>\r\n<\/div>\n    Valdis Dombrovskis ezt azut\u00e1n jelentette ki, hogy a biztosok koll\u00e9giuma megvitatta a G\u00f6r\u00f6gorsz\u00e1gra vonatkoz\u00f3 schengeni \u00e9rt\u00e9kel\u00e9si jelent\u00e9s tervezet\u00e9t.<br \/>\n    A nem nyilv\u00e1nos jelent\u00e9stervezet a tagorsz\u00e1gok \u00e9s az eur\u00f3pai uni\u00f3s hat\u00e1r\u0151rizeti \u00fcgyn\u00f6ks\u00e9g (Frontex) szak\u00e9rt\u0151inek egy, el\u0151re be nem jelentett novemberi helysz\u00edni l\u00e1togat\u00e1s\u00e1n alapul. A dokumentum k\u00e9sz\u00edt\u0151i, noha elismerik a g\u00f6r\u00f6g hat\u00f3s\u00e1gok leterhelts\u00e9g\u00e9t, meg\u00e1llap\u00edtj\u00e1k, hogy a migr\u00e1nsok t\u00e9nyleges azonos\u00edt\u00e1sa \u00e9s regisztr\u00e1ci\u00f3ja nem t\u00f6rt\u00e9nik meg. El\u0151fordul, hogy az ujjlenyomatokat nem viszik be a rendszerbe, nem ellen\u0151rzik mindig az \u00fati okm\u00e1nyok hiteless\u00e9g\u00e9t, \u00e9s nem vetik \u00f6ssze azokat minden esetben az alapvet\u0151 biztons\u00e1gi adatb\u00e1zisokkal.<br \/>\n    Az uni\u00f3s biztos elmondta, hogy b\u00e1r tavaly november \u00f3ta a g\u00f6r\u00f6g hat\u00f3s\u00e1gok fokozt\u00e1k er\u0151fesz\u00edt\u00e9seiket, ez m\u00e9g mindig nem elegend\u0151, tov\u00e1bbra is komoly hi\u00e1nyoss\u00e1gok tapasztalhat\u00f3k.<br \/>\n    Ha a tag\u00e1llamok t\u00f6bbs\u00e9ge elfogadja a tervezetet, akkor a bizotts\u00e1gnak akci\u00f3tervet kell kidolgoznia Ath\u00e9n sz\u00e1m\u00e1ra. Ebben az esetben G\u00f6r\u00f6gorsz\u00e1gnak h\u00e1rom h\u00f3napja lesz arra, hogy eleget tegyen az el\u0151\u00edr\u00e1soknak, m\u00e1sk\u00fcl\u00f6nben szankci\u00f3kat vezethetnek be ellene a schengeni egyezm\u00e9ny \u00e9rtelm\u00e9ben.<br \/>\n    Dombrovskis mindemellett hangs\u00falyozta, a migr\u00e1ci\u00f3s v\u00e1ls\u00e1g kezel\u00e9se ter\u00e9n tapasztalt hi\u00e1nyoss\u00e1gok nem lesznek hat\u00e1ssal a G\u00f6r\u00f6gorsz\u00e1g sz\u00e1m\u00e1ra tavaly j\u00f3v\u00e1hagyott, h\u00e1rom \u00e9vre sz\u00f3l\u00f3 86 milli\u00e1rd eur\u00f3s seg\u00e9lycsomagra.<br \/>\n    Az uni\u00f3s tagorsz\u00e1gok h\u00e9tf\u0151n felsz\u00f3l\u00edtott\u00e1k az Eur\u00f3pai Bizotts\u00e1got, teremtse meg a lehet\u0151s\u00e9g\u00e9t annak, hogy a bels\u0151 hat\u00e1rellen\u0151rz\u00e9st ak\u00e1r k\u00e9t \u00e9vre is vissza lehessen \u00e1ll\u00edtani a schengeni \u00f6vezeten bel\u00fcl.<br \/>\n    A Frontex adatai szerint a menek\u00fclt\u00e1radat a t\u00e9l be\u00e1llt\u00e1val sem m\u00e9rs\u00e9kl\u0151d\u00f6tt jelent\u0151sen. Novemberben 150 ezer, decemberben 108 ezer menek\u00fclt l\u00e9pett G\u00f6r\u00f6gorsz\u00e1g \u00e9s Olaszorsz\u00e1g ter\u00fclet\u00e9re. Tavaly \u00f6sszesen 1,4 milli\u00f3 bev\u00e1ndorl\u00f3 \u00e9rkezett az uni\u00f3ba a k\u00e9t orsz\u00e1gon kereszt\u00fcl, ez \u00f6tsz\u00f6r\u00f6se a 2014-es adatoknak.(MTI)<\/p>\n","protected":false},"excerpt":{"rendered":"<p>G\u00f6r\u00f6gorsz\u00e1g &#8222;s\u00falyosan elhanyagolta&#8221; a schengeni k\u00fcls\u0151 hat\u00e1rok v\u00e9delm\u00e9re vonatkoz\u00f3 k\u00f6telezetts\u00e9geit a migr\u00e1ci\u00f3s v\u00e1ls\u00e1g k\u00f6zepette &#8211; k\u00f6z\u00f6lte sajt\u00f3t\u00e1j\u00e9koztat\u00f3j\u00e1n az Eur\u00f3pai Bizotts\u00e1g eur\u00f3\u00e9rt \u00e9s szoci\u00e1lis p\u00e1rbesz\u00e9d\u00e9rt felel\u0151s aleln\u00f6ke szerd\u00e1n Br\u00fcsszelben.<\/p>\n","protected":false},"author":1,"featured_media":0,"comment_status":"open","ping_status":"closed","sticky":false,"template":"","format":"standard","meta":[],"categories":[12],"tags":[],"_links":{"self":[{"href":"https:\/\/gazdasagportal.hu\/index.php\/wp-json\/wp\/v2\/posts\/73845"}],"collection":[{"href":"https:\/\/gazdasagportal.hu\/index.php\/wp-json\/wp\/v2\/posts"}],"about":[{"href":"https:\/\/gazdasagportal.hu\/index.php\/wp-json\/wp\/v2\/types\/post"}],"author":[{"embeddable":true,"href":"https:\/\/gazdasagportal.hu\/index.php\/wp-json\/wp\/v2\/users\/1"}],"replies":[{"embeddable":true,"href":"https:\/\/gazdasagportal.hu\/index.php\/wp-json\/wp\/v2\/comments?post=73845"}],"version-history":[{"count":1,"href":"https:\/\/gazdasagportal.hu\/index.php\/wp-json\/wp\/v2\/posts\/73845\/revisions"}],"predecessor-version":[{"id":73846,"href":"https:\/\/gazdasagportal.hu\/index.php\/wp-json\/wp\/v2\/posts\/73845\/revisions\/73846"}],"wp:attachment":[{"href":"https:\/\/gazdasagportal.hu\/index.php\/wp-json\/wp\/v2\/media?parent=73845"}],"wp:term":[{"taxonomy":"category","embeddable":true,"href":"https:\/\/gazdasagportal.hu\/index.php\/wp-json\/wp\/v2\/categories?post=73845"},{"taxonomy":"post_tag","embeddable":true,"href":"https:\/\/gazdasagportal.hu\/index.php\/wp-json\/wp\/v2\/tags?post=73845"}],"curies":[{"name":"wp","href":"https:\/\/api.w.org\/{rel}","templated":true}]}}