{"id":73806,"date":"2016-01-27T05:26:33","date_gmt":"2016-01-27T04:26:33","guid":{"rendered":"http:\/\/gazdasagportal.hu\/?p=73806"},"modified":"2016-01-26T20:03:19","modified_gmt":"2016-01-26T19:03:19","slug":"politico-rumsfeld-az-invazio-elott-tudta-hogy-irakban-nincsenek-tomegpusztito-fegyverek","status":"publish","type":"post","link":"https:\/\/gazdasagportal.hu\/index.php\/politico-rumsfeld-az-invazio-elott-tudta-hogy-irakban-nincsenek-tomegpusztito-fegyverek\/","title":{"rendered":"Politico: Rumsfeld az inv\u00e1zi\u00f3 el\u0151tt tudta, hogy Irakban nincsenek t\u00f6megpuszt\u00edt\u00f3 fegyverek"},"content":{"rendered":"<p><strong>Donald Rumsfeld, aki George W. Bush korm\u00e1ny\u00e1nak v\u00e9delmi minisztere volt, m\u00e1r az Irak elleni inv\u00e1zi\u00f3 2003-as megind\u00edt\u00e1sa el\u0151tt tiszt\u00e1ban volt azzal, hogy Irakban nincsenek t\u00f6megpuszt\u00edt\u00f3 fegyverek &#8211; der\u00edtett\u00e9k ki a Politico c\u00edm\u0171 lap oknyomoz\u00f3 \u00fajs\u00e1g\u00edr\u00f3i a Feh\u00e9r H\u00e1z, a k\u00fcl\u00fcgyminiszt\u00e9rium, a v\u00e9delmi miniszt\u00e9rium \u00e9s a h\u00edrszerz\u00e9s n\u00e9vtelens\u00e9get k\u00e9r\u0151 inform\u00e1toraira hivatkozva.<br \/>\n<\/strong><!--more--><\/p>\n<div class=\"ads-in-post1\"><div id=\"gazdasagportal.hu_fullbanner_wideboard\"><\/div>\r\n<\/div>\n    Rumsfeld tudta, de nem mondta, hallgatott r\u00f3la, hogy r\u00e9szletes h\u00edrszerz\u00e9si jelent\u00e9sek szerint Irakban nagyon nagy val\u00f3sz\u00edn\u0171s\u00e9ggel nincsenek t\u00f6megpuszt\u00edt\u00f3 fegyverek. A Bush-korm\u00e1nyzat v\u00e9delmi miniszterek\u00e9nt nem akarta, hogy az akkor m\u00e1r el\u0151k\u00e9sz\u00edtett inv\u00e1zi\u00f3s terveket al\u00e1\u00e1ss\u00e1k ezek az inform\u00e1ci\u00f3k &#8211; \u00e1ll\u00edtja hosszas oknyomoz\u00f3 munka ut\u00e1n a Politico. S\u0151t, az eddigi inform\u00e1ci\u00f3k szerint e t\u00e9nyr\u0151l nem csak Rumsfeld tudott, hanem a vez\u00e9rkari f\u0151n\u00f6k\u00f6k egyes\u00edtett bizotts\u00e1g\u00e1nak akkori vezet\u0151je is, \u00e1m m\u00e9g Colin Powell akkori k\u00fcl\u00fcgyminisztert sem t\u00e1j\u00e9koztatt\u00e1k err\u0151l.<br \/>\n    2002. szeptember 9-\u00e9n, amikor a Bush-korm\u00e1ny m\u00e1r jav\u00e1ban dolgozott az iraki inv\u00e1zi\u00f3 el\u0151k\u00e9sz\u00edt\u00e9s\u00e9n, titkos jelent\u00e9s landolt a vez\u00e9rkari f\u0151n\u00f6k\u00f6k egyes\u00edtett bizotts\u00e1ga akkori eln\u00f6k\u00e9nek \u00edr\u00f3asztal\u00e1n. Donald Rumsfeld v\u00e9delmi miniszter k\u00fcldte, s megjegyz\u00e9st is f\u0171z\u00f6tt hozz\u00e1. &#8222;K\u00e9rem pillantson bele ebbe az anyagba, hogy mir\u0151l is nem tudunk mi a t\u00f6megpuszt\u00edt\u00f3 fegyvereket illet\u0151en! Nagy dologr\u00f3l van sz\u00f3&#8221; &#8211; \u00edrta Rumsfeld a l\u00e9gier\u0151 parancsnok\u00e1nak, Richard Myers t\u00e1bornoknak, a vez\u00e9rkari f\u0151n\u00f6k\u00f6k egyes\u00edtett bizotts\u00e1ga akkori f\u0151n\u00f6k\u00e9nek. A jelent\u00e9s r\u00e9szletes \u00f6ssze\u00e1ll\u00edt\u00e1st tartalmazott arr\u00f3l, hogy az amerikai h\u00edrszerz\u00e9s mit tudott meg &#8211; illetve mit nem tudott &#8211; az \u00e1ll\u00edt\u00f3lagos iraki t\u00f6megpuszt\u00edt\u00f3 fegyverekr\u0151l.<br \/>\n    Myers t\u00e1bornok ekkor m\u00e1r ismerte a jelent\u00e9s  tartalm\u00e1t, mert megkapta a h\u00edrszerz\u00e9st\u0151l. Rumsfeld feljegyz\u00e9s\u00e9b\u0151l azonban meg\u00e9rtette, hogy a v\u00e9delmi miniszter szerint az inform\u00e1ci\u00f3k nyilv\u00e1noss\u00e1gra ker\u00fcl\u00e9se komolyan al\u00e1\u00e1sn\u00e1 a Bush-adminisztr\u00e1ci\u00f3 h\u00e1bor\u00fas retorik\u00e1j\u00e1t. Ez\u00e9rt azut\u00e1n a Politico szerint soha nem osztotta meg azokat a korm\u00e1nyzat kulcsfontoss\u00e1g\u00fa tiszts\u00e9gvisel\u0151ivel, \u00edgy Colin Powell k\u00fcl\u00fcgyminiszterrel, vagy p\u00e9ld\u00e1ul a K\u00f6zponti H\u00edrszerz\u0151 \u00dcgyn\u00f6ks\u00e9g (CIA) legf\u0151bb vezet\u0151ivel. E helyett a nyolcoldalas \u00f6ssze\u00e1ll\u00edt\u00e1st egyszer\u0171en els\u00fcllyesztett\u00e9k, \u00e9s megindult az er\u0151teljes korm\u00e1nyzati propaganda, amely arr\u00f3l sz\u00f3lt, hogy Szadd\u00e1m Huszein akkori iraki eln\u00f6k nukle\u00e1ris, biol\u00f3giai, valamint vegyifegyverei potenci\u00e1lis fenyeget\u00e9st jelentenek az Egyes\u00fclt \u00c1llamok biztons\u00e1g\u00e1ra.<br \/>\n     J\u00f3llehet ez r\u00e9gen t\u00f6rt\u00e9nt, de lehetnek a k\u00f6vetkezm\u00e9nyei a mostani eln\u00f6kv\u00e1laszt\u00e1si kamp\u00e1nyban is. R\u00e9szben az\u00e9rt, mert a demokrat\u00e1k leges\u00e9lyesebb eln\u00f6kjel\u00f6lt-aspir\u00e1nsa, Hillary Clinton akkor szen\u00e1tork\u00e9nt szavazat\u00e1val is t\u00e1mogatta Irak lerohan\u00e1s\u00e1t, r\u00e9szben pedig az\u00e9rt, mert a republik\u00e1nus eln\u00f6kjel\u00f6lts\u00e9g\u00e9rt k\u00fczd\u0151 politikusok k\u00fclpolitikai k\u00e9rd\u00e9sekben arra a Paul Wolfowitzra t\u00e1maszkodnak, aki az iraki h\u00e1bor\u00fa egyik &#8222;megalkot\u00f3ja&#8221; volt. Wolfowitz most Jeb Bush volt floridai korm\u00e1nyz\u00f3 legf\u0151bb k\u00fclpolitikai tan\u00e1csad\u00f3ja.(MTI)<\/p>\n","protected":false},"excerpt":{"rendered":"<p>Donald Rumsfeld, aki George W. Bush korm\u00e1ny\u00e1nak v\u00e9delmi minisztere volt, m\u00e1r az Irak elleni inv\u00e1zi\u00f3 2003-as megind\u00edt\u00e1sa el\u0151tt tiszt\u00e1ban volt azzal, hogy Irakban nincsenek t\u00f6megpuszt\u00edt\u00f3 fegyverek &#8211; der\u00edtett\u00e9k ki a Politico c\u00edm\u0171 lap oknyomoz\u00f3 \u00fajs\u00e1g\u00edr\u00f3i a Feh\u00e9r H\u00e1z, a k\u00fcl\u00fcgyminiszt\u00e9rium, a v\u00e9delmi miniszt\u00e9rium \u00e9s a h\u00edrszerz\u00e9s n\u00e9vtelens\u00e9get k\u00e9r\u0151 inform\u00e1toraira hivatkozva.<\/p>\n","protected":false},"author":1,"featured_media":0,"comment_status":"open","ping_status":"closed","sticky":false,"template":"","format":"standard","meta":[],"categories":[16],"tags":[],"_links":{"self":[{"href":"https:\/\/gazdasagportal.hu\/index.php\/wp-json\/wp\/v2\/posts\/73806"}],"collection":[{"href":"https:\/\/gazdasagportal.hu\/index.php\/wp-json\/wp\/v2\/posts"}],"about":[{"href":"https:\/\/gazdasagportal.hu\/index.php\/wp-json\/wp\/v2\/types\/post"}],"author":[{"embeddable":true,"href":"https:\/\/gazdasagportal.hu\/index.php\/wp-json\/wp\/v2\/users\/1"}],"replies":[{"embeddable":true,"href":"https:\/\/gazdasagportal.hu\/index.php\/wp-json\/wp\/v2\/comments?post=73806"}],"version-history":[{"count":1,"href":"https:\/\/gazdasagportal.hu\/index.php\/wp-json\/wp\/v2\/posts\/73806\/revisions"}],"predecessor-version":[{"id":73807,"href":"https:\/\/gazdasagportal.hu\/index.php\/wp-json\/wp\/v2\/posts\/73806\/revisions\/73807"}],"wp:attachment":[{"href":"https:\/\/gazdasagportal.hu\/index.php\/wp-json\/wp\/v2\/media?parent=73806"}],"wp:term":[{"taxonomy":"category","embeddable":true,"href":"https:\/\/gazdasagportal.hu\/index.php\/wp-json\/wp\/v2\/categories?post=73806"},{"taxonomy":"post_tag","embeddable":true,"href":"https:\/\/gazdasagportal.hu\/index.php\/wp-json\/wp\/v2\/tags?post=73806"}],"curies":[{"name":"wp","href":"https:\/\/api.w.org\/{rel}","templated":true}]}}