{"id":73739,"date":"2016-01-26T05:45:14","date_gmt":"2016-01-26T04:45:14","guid":{"rendered":"http:\/\/gazdasagportal.hu\/?p=73739"},"modified":"2016-01-25T20:36:07","modified_gmt":"2016-01-25T19:36:07","slug":"bovult-a-gyed-extra","status":"publish","type":"post","link":"https:\/\/gazdasagportal.hu\/index.php\/bovult-a-gyed-extra\/","title":{"rendered":"B\u0151v\u00fclt a gyed extra"},"content":{"rendered":"<p><strong>B\u0151v\u00fclt janu\u00e1r elsej\u00e9t\u0151l a gyed extra, m\u00e1r a gyerek hat h\u00f3napos kora ut\u00e1n visszat\u00e9rhet a sz\u00fcl\u0151 a munk\u00e1ba, mik\u00f6zben nem esik el a csal\u00e1dt\u00e1mogat\u00e1sokt\u00f3l &#8211; mondta Nov\u00e1k Katalin csal\u00e1d- \u00e9s ifj\u00fas\u00e1g\u00fcgy\u00e9rt felel\u0151s \u00e1llamtitk\u00e1r h\u00e9tf\u0151i, budapesti sajt\u00f3t\u00e1j\u00e9koztat\u00f3j\u00e1n.<br \/>\n<\/strong><!--more--><\/p>\n<div class=\"ads-in-post1\"><div id=\"gazdasagportal.hu_fullbanner_wideboard\"><\/div>\r\n<\/div>\n    Az Emberi Er\u0151forr\u00e1sok Miniszt\u00e9rium\u00e1nak \u00e1llamtitk\u00e1ra eml\u00e9keztetett arra: 2014 el\u0151tt ha a sz\u00fcl\u0151k mindketten dolgoztak a h\u00e1rom\u00e9vesn\u00e9l fiatalabb gyermek mellett, akkor elestek a csal\u00e1dt\u00e1mogat\u00e1sokt\u00f3l, nem kaptak gyedet, illetve gyest, ezen a rendszeren v\u00e1ltoztatott a gyed extra bevezet\u00e9se.<br \/>\n    K\u00f6z\u00f6lte, ma m\u00e1r a m\u00e1sf\u00e9l \u00e9s k\u00e9tkeres\u0151s csal\u00e1dmodell az \u00e9letk\u00e9pes, sokan k\u00e9nyszer\u00fclnek r\u00e1, hogy kisgyermek mellett munk\u00e1t v\u00e1llaljanak, \u00e9s a korm\u00e1ny ennek a lehet\u0151s\u00e9g\u00e9t teremtette meg a gyed extra bevezet\u00e9s\u00e9vel.<br \/>\n    Hangs\u00falyozta: nem szeretn\u00e9k megmondani, hogy egy f\u00e9l\u00e9ves gyermeket nevel\u0151 \u00e9desany\u00e1nak vissza kell-e t\u00e9rnie a munkaer\u0151piacra, senkit nem arra szeretn\u00e9nek \u00f6szt\u00f6n\u00f6zni, hogy pici gyermek mellett munk\u00e1t v\u00e1llaljon. Ennek a lehet\u0151s\u00e9g\u00e9t szeretn\u00e9k megteremteni &#8211; mondta.<br \/>\n    Hozz\u00e1tette, a gyed extra b\u0151v\u00edt\u00e9s\u00e9vel ak\u00e1r csaknem egymilli\u00f3 forint \u00e9vi t\u00f6bbletj\u00f6vedelemhez juthatnak az arra jogosult csal\u00e1dok. Megjegyezte: a gyed extra ir\u00e1nt nagy az \u00e9rdekl\u0151d\u00e9s, folyamatosan n\u0151 az ig\u00e9nyl\u0151k sz\u00e1ma, tavaly 50 ezren vett\u00e9k ig\u00e9nybe.<br \/>\n    Nov\u00e1k Katalin elmondta, n\u0151tt a gyed maxim\u00e1lis \u00f6sszege is, jelenleg ez 155 400 forint, ami brutt\u00f3 5,7 sz\u00e1zal\u00e9kos emelked\u00e9st jelent az el\u0151z\u0151 \u00e9vihez k\u00e9pest. Eml\u00e9keztetett arra: 2010-r\u0151l 2016-ra m\u00e1sf\u00e9lszeres\u00e9re n\u0151tt a gyed maximum\u00e1nak \u00f6sszege, ezzel is n\u00f6velik a csal\u00e1dok j\u00f6vedelm\u00e9t.<br \/>\n    Az \u00e1llamtitk\u00e1r besz\u00e9lt arr\u00f3l is, hogy tov\u00e1bbra is l\u00e9tezik a &#8222;testv\u00e9rgyed&#8221;, amely azt jelenti, hogy k\u00e9t gyerek ut\u00e1n k\u00e9tszeres, h\u00e1rom gyerek ut\u00e1n h\u00e1romszoros \u00f6sszeg j\u00e1r, ha a gyerekek gyorsan egym\u00e1s ut\u00e1n sz\u00fcletnek, valamint tov\u00e1bbra is ig\u00e9nyelhetik a f\u0151iskolai, egyetemi hallgat\u00f3k \u00e9s frissen v\u00e9gzettek az egy \u00e9vre sz\u00f3l\u00f3 diplom\u00e1sgyedet.<br \/>\n    Kit\u00e9rt arra: a korm\u00e1nyz\u00e1s kezdet\u00e9n &#8222;visszaadt\u00e1k&#8221; a harmadik \u00e9vi gyest, \u00e9s ism\u00e9t h\u00e1rom \u00e9vig maradhatnak otthon a kisgyermekekkel a sz\u00fcl\u0151k.<br \/>\n    A csal\u00e1dpolitikai reformok m\u0171k\u00f6dnek, a gyed extra bevetet\u00e9s\u00e9vel, a gyes harmadik \u00e9v\u00e9nek visszavezet\u00e9s\u00e9vel \u00e9s a gyed extra kiterjeszt\u00e9s\u00e9vel n\u00f6velni tudt\u00e1k a kisgyermekeket nevel\u0151 csal\u00e1dok mozg\u00e1ster\u00e9t &#8211; jelentette ki Nov\u00e1k Katalin.(MTI)<\/p>\n","protected":false},"excerpt":{"rendered":"<p>B\u0151v\u00fclt janu\u00e1r elsej\u00e9t\u0151l a gyed extra, m\u00e1r a gyerek hat h\u00f3napos kora ut\u00e1n visszat\u00e9rhet a sz\u00fcl\u0151 a munk\u00e1ba, mik\u00f6zben nem esik el a csal\u00e1dt\u00e1mogat\u00e1sokt\u00f3l &#8211; mondta Nov\u00e1k Katalin csal\u00e1d- \u00e9s ifj\u00fas\u00e1g\u00fcgy\u00e9rt felel\u0151s \u00e1llamtitk\u00e1r h\u00e9tf\u0151i, budapesti sajt\u00f3t\u00e1j\u00e9koztat\u00f3j\u00e1n.<\/p>\n","protected":false},"author":1,"featured_media":0,"comment_status":"open","ping_status":"closed","sticky":false,"template":"","format":"standard","meta":[],"categories":[4],"tags":[],"_links":{"self":[{"href":"https:\/\/gazdasagportal.hu\/index.php\/wp-json\/wp\/v2\/posts\/73739"}],"collection":[{"href":"https:\/\/gazdasagportal.hu\/index.php\/wp-json\/wp\/v2\/posts"}],"about":[{"href":"https:\/\/gazdasagportal.hu\/index.php\/wp-json\/wp\/v2\/types\/post"}],"author":[{"embeddable":true,"href":"https:\/\/gazdasagportal.hu\/index.php\/wp-json\/wp\/v2\/users\/1"}],"replies":[{"embeddable":true,"href":"https:\/\/gazdasagportal.hu\/index.php\/wp-json\/wp\/v2\/comments?post=73739"}],"version-history":[{"count":1,"href":"https:\/\/gazdasagportal.hu\/index.php\/wp-json\/wp\/v2\/posts\/73739\/revisions"}],"predecessor-version":[{"id":73740,"href":"https:\/\/gazdasagportal.hu\/index.php\/wp-json\/wp\/v2\/posts\/73739\/revisions\/73740"}],"wp:attachment":[{"href":"https:\/\/gazdasagportal.hu\/index.php\/wp-json\/wp\/v2\/media?parent=73739"}],"wp:term":[{"taxonomy":"category","embeddable":true,"href":"https:\/\/gazdasagportal.hu\/index.php\/wp-json\/wp\/v2\/categories?post=73739"},{"taxonomy":"post_tag","embeddable":true,"href":"https:\/\/gazdasagportal.hu\/index.php\/wp-json\/wp\/v2\/tags?post=73739"}],"curies":[{"name":"wp","href":"https:\/\/api.w.org\/{rel}","templated":true}]}}