{"id":73727,"date":"2016-01-26T04:08:07","date_gmt":"2016-01-26T03:08:07","guid":{"rendered":"http:\/\/gazdasagportal.hu\/?p=73727"},"modified":"2016-01-25T20:19:07","modified_gmt":"2016-01-25T19:19:07","slug":"elozetesbe-kerult-az-uber-sofor-ket-tamadoja","status":"publish","type":"post","link":"https:\/\/gazdasagportal.hu\/index.php\/elozetesbe-kerult-az-uber-sofor-ket-tamadoja\/","title":{"rendered":"El\u0151zetesbe ker\u00fclt az Uber-sof\u0151r k\u00e9t t\u00e1mad\u00f3ja"},"content":{"rendered":"<p><strong>El\u0151zetes letart\u00f3ztat\u00e1sba helyezte a b\u00edr\u00f3s\u00e1g azt a k\u00e9t f\u00e9rfit, akit azzal gyan\u00fas\u00edtanak, hogy tov\u00e1bbi k\u00e9t t\u00e1rsukkal egy\u00fctt p\u00e9ntek \u00e9jjel megt\u00e1madta az Uber k\u00f6z\u00f6ss\u00e9gi szolg\u00e1ltat\u00f3 egyik sof\u0151rj\u00e9t a f\u0151v\u00e1rosban.<\/strong><!--more--><\/p>\n<div class=\"ads-in-post1\"><div id=\"gazdasagportal.hu_fullbanner_wideboard\"><\/div>\r\n<\/div>\n<p>    P\u00f3ta P\u00e9ter, a F\u0151v\u00e1rosi T\u00f6rv\u00e9nysz\u00e9k sz\u00f3viv\u0151je az MTI-nek h\u00e9tf\u0151n elmondta: a Budai K\u00f6zponti Ker\u00fcleti B\u00edr\u00f3s\u00e1g elrendelte mindk\u00e9t gyan\u00fas\u00edtott el\u0151zetes letart\u00f3ztat\u00e1s\u00e1t febru\u00e1r 25-ig.<br \/>\n    Ezt a b\u00edr\u00f3s\u00e1g a bizony\u00edt\u00e1si elj\u00e1r\u00e1s meghi\u00fas\u00edt\u00e1s\u00e1nak vesz\u00e9ly\u00e9vel indokolta. Az\u00e9rt rendelte el a k\u00e9nyszerint\u00e9zked\u00e9st, hogy kiz\u00e1rja az esetleges \u00f6sszebesz\u00e9l\u00e9s, vallom\u00e1segyeztet\u00e9s lehet\u0151s\u00e9g\u00e9t &#8211; k\u00f6z\u00f6lte.<br \/>\n    Mint elmondta, a gyan\u00fas\u00edtottak tagadt\u00e1k a terh\u00fckre felr\u00f3tt b\u0171ncselekm\u00e9ny elk\u00f6vet\u00e9s\u00e9t, a tan\u00favallom\u00e1sok ellentmond\u00e1sosak voltak, valamint \u00fajabb k\u00e9t ember is meggyan\u00fas\u00edtottak az \u00fcgyben.<br \/>\n    Sz\u00fcks\u00e9ges az ellentmond\u00e1sok felold\u00e1sa, a gyan\u00fas\u00edtottak szembes\u00edt\u00e9se egym\u00e1ssal &#8211; tette hozz\u00e1 P\u00f3ta P\u00e9ter.<br \/>\n    A v\u00e9gz\u00e9s nem joger\u0151s.<br \/>\n    A F\u0151v\u00e1rosi T\u00f6rv\u00e9nysz\u00e9k az MTI-hez eljuttatott k\u00f6zlem\u00e9ny\u00e9ben azt \u00edrta, a nyomoz\u00f3 hat\u00f3s\u00e1g (a Budapesti Rend\u0151r-f\u0151kapit\u00e1nys\u00e1g XVIII. ker\u00fcleti Rend\u0151rkapit\u00e1nys\u00e1ga) azzal gyan\u00fas\u00edtja a k\u00e9t embert, hogy p\u00e9nteken megvert\u00e9k \u00e9s rugdost\u00e1k az &#8222;uberes&#8221; szem\u00e9lysz\u00e1ll\u00edt\u00e1sban r\u00e9szt vev\u0151 s\u00e9rtettet, valamint let\u00f6rt\u00e9k a g\u00e9pkocsija visszapillant\u00f3 t\u00fckr\u00e9t. A b\u00e1ntalmaz\u00e1s k\u00f6vetkezt\u00e9ben a s\u00e9rtettnek az orrcsontja elt\u00f6rt \u00e9s agyr\u00e1zk\u00f3d\u00e1st szenvedett, s\u00e9r\u00fcl\u00e9sei 8 napon t\u00fal gy\u00f3gyul\u00f3ak voltak.<br \/>\n    A nyomoz\u00e1st aljas indokb\u00f3l elk\u00f6vetett s\u00falyos testi s\u00e9rt\u00e9s b\u0171ntette \u00e9s m\u00e1s b\u0171ncselekm\u00e9ny miatt folytatj\u00e1k.<br \/>\n    Kor\u00e1bbi rend\u0151rs\u00e9gi t\u00e1j\u00e9koztat\u00e1s szerint a kev\u00e9ssel p\u00e9ntek \u00e9jf\u00e9l el\u0151tt, a XVIII. ker\u00fcleti Balassa B\u00e1lint utc\u00e1ban t\u00f6rt\u00e9nt eset miatt egy 28 \u00e9s egy 35 \u00e9ves budapesti, valamint egy 19 \u00e9ves r\u00e1ckevei f\u00e9rfi ellen csoportosan elk\u00f6vetett gar\u00e1zdas\u00e1g miatt j\u00e1r el a rend\u0151rs\u00e9g, m\u00edg 33 \u00e9ves f\u0151v\u00e1rosi t\u00e1rsuk eset\u00e9ben a s\u00falyos testi s\u00e9rt\u00e9s alapos gyan\u00faj\u00e1t is meg\u00e1llap\u00edtott\u00e1k.<br \/>\n    Az esetr\u0151l annyit k\u00f6z\u00f6ltek, hogy a n\u00e9gy f\u00e9rfi sz\u00f3v\u00e1lt\u00e1sba keveredett egy parkol\u00f3 aut\u00f3ban v\u00e1rakoz\u00f3 sof\u0151rrel, majd b\u00e1ntalmazt\u00e1k \u0151t; a rend\u0151rs\u00e9get a szemtan\u00fak \u00e9rtes\u00edtett\u00e9k, de ki\u00e9rkez\u00e9s\u00fckre a n\u00e9gy f\u00e9rfi elmenek\u00fclt, de k\u00e9s\u0151bb elfogt\u00e1k \u0151ket.(MTI)<\/p>\n","protected":false},"excerpt":{"rendered":"<p>El\u0151zetes letart\u00f3ztat\u00e1sba helyezte a b\u00edr\u00f3s\u00e1g azt a k\u00e9t f\u00e9rfit, akit azzal gyan\u00fas\u00edtanak, hogy tov\u00e1bbi k\u00e9t t\u00e1rsukkal egy\u00fctt p\u00e9ntek \u00e9jjel megt\u00e1madta az Uber k\u00f6z\u00f6ss\u00e9gi szolg\u00e1ltat\u00f3 egyik sof\u0151rj\u00e9t a f\u0151v\u00e1rosban.<\/p>\n","protected":false},"author":1,"featured_media":0,"comment_status":"open","ping_status":"closed","sticky":false,"template":"","format":"standard","meta":[],"categories":[4],"tags":[],"_links":{"self":[{"href":"https:\/\/gazdasagportal.hu\/index.php\/wp-json\/wp\/v2\/posts\/73727"}],"collection":[{"href":"https:\/\/gazdasagportal.hu\/index.php\/wp-json\/wp\/v2\/posts"}],"about":[{"href":"https:\/\/gazdasagportal.hu\/index.php\/wp-json\/wp\/v2\/types\/post"}],"author":[{"embeddable":true,"href":"https:\/\/gazdasagportal.hu\/index.php\/wp-json\/wp\/v2\/users\/1"}],"replies":[{"embeddable":true,"href":"https:\/\/gazdasagportal.hu\/index.php\/wp-json\/wp\/v2\/comments?post=73727"}],"version-history":[{"count":1,"href":"https:\/\/gazdasagportal.hu\/index.php\/wp-json\/wp\/v2\/posts\/73727\/revisions"}],"predecessor-version":[{"id":73728,"href":"https:\/\/gazdasagportal.hu\/index.php\/wp-json\/wp\/v2\/posts\/73727\/revisions\/73728"}],"wp:attachment":[{"href":"https:\/\/gazdasagportal.hu\/index.php\/wp-json\/wp\/v2\/media?parent=73727"}],"wp:term":[{"taxonomy":"category","embeddable":true,"href":"https:\/\/gazdasagportal.hu\/index.php\/wp-json\/wp\/v2\/categories?post=73727"},{"taxonomy":"post_tag","embeddable":true,"href":"https:\/\/gazdasagportal.hu\/index.php\/wp-json\/wp\/v2\/tags?post=73727"}],"curies":[{"name":"wp","href":"https:\/\/api.w.org\/{rel}","templated":true}]}}