{"id":73725,"date":"2016-01-26T03:14:36","date_gmt":"2016-01-26T02:14:36","guid":{"rendered":"http:\/\/gazdasagportal.hu\/?p=73725"},"modified":"2016-01-25T20:15:39","modified_gmt":"2016-01-25T19:15:39","slug":"who-41-millio-ot-ev-alatti-gyermek-tulsulyos-vagy-elhizott","status":"publish","type":"post","link":"https:\/\/gazdasagportal.hu\/index.php\/who-41-millio-ot-ev-alatti-gyermek-tulsulyos-vagy-elhizott\/","title":{"rendered":"WHO: 41 milli\u00f3 \u00f6t \u00e9v alatti gyermek t\u00fals\u00falyos vagy elh\u00edzott"},"content":{"rendered":"<p><strong>41 milli\u00f3 \u00f6t \u00e9v alatti gyermek t\u00fals\u00falyos vagy elh\u00edzott &#8211; olvashat\u00f3 az Eg\u00e9szs\u00e9g\u00fcgyi Vil\u00e1gszervezet (WHO) \u00e1ltal 2014-ben \u00e9letre h\u00edvott, a gyermekkori elh\u00edz\u00e1s megsz\u0171n\u00e9s\u00e9rt k\u00fczd\u0151 bizotts\u00e1g z\u00e1r\u00f3 jelent\u00e9s\u00e9ben, amely h\u00e9tf\u0151n jelent meg Genfben.<\/strong><!--more--><\/p>\n<div class=\"ads-in-post1\"><div id=\"gazdasagportal.hu_fullbanner_wideboard\"><\/div>\r\n<\/div>\n<p>    A jelent\u00e9sben, amelyet a WHO magyarorsz\u00e1gi irod\u00e1ja juttatott el az MTI-hez, az olvashat\u00f3, hogy t\u00fals\u00falyos vagy elh\u00edzott kisgyermekek sz\u00e1ma 1990 \u00e9s 2014 k\u00f6z\u00f6tt 31 milli\u00f3r\u00f3l 41 milli\u00f3ra n\u0151tt, \u00e9s leggyorsabban az alacsony, valamint a k\u00f6zepes j\u00f6vedelm\u0171 orsz\u00e1gokban \u00e9l\u0151 gyermekekn\u00e9l n\u00f6vekszik.<br \/>\n    A t\u00fals\u00falyos gyermekek ar\u00e1nya az 5 \u00e9v alattiakn\u00e1l 1990-t\u0151l 2014-ig 4,8 sz\u00e1zal\u00e9kr\u00f3l 6,4 sz\u00e1zal\u00e9kra n\u0151tt &#8211; olvashat\u00f3 a szervezet jelent\u00e9s\u00e9ben. Sz\u00e1muk az als\u00f3 k\u00f6zepes j\u00f6vedelm\u0171 orsz\u00e1gokban 7,5 milli\u00f3r\u00f3l 15,5 milli\u00f3ra n\u0151tt.<br \/>\n    K\u00f6z\u00f6lt\u00e9k azt is: 2014-ben a t\u00fals\u00falyos \u00e9s elh\u00edzott 5 \u00e9v alatti gyermekek majdnem fele (48 sz\u00e1zal\u00e9kuk) \u00c1zsi\u00e1ban, egynegyed\u00fck Afrik\u00e1ban \u00e9lt. A t\u00fals\u00falyos gyermekek sz\u00e1ma Afrik\u00e1ban csaknem a k\u00e9tszeres\u00e9re n\u0151tt 1990 \u00f3ta (5,4 milli\u00f3r\u00f3l 10,3 milli\u00f3ra).<br \/>\n    A bizotts\u00e1g egyik vezet\u0151je, Sania Nishtar, akit a WHO k\u00f6zlem\u00e9ny\u00e9ben id\u00e9z, \u00fagy fogalmazott: a t\u00fals\u00falyoss\u00e1g \u00e9s elh\u00edz\u00e1s hat\u00e1ssal lehet egy gyermek \u00e9letmin\u0151s\u00e9g\u00e9re, mivel sok akad\u00e1llyal kell szemben\u00e9znie, bele\u00e9rtve fizikai, pszichikai \u00e9s eg\u00e9szs\u00e9g\u00fcgyi probl\u00e9m\u00e1kat is. Az elh\u00edz\u00e1s hat\u00e1ssal lehet az iskol\u00e1zotts\u00e1g szintj\u00e9re, \u00e9s ez, valamint annak a val\u00f3sz\u00edn\u0171s\u00e9ge, hogy az \u00e9rintett gyermekek feln\u0151ttk\u00e9nt is elh\u00edzottak maradnak, komoly eg\u00e9szs\u00e9g\u00fcgyi \u00e9s gazdas\u00e1gi kock\u00e1zatot jelent nekik, a csal\u00e1djuknak \u00e9s a t\u00e1rsadalomnak is &#8211; tette hozz\u00e1 Sania Nishtar.<br \/>\n    A bizotts\u00e1g jelent\u00e9s\u00e9ben t\u00f6bb aj\u00e1nl\u00e1st fogalmaz meg a korm\u00e1nyoknak, egyebek mellett, hogy t\u00e1mogass\u00e1k az eg\u00e9szs\u00e9ges \u00e9telek fogyaszt\u00e1s\u00e1t, a kora gyermekkori \u00e9s iskol\u00e1s kori eg\u00e9szs\u00e9ges \u00e9rtrendet, seg\u00edts\u00e9k el\u0151, hogy a gyermekek t\u00f6bbet mozogjanak, er\u0151s\u00edts\u00e9k meg a fogantat\u00e1s \u00e9s a terhess\u00e9g el\u0151tti ell\u00e1t\u00e1ssal kapcsolatos seg\u00edts\u00e9gny\u00fajt\u00e1st, valamint ny\u00fajtsanak csal\u00e1di alap\u00fa testt\u00f6meg-szab\u00e1lyoz\u00e1ssal kapcsolatos szolg\u00e1ltat\u00e1st az elh\u00edzott gyermekeknek.(MTI)<\/p>\n","protected":false},"excerpt":{"rendered":"<p>41 milli\u00f3 \u00f6t \u00e9v alatti gyermek t\u00fals\u00falyos vagy elh\u00edzott &#8211; olvashat\u00f3 az Eg\u00e9szs\u00e9g\u00fcgyi Vil\u00e1gszervezet (WHO) \u00e1ltal 2014-ben \u00e9letre h\u00edvott, a gyermekkori elh\u00edz\u00e1s megsz\u0171n\u00e9s\u00e9rt k\u00fczd\u0151 bizotts\u00e1g z\u00e1r\u00f3 jelent\u00e9s\u00e9ben, amely h\u00e9tf\u0151n jelent meg Genfben.<\/p>\n","protected":false},"author":1,"featured_media":0,"comment_status":"open","ping_status":"closed","sticky":false,"template":"","format":"standard","meta":[],"categories":[12],"tags":[],"_links":{"self":[{"href":"https:\/\/gazdasagportal.hu\/index.php\/wp-json\/wp\/v2\/posts\/73725"}],"collection":[{"href":"https:\/\/gazdasagportal.hu\/index.php\/wp-json\/wp\/v2\/posts"}],"about":[{"href":"https:\/\/gazdasagportal.hu\/index.php\/wp-json\/wp\/v2\/types\/post"}],"author":[{"embeddable":true,"href":"https:\/\/gazdasagportal.hu\/index.php\/wp-json\/wp\/v2\/users\/1"}],"replies":[{"embeddable":true,"href":"https:\/\/gazdasagportal.hu\/index.php\/wp-json\/wp\/v2\/comments?post=73725"}],"version-history":[{"count":1,"href":"https:\/\/gazdasagportal.hu\/index.php\/wp-json\/wp\/v2\/posts\/73725\/revisions"}],"predecessor-version":[{"id":73726,"href":"https:\/\/gazdasagportal.hu\/index.php\/wp-json\/wp\/v2\/posts\/73725\/revisions\/73726"}],"wp:attachment":[{"href":"https:\/\/gazdasagportal.hu\/index.php\/wp-json\/wp\/v2\/media?parent=73725"}],"wp:term":[{"taxonomy":"category","embeddable":true,"href":"https:\/\/gazdasagportal.hu\/index.php\/wp-json\/wp\/v2\/categories?post=73725"},{"taxonomy":"post_tag","embeddable":true,"href":"https:\/\/gazdasagportal.hu\/index.php\/wp-json\/wp\/v2\/tags?post=73725"}],"curies":[{"name":"wp","href":"https:\/\/api.w.org\/{rel}","templated":true}]}}