{"id":7364,"date":"2013-04-24T15:32:06","date_gmt":"2013-04-24T13:32:06","guid":{"rendered":"http:\/\/stockportal.hu\/?p=7364"},"modified":"2013-04-24T15:32:08","modified_gmt":"2013-04-24T13:32:08","slug":"magyarorszag-es-kina-a-hasznosithato-kutatoi-programokat-osztonzi","status":"publish","type":"post","link":"https:\/\/gazdasagportal.hu\/index.php\/magyarorszag-es-kina-a-hasznosithato-kutatoi-programokat-osztonzi\/","title":{"rendered":"Magyarorsz\u00e1g \u00e9s K\u00edna a hasznos\u00edthat\u00f3 kutat\u00f3i programokat \u00f6szt\u00f6nzi"},"content":{"rendered":"<p><strong>A piac pr\u00f3b\u00e1j\u00e1t is ki\u00e1ll\u00f3 kutat\u00e1si projektek finansz\u00edroz\u00e1s\u00e1t tartj\u00e1k hasznosnak a k\u00ednai \u00e9s magyar \u00e1gazati vezet\u0151k &#8211; hangzott el a k\u00ednai-magyar tudom\u00e1nyos \u00e9s technol\u00f3giai (T\u00e9T) vegyes bizotts\u00e1g \u00fcl\u00e9s\u00e9n Pekingben.<!--more--><\/strong><\/p>\n<p>A k\u00e9t\u00e9vente megtartott \u00fcl\u00e9sen csaknem negyven k\u00ednai-magyar k\u00f6z\u00f6s p\u00e1ly\u00e1zatr\u00f3l d\u00f6nt\u00f6ttek, s egy sor \u00faj elk\u00e9pzel\u00e9st vitattak meg a r\u00e9sztvev\u0151k &#8211; t\u00e1j\u00e9koztatta Kor\u00e1nyi L\u00e1szl\u00f3 a Nemzeti Innov\u00e1ci\u00f3s Hivatal (NIH) eln\u00f6khelyettese az MTI-t szerd\u00e1n Pekingben.<br \/>\nAz \u00fcl\u00e9sen \u00f6sszesen 59 olyan p\u00e1ly\u00e1zatr\u00f3l d\u00f6nt\u00f6ttek, amelynek k\u00f6z\u00f6s, k\u00ednai \u00e9s magyar p\u00e1ly\u00e1z\u00f3ja volt. K\u00f6z\u00fcl\u00fck 36-ot tartottak \u00e9rdemesnek a t\u00e1mogat\u00e1sra, kett\u0151s finansz\u00edroz\u00e1ssal. Magyar r\u00e9szr\u0151l a keret egymilli\u00f3 eur\u00f3 volt.<br \/>\nKor\u00e1nyi L\u00e1szl\u00f3 a p\u00e1ly\u00e1zat\u00f3kr\u00f3l sz\u00f3lva p\u00e9ldak\u00e9nt megeml\u00edtette a mez\u0151gazdas\u00e1gi nagy\u00fczemi halteny\u00e9szt\u00e9s k\u00e1ros hat\u00e1sainak cs\u00f6kkent\u00e9s\u00e9re, a sz\u00e9lturbin\u00e1k \u00faj kompozit anyagainak fejleszt\u00e9s\u00e9re, illetve a r\u00e1di\u00f3\u00e1tviteli rendszerekben a sorban \u00e1ll\u00e1si probl\u00e9m\u00e1k megold\u00e1s\u00e1ra ir\u00e1nyul\u00f3 kutat\u00e1si tervet.<br \/>\nElmondta, hogy a partnerint\u00e9zm\u00e9ny, vagyis a tudom\u00e1nyos \u00e9s technikai ter\u00fcletet fel\u00fcgyel\u0151 k\u00ednai miniszt\u00e9rium illet\u00e9keseivel elhat\u00e1rozt\u00e1k, hogy h\u00f3napokon bel\u00fcl ki\u00edrj\u00e1k a k\u00f6vetkez\u0151 p\u00e1ly\u00e1zati fordul\u00f3t, s folytatj\u00e1k a kutat\u00f3k cser\u00e9j\u00e9t.<br \/>\nKor\u00e1nyi L\u00e1szl\u00f3 k\u00f6z\u00f6lte, meg\u00e1llapodtak abban is, hogy a hagyom\u00e1nyos kutat\u00e1si egy\u00fcttm\u0171k\u00f6d\u00e9s mellett jobban t\u00e1mogatj\u00e1k az \u00fczleti hasznos\u00edt\u00e1s lehet\u0151s\u00e9geit is magukban hordoz\u00f3 kutat\u00e1sokat, azokat, amelyeknek az eredm\u00e9nyei bel\u00e1that\u00f3 id\u0151n bel\u00fcl piacra vihet\u0151k. \u00cdgy arra is t\u00f6rekednek, hogy adott esetben a protot\u00edpusok piaci bevezet\u00e9s\u00e9t a piacr\u00f3l is finansz\u00edrozz\u00e1k.<br \/>\nKor\u00e1nyi L\u00e1szl\u00f3 a k\u00ednai f\u0151v\u00e1rosban felvette a kapcsolatot a k\u00fclf\u00f6ldi szak\u00e9rt\u0151k \u00e1llami hivatal\u00e1val (SAFEA), ahol arr\u00f3l biztos\u00edtott\u00e1k, hogy sz\u00edvesen fogadn\u00e1nak nagyobb sz\u00e1mban magyar szak\u00e9rt\u0151ket. A hivatalnak mintegy negyven orsz\u00e1ggal van kapcsolata, Magyarorsz\u00e1gr\u00f3l \u00e9vente k\u00f6r\u00fclbel\u00fcl 30 szakembert is sz\u00edvesen l\u00e1tna, egy h\u00f3nap k\u00f6r\u00fcli id\u0151tartamra. A k\u00f6lts\u00e9geket a k\u00ednai f\u00e9l \u00e1lln\u00e1, Magyarorsz\u00e1gon pedig a NIH lesz az a partnerint\u00e9zm\u00e9ny, amely a k\u00f6zvet\u00edt\u00e9st \u00e9s a kapcsol\u00f3d\u00f3 feladatokat ell\u00e1tja.<br \/>\nAz eln\u00f6khelyettes fontosnak \u00edt\u00e9lte a meg\u00e1llapod\u00e1st, mert a szem\u00e9lyes sz\u00e1lak megalapozhatnak k\u00e9s\u0151bbi komolyabb egy\u00fcttm\u0171k\u00f6d\u00e9seket is. K\u00ednai r\u00e9szr\u0151l azt k\u00e9rt\u00e9k, hogy a NIH m\u00e9rje fel, melyek azok a ter\u00fcletek, int\u00e9zm\u00e9nyek, ahol ig\u00e9ny van k\u00ednai szak\u00e9rt\u0151k fogad\u00e1s\u00e1ra.<br \/>\nKor\u00e1nyi L\u00e1szl\u00f3 a h\u00e9t folyam\u00e1n Pekingben r\u00e9szt vesz \u00e9s el\u0151ad\u00e1st tart egy nemzetk\u00f6zi technol\u00f3giai transzfer konferenci\u00e1n, amelyen t\u00f6bb mint harminc orsz\u00e1g k\u00e9pviselteti mag\u00e1t h\u00e1romsz\u00e1z r\u00e9sztvev\u0151vel. K\u00ednai r\u00e9szr\u0151l t\u00f6bb ezer \u00e9rdekl\u0151d\u0151re sz\u00e1m\u00edtanak. (MTI)<\/p>\n","protected":false},"excerpt":{"rendered":"<p>A piac pr\u00f3b\u00e1j\u00e1t is ki\u00e1ll\u00f3 kutat\u00e1si projektek finansz\u00edroz\u00e1s\u00e1t tartj\u00e1k hasznosnak a k\u00ednai \u00e9s magyar \u00e1gazati vezet\u0151k &#8211; hangzott el a k\u00ednai-magyar tudom\u00e1nyos \u00e9s technol\u00f3giai (T\u00e9T) vegyes bizotts\u00e1g \u00fcl\u00e9s\u00e9n Pekingben.<\/p>\n","protected":false},"author":1,"featured_media":0,"comment_status":"open","ping_status":"closed","sticky":false,"template":"","format":"standard","meta":[],"categories":[19],"tags":[],"_links":{"self":[{"href":"https:\/\/gazdasagportal.hu\/index.php\/wp-json\/wp\/v2\/posts\/7364"}],"collection":[{"href":"https:\/\/gazdasagportal.hu\/index.php\/wp-json\/wp\/v2\/posts"}],"about":[{"href":"https:\/\/gazdasagportal.hu\/index.php\/wp-json\/wp\/v2\/types\/post"}],"author":[{"embeddable":true,"href":"https:\/\/gazdasagportal.hu\/index.php\/wp-json\/wp\/v2\/users\/1"}],"replies":[{"embeddable":true,"href":"https:\/\/gazdasagportal.hu\/index.php\/wp-json\/wp\/v2\/comments?post=7364"}],"version-history":[{"count":3,"href":"https:\/\/gazdasagportal.hu\/index.php\/wp-json\/wp\/v2\/posts\/7364\/revisions"}],"predecessor-version":[{"id":7366,"href":"https:\/\/gazdasagportal.hu\/index.php\/wp-json\/wp\/v2\/posts\/7364\/revisions\/7366"}],"wp:attachment":[{"href":"https:\/\/gazdasagportal.hu\/index.php\/wp-json\/wp\/v2\/media?parent=7364"}],"wp:term":[{"taxonomy":"category","embeddable":true,"href":"https:\/\/gazdasagportal.hu\/index.php\/wp-json\/wp\/v2\/categories?post=7364"},{"taxonomy":"post_tag","embeddable":true,"href":"https:\/\/gazdasagportal.hu\/index.php\/wp-json\/wp\/v2\/tags?post=7364"}],"curies":[{"name":"wp","href":"https:\/\/api.w.org\/{rel}","templated":true}]}}