{"id":73398,"date":"2016-01-17T08:11:24","date_gmt":"2016-01-17T07:11:24","guid":{"rendered":"http:\/\/gazdasagportal.hu\/?p=73398"},"modified":"2016-01-17T08:11:24","modified_gmt":"2016-01-17T07:11:24","slug":"illegalis-bevandorlas-bakondi-varhato-volt-hogy-ausztria-is-szigorit","status":"publish","type":"post","link":"https:\/\/gazdasagportal.hu\/index.php\/illegalis-bevandorlas-bakondi-varhato-volt-hogy-ausztria-is-szigorit\/","title":{"rendered":"Illeg\u00e1lis bev\u00e1ndorl\u00e1s &#8211; Bakondi: v\u00e1rhat\u00f3 volt, hogy Ausztria is szigor\u00edt"},"content":{"rendered":"<p><strong>V\u00e1rhat\u00f3 volt, hogy Ausztria is tesz valamit annak \u00e9rdek\u00e9ben, hogy a N\u00e9metorsz\u00e1g vagy a Skandin\u00e1v orsz\u00e1gok \u00e1ltal elutas\u00edtott migr\u00e1nsok ne juthassanak be az orsz\u00e1gba &#8211; mondta a minisztereln\u00f6k belbiztons\u00e1gi f\u0151tan\u00e1csad\u00f3ja az M1 aktu\u00e1lis csatorn\u00e1n szombat este.<\/strong><!--more--><\/p>\n<div class=\"ads-in-post1\"><div id=\"gazdasagportal.hu_fullbanner_wideboard\"><\/div>\r\n<\/div>\n<p>    Bakondi Gy\u00f6rgy Werner Faymann osztr\u00e1k kancell\u00e1r szombati nyilatkozat\u00e1ra reag\u00e1lt, amelyben a kancell\u00e1r azt mondta: Ausztria ideiglenesen hat\u00e1lyon k\u00edv\u00fcl helyezi a schengeni meg\u00e1llapod\u00e1st, minden menek\u00fcltet ellen\u0151riz a hat\u00e1ron, \u00e9s a gazdas\u00e1gi menek\u00fclteket elutas\u00edtja.<br \/>\n    A f\u0151tan\u00e1csad\u00f3 hozz\u00e1tette: m\u00e1r N\u00e9metorsz\u00e1g is megkezdte a hat\u00e1r\u00e1tl\u00e9p\u00e9s kontroll\u00e1l\u00e1s\u00e1t, sz\u00e1zas nagys\u00e1grendben k\u00fcldenek vissza migr\u00e1nsokat Ausztri\u00e1ba.<br \/>\n    Bakondi Gy\u00f6rgy eml\u00e9keztetett arra, hogy Magyarorsz\u00e1g \u00e1ll\u00e1spontja v\u00e9gig konzekvens volt a migr\u00e1nsv\u00e1ls\u00e1g kezel\u00e9s\u00e9ben. Tavaly is azt mondta, hogy t\u00f6meges, szervezett illeg\u00e1lis n\u00e9pv\u00e1ndorl\u00e1s indult el, amelyet a k\u00fcls\u0151 hat\u00e1rokon kell meg\u00e1ll\u00edtani. M\u00edg akkor m\u00e9g nem fogadt\u00e1k el ezt a v\u00e9lem\u00e9nyt Eur\u00f3pa-szerte, ma m\u00e1r Jean-Claude Juncker, az Eur\u00f3pai Bizotts\u00e1g eln\u00f6ke szerint is meg kell szigor\u00edtani az uni\u00f3 k\u00fcls\u0151 hat\u00e1rainak \u0151rizet\u00e9t &#8211; mondta.(MTI)<\/p>\n","protected":false},"excerpt":{"rendered":"<p>V\u00e1rhat\u00f3 volt, hogy Ausztria is tesz valamit annak \u00e9rdek\u00e9ben, hogy a N\u00e9metorsz\u00e1g vagy a Skandin\u00e1v orsz\u00e1gok \u00e1ltal elutas\u00edtott migr\u00e1nsok ne juthassanak be az orsz\u00e1gba &#8211; mondta a minisztereln\u00f6k belbiztons\u00e1gi f\u0151tan\u00e1csad\u00f3ja az M1 aktu\u00e1lis csatorn\u00e1n szombat este.<\/p>\n","protected":false},"author":1,"featured_media":0,"comment_status":"open","ping_status":"closed","sticky":false,"template":"","format":"standard","meta":[],"categories":[12],"tags":[],"_links":{"self":[{"href":"https:\/\/gazdasagportal.hu\/index.php\/wp-json\/wp\/v2\/posts\/73398"}],"collection":[{"href":"https:\/\/gazdasagportal.hu\/index.php\/wp-json\/wp\/v2\/posts"}],"about":[{"href":"https:\/\/gazdasagportal.hu\/index.php\/wp-json\/wp\/v2\/types\/post"}],"author":[{"embeddable":true,"href":"https:\/\/gazdasagportal.hu\/index.php\/wp-json\/wp\/v2\/users\/1"}],"replies":[{"embeddable":true,"href":"https:\/\/gazdasagportal.hu\/index.php\/wp-json\/wp\/v2\/comments?post=73398"}],"version-history":[{"count":1,"href":"https:\/\/gazdasagportal.hu\/index.php\/wp-json\/wp\/v2\/posts\/73398\/revisions"}],"predecessor-version":[{"id":73399,"href":"https:\/\/gazdasagportal.hu\/index.php\/wp-json\/wp\/v2\/posts\/73398\/revisions\/73399"}],"wp:attachment":[{"href":"https:\/\/gazdasagportal.hu\/index.php\/wp-json\/wp\/v2\/media?parent=73398"}],"wp:term":[{"taxonomy":"category","embeddable":true,"href":"https:\/\/gazdasagportal.hu\/index.php\/wp-json\/wp\/v2\/categories?post=73398"},{"taxonomy":"post_tag","embeddable":true,"href":"https:\/\/gazdasagportal.hu\/index.php\/wp-json\/wp\/v2\/tags?post=73398"}],"curies":[{"name":"wp","href":"https:\/\/api.w.org\/{rel}","templated":true}]}}